{"id":17360,"date":"2022-09-16T01:23:33","date_gmt":"2022-09-16T01:23:33","guid":{"rendered":"http:\/\/fmriachuelo.com.ar\/?p=17360"},"modified":"2025-02-26T15:45:26","modified_gmt":"2025-02-26T18:45:26","slug":"no-nos-han-vencido-la-lucha-continua","status":"publish","type":"post","link":"http:\/\/fmriachuelo.it10.com.ar\/index.php\/2022\/09\/16\/no-nos-han-vencido-la-lucha-continua\/","title":{"rendered":"\u201cNO NOS HAN VENCIDO, LA LUCHA CONTIN\u00daA\u201d"},"content":{"rendered":"<p><strong>[FM Riachuelo, 15\/04\/2022] El d\u00eda de ayer en la Comunidad de Aborigen de Tilquiza del Pueblo Ocloya, Provincia de Jujuy, durante una asamblea donde los hermanos debat\u00edan sobre los derechos de los pueblos originarios, se llev\u00f3 adelante un desalojo de manera violenta con un saldo 9 detenidos y adultos mayores y ni\u00f1os heridos. Los hermanos detenidos fueron liberados en horas de la noche.<\/strong><\/p>\n<p><img loading=\"lazy\" decoding=\"async\" class=\"size-medium wp-image-17362 alignleft\" src=\"http:\/\/fmriachuelo.com.ar\/wp-content\/uploads\/2022\/09\/WhatsApp-Image-2022-09-12-at-05.23.47-300x225.jpeg\" alt=\"\" width=\"300\" height=\"225\" srcset=\"http:\/\/fmriachuelo.it10.com.ar\/wp-content\/uploads\/2022\/09\/WhatsApp-Image-2022-09-12-at-05.23.47-300x225.jpeg 300w, http:\/\/fmriachuelo.it10.com.ar\/wp-content\/uploads\/2022\/09\/WhatsApp-Image-2022-09-12-at-05.23.47-1024x768.jpeg 1024w, http:\/\/fmriachuelo.it10.com.ar\/wp-content\/uploads\/2022\/09\/WhatsApp-Image-2022-09-12-at-05.23.47-768x576.jpeg 768w, http:\/\/fmriachuelo.it10.com.ar\/wp-content\/uploads\/2022\/09\/WhatsApp-Image-2022-09-12-at-05.23.47-750x563.jpeg 750w, http:\/\/fmriachuelo.it10.com.ar\/wp-content\/uploads\/2022\/09\/WhatsApp-Image-2022-09-12-at-05.23.47-1140x855.jpeg 1140w, http:\/\/fmriachuelo.it10.com.ar\/wp-content\/uploads\/2022\/09\/WhatsApp-Image-2022-09-12-at-05.23.47.jpeg 1280w\" sizes=\"auto, (max-width: 300px) 100vw, 300px\" \/>\u00a0En el programa matutino de la FM Riachuelo \u201cMateando en el Riachuelo\u201d, se entrevist\u00f3 a N\u00e9stor Jer\u00e9z, Cacique del Pueblo Ocloya y uno de los hermanos detenidos. En el marco de una embestida contra las comunidades originarias por parte del Gobierno de la Provincia de Jujuy, con su primer responsable a cargo Gerardo Morales, N\u00e9stor declaraba: \u201cHemos padecido un nuevo acto discriminatorio y violatorio de los derechos constitucional, los Derechos Humanos y de la ley 26.160 (\u2026) Este acto arbitrario de despojo de la provincia de Jujuy a cargo del ayudante de fiscal Dr. Iv\u00e1n Monaldi Pancich, por indicaciones y directivas del fiscal Alejandro Maldonado. Ellos son quienes han llevado este desalojo arbitrario, dejando en evidencia sin orden judicial a la violencia institucional. La paz social, que pregona el gobernador, queda claro que es para los usurpadores de territorios ancestrales.\u00bb<\/p>\n<p>El hermano tambi\u00e9n destac\u00f3 que dicha comunidad se encuentra ubicada, registrada e inscripta como territorio comunitario bajo la ley de \u201crelevamiento territorial ind\u00edgena\u201d (26.160). Ese lugar hace una d\u00e9cada se encuentra en litigio entre la Comunidad y el empresario maderero Enrique Daniel Verzini. Es as\u00ed que N\u00e9stor analiza:<strong> \u201c<\/strong>Es claro como el poder opera con la complicidad de los diferentes gobiernos y poderes judiciales en este caso, donde lo que buscan es profundizar el negocio, el saqueo de los territorios y los bienes naturales a trav\u00e9s de los negocios inmobiliarios madereros, tur\u00edsticos, de litio, minero.\u201d<\/p>\n<p><img loading=\"lazy\" decoding=\"async\" class=\"size-medium wp-image-17364 alignright\" src=\"http:\/\/fmriachuelo.com.ar\/wp-content\/uploads\/2022\/09\/WhatsApp-Image-2022-09-13-at-08.34.36-300x135.jpeg\" alt=\"\" width=\"300\" height=\"135\" srcset=\"http:\/\/fmriachuelo.it10.com.ar\/wp-content\/uploads\/2022\/09\/WhatsApp-Image-2022-09-13-at-08.34.36-300x135.jpeg 300w, http:\/\/fmriachuelo.it10.com.ar\/wp-content\/uploads\/2022\/09\/WhatsApp-Image-2022-09-13-at-08.34.36-1024x461.jpeg 1024w, http:\/\/fmriachuelo.it10.com.ar\/wp-content\/uploads\/2022\/09\/WhatsApp-Image-2022-09-13-at-08.34.36-768x346.jpeg 768w, http:\/\/fmriachuelo.it10.com.ar\/wp-content\/uploads\/2022\/09\/WhatsApp-Image-2022-09-13-at-08.34.36-750x338.jpeg 750w, http:\/\/fmriachuelo.it10.com.ar\/wp-content\/uploads\/2022\/09\/WhatsApp-Image-2022-09-13-at-08.34.36-1140x513.jpeg 1140w, http:\/\/fmriachuelo.it10.com.ar\/wp-content\/uploads\/2022\/09\/WhatsApp-Image-2022-09-13-at-08.34.36.jpeg 1280w\" sizes=\"auto, (max-width: 300px) 100vw, 300px\" \/><\/p>\n<p>M\u00e1s que nunca el rol de los Pueblos Originarios se destaca frente al avance del poder f\u00e1ctico: \u201cPara eso necesitan despojar a las comunidades ind\u00edgenas preexistentes, que hemos estado desde siempre en esos lugares estrat\u00e9gicos como guardianes naturales con la plena conciencia de que estos elementos son la garant\u00eda de vida no solamente de los pueblos ind\u00edgenas sino de toda la humanidad. Hoy est\u00e1 claro que vienen por todo, y esta es una clara muestra, lo que nos ha tocado vivir a nosotros\u201d<\/p>\n<p>Aunque la lucha que se lleva adelante en los territorios ancestrales presenta muchas complejidades y amedrentamientos, los hermanos recuperan y retoman el hilo hist\u00f3rico de resistencia de sus antepasados. No bajan los brazos y reencarnan el esp\u00edritu de sus ca\u00eddos en la pelea cotidiana: \u00abNo nos han vencido. La lucha contin\u00faa porque el territorio no se negocia. Es parte de nuestra identidad y de nuestra vida\u00bb.<\/p>\n<p>&nbsp;<\/p>\n<p><a href=\"https:\/\/ar.radiocut.fm\/audiocut\/nestor-jerez-no-nos-han-vencido-lucha-continua\/\">Pod\u00e9s escuchar la nota completa ac\u00e1<\/a><\/p>\n","protected":false},"excerpt":{"rendered":"<p>[FM Riachuelo, 15\/04\/2022] El d\u00eda de ayer en la Comunidad de Aborigen de Tilquiza del Pueblo Ocloya, Provincia de Jujuy, durante una asamblea donde los hermanos debat\u00edan sobre los derechos de los pueblos originarios, se llev\u00f3 adelante un desalojo de manera violenta con un saldo 9 detenidos y adultos mayores y ni\u00f1os heridos. Los hermanos [&hellip;]<\/p>\n","protected":false},"author":5,"featured_media":17361,"comment_status":"closed","ping_status":"closed","sticky":false,"template":"","format":"standard","meta":{"_monsterinsights_skip_tracking":false,"_monsterinsights_sitenote_active":false,"_monsterinsights_sitenote_note":"","_monsterinsights_sitenote_category":0,"jnews-multi-image_gallery":[],"jnews_single_post":{"format":"standard"},"jnews_primary_category":[],"_joinchat":[],"footnotes":""},"categories":[58],"tags":[147,157],"class_list":["post-17360","post","type-post","status-publish","format-standard","has-post-thumbnail","hentry","category-noticiariachuelo","tag-habitat","tag-nadie-se-salva-solo"],"_links":{"self":[{"href":"http:\/\/fmriachuelo.it10.com.ar\/index.php\/wp-json\/wp\/v2\/posts\/17360","targetHints":{"allow":["GET"]}}],"collection":[{"href":"http:\/\/fmriachuelo.it10.com.ar\/index.php\/wp-json\/wp\/v2\/posts"}],"about":[{"href":"http:\/\/fmriachuelo.it10.com.ar\/index.php\/wp-json\/wp\/v2\/types\/post"}],"author":[{"embeddable":true,"href":"http:\/\/fmriachuelo.it10.com.ar\/index.php\/wp-json\/wp\/v2\/users\/5"}],"replies":[{"embeddable":true,"href":"http:\/\/fmriachuelo.it10.com.ar\/index.php\/wp-json\/wp\/v2\/comments?post=17360"}],"version-history":[{"count":1,"href":"http:\/\/fmriachuelo.it10.com.ar\/index.php\/wp-json\/wp\/v2\/posts\/17360\/revisions"}],"predecessor-version":[{"id":22145,"href":"http:\/\/fmriachuelo.it10.com.ar\/index.php\/wp-json\/wp\/v2\/posts\/17360\/revisions\/22145"}],"wp:featuredmedia":[{"embeddable":true,"href":"http:\/\/fmriachuelo.it10.com.ar\/index.php\/wp-json\/wp\/v2\/media\/17361"}],"wp:attachment":[{"href":"http:\/\/fmriachuelo.it10.com.ar\/index.php\/wp-json\/wp\/v2\/media?parent=17360"}],"wp:term":[{"taxonomy":"category","embeddable":true,"href":"http:\/\/fmriachuelo.it10.com.ar\/index.php\/wp-json\/wp\/v2\/categories?post=17360"},{"taxonomy":"post_tag","embeddable":true,"href":"http:\/\/fmriachuelo.it10.com.ar\/index.php\/wp-json\/wp\/v2\/tags?post=17360"}],"curies":[{"name":"wp","href":"https:\/\/api.w.org\/{rel}","templated":true}]}}