{"id":1736,"date":"2015-09-27T18:51:00","date_gmt":"2015-09-27T18:51:00","guid":{"rendered":"http:\/\/fmriachuelo.observatorioess.org.ar\/index.php\/2015\/09\/27\/bolivia-el-congreso-aprobo-la-posibilidad-de-reeleccion-del-presidente\/"},"modified":"2015-09-27T18:51:00","modified_gmt":"2015-09-27T18:51:00","slug":"bolivia-el-congreso-aprobo-la-posibilidad-de-reeleccion-del-presidente","status":"publish","type":"post","link":"http:\/\/fmriachuelo.it10.com.ar\/index.php\/2015\/09\/27\/bolivia-el-congreso-aprobo-la-posibilidad-de-reeleccion-del-presidente\/","title":{"rendered":"BOLIVIA: EL CONGRESO APROB\u00d3 LA POSIBILIDAD DE REELECCI\u00d3N DEL PRESIDENTE"},"content":{"rendered":"<p><span style=\"color: red;font-family: Verdana, sans-serif;font-size: large\"><b>CONSTITUCIONAL<\/b><\/span><br \/><span style=\"font-family: Verdana, sans-serif\">EL CONGRESO BOLIVIANO APROB\u00d3 LA REFORMA CONSTITUCIONAL Y LA CIUDADAN\u00cdA DECIDIR\u00c1 EN UN REFER\u00c9NDUM LA REELECCI\u00d3N DE EVO MORALES EN 2019<\/span><\/p>\n<div>\n<div style=\"clear: both;text-align: center\"><a href=\"http:\/\/2.bp.blogspot.com\/-59-RIfU3sfM\/Vgg5W1mRO2I\/AAAAAAAAGlU\/oRHRqwqSd7I\/s1600\/evom630lb.jpg\" style=\"clear: left;float: left;margin-bottom: 1em;margin-right: 1em\"><img loading=\"lazy\" decoding=\"async\" border=\"0\" height=\"146\" src=\"http:\/\/2.bp.blogspot.com\/-59-RIfU3sfM\/Vgg5W1mRO2I\/AAAAAAAAGlU\/oRHRqwqSd7I\/s200\/evom630lb.jpg\" width=\"200\" \/><\/a><\/div>\n<div style=\"text-align: justify\"><span style=\"font-family: Verdana, sans-serif\">[Nodal, 27\/9\/15] Con 113 votos a favor el Congreso boliviano habilit\u00f3 este s\u00e1bado al presidente Evo Morales para repostularse a una nueva elecci\u00f3n presidencial.<\/span><br \/><a name='more'><\/a><span style=\"font-family: Verdana, sans-serif\">El Congreso de Bolivia habilit\u00f3 este s\u00e1bado al mandatario Evo Morales para una nueva elecci\u00f3n presidencial, a trav\u00e9s de una reforma parcial a la Carta Magna que ser\u00e1 sometida a referendo en febrero de 2016.<\/span><\/div>\n<div style=\"text-align: justify\"><span style=\"font-family: Verdana, sans-serif\">Esta reforma parcial a la Constituci\u00f3n boliviana fue aprobada con 113 votos a favor del total de 157 sitios en el Congreso, en una sesi\u00f3n que dur\u00f3 dieciocho horas. Con esta modificaci\u00f3n el mandatario podr\u00eda postularse para la reelecci\u00f3n presidencial por dos veces de forma continua.<\/span><\/div>\n<div style=\"text-align: justify\"><span style=\"font-family: Verdana, sans-serif\"><\/span><br \/><span style=\"font-family: Verdana, sans-serif\"><\/span><\/div>\n<div style=\"text-align: justify\"><span style=\"font-family: Verdana, sans-serif\">\u201cEl primer per\u00edodo constitucional, en aplicaci\u00f3n de la nueva Constituci\u00f3n (\u2026), fue el comprendido entre 2010 y 2015. La primera reelecci\u00f3n es la que corresponde al per\u00edodo 2015-2020 y la segunda reelecci\u00f3n constitucional ser\u00eda la correspondiente al per\u00edodo 2020-2025\u201d, especific\u00f3 el punto relativo a la postulaci\u00f3n presidencial.<\/span><\/div>\n<div style=\"text-align: justify\"><span style=\"font-family: Verdana, sans-serif\"><\/span><\/div>\n<div style=\"text-align: justify\"><span style=\"font-family: Verdana, sans-serif\">De ganar las elecciones previstas para 2019, Morales se convertir\u00eda en uno de los presidentes m\u00e1s antiguos de Bolivia y tambi\u00e9n de la regi\u00f3n sudamericana.<\/span><\/div>\n<div style=\"text-align: justify\"><span style=\"font-family: Verdana, sans-serif\"><br \/><\/span><\/div>\n<div style=\"text-align: justify\"><b><span style=\"font-family: Verdana, sans-serif\">En contexto<\/span><\/b><\/div>\n<div style=\"text-align: justify\"><span style=\"font-family: Verdana, sans-serif\"><\/span><\/div>\n<div style=\"text-align: justify\"><span style=\"font-family: Verdana, sans-serif\">Esta reforma ocurre tras la solicitud realizada por la Central Obrera Boliviana (COB) y otros movimientos sociales del pa\u00eds ante el Parlamento de esa naci\u00f3n para que se modifique la Constituci\u00f3n y se permita su reelecci\u00f3n.<\/span><\/div>\n<div style=\"text-align: justify\"><span style=\"font-family: Verdana, sans-serif\"><\/span><\/div>\n<div style=\"text-align: justify\"><span style=\"font-family: Verdana, sans-serif\">\u201cS\u00e9 tomar decisiones escuchando al pueblo\u201d, dijo Morales en torno a esta petici\u00f3n y agreg\u00f3 que a pesar de no ser \u201cinsustituible\u201d, su gesti\u00f3n \u201cgenera consenso, amistad, confianza. M\u00e1s que liderazgo es confianza\u201d. Afirm\u00f3 que no se trata de una auto proclamaci\u00f3n \u201cpara ser reelegido\u201d, sino que \u201cha habido una petici\u00f3n por unanimidad de la central obrera. Eso nunca se vio en Bolivia\u201d.<\/span><\/div>\n<div style=\"text-align: justify\"><span style=\"font-family: Verdana, sans-serif\"><\/span><\/div>\n<div style=\"text-align: justify\"><span style=\"font-family: Verdana, sans-serif\">Evo Morales asumi\u00f3 como presidente de Bolivia en 2006 y en 2010, luego de la aprobaci\u00f3n de una nueva Constituci\u00f3n y se convirti\u00f3 en el primer presidente del Estado Plurinacional con opci\u00f3n a un segundo y \u00faltimo mandato, iniciado en enero de este a\u00f1o.<\/span><\/div>\n<div style=\"text-align: justify\"><span style=\"font-family: Verdana, sans-serif\"><\/span><\/div>\n<div style=\"text-align: justify\"><span style=\"font-family: Verdana, sans-serif\">Para aspirar a un nuevo periodo es necesario modificar la Constituci\u00f3n, lo cual implica para su aprobaci\u00f3n un referendo o consulta a la poblaci\u00f3n.<\/span><br \/><span style=\"font-family: Verdana, sans-serif\"><span style=\"font-size: x-small\"><span style=\"color: #0b5394\"><b>PRODUCCI\u00d3N RIACHUELO <\/b><\/span><\/span><\/span><\/div>\n<\/div>\n","protected":false},"excerpt":{"rendered":"<p>CONSTITUCIONALEL CONGRESO BOLIVIANO APROB\u00d3 LA REFORMA CONSTITUCIONAL Y LA CIUDADAN\u00cdA DECIDIR\u00c1 EN UN REFER\u00c9NDUM LA REELECCI\u00d3N DE EVO MORALES EN 2019 [Nodal, 27\/9\/15] Con 113 votos a favor el Congreso boliviano habilit\u00f3 este s\u00e1bado al presidente Evo Morales para repostularse a una nueva elecci\u00f3n presidencial.El Congreso de Bolivia habilit\u00f3 este s\u00e1bado al mandatario Evo Morales [&hellip;]<\/p>\n","protected":false},"author":4,"featured_media":0,"comment_status":"open","ping_status":"open","sticky":false,"template":"","format":"standard","meta":{"_monsterinsights_skip_tracking":false,"_monsterinsights_sitenote_active":false,"_monsterinsights_sitenote_note":"","_monsterinsights_sitenote_category":0,"jnews-multi-image_gallery":[],"jnews_single_post":[],"jnews_primary_category":[],"_joinchat":[],"footnotes":""},"categories":[1],"tags":[],"class_list":["post-1736","post","type-post","status-publish","format-standard","hentry","category-habitat"],"_links":{"self":[{"href":"http:\/\/fmriachuelo.it10.com.ar\/index.php\/wp-json\/wp\/v2\/posts\/1736","targetHints":{"allow":["GET"]}}],"collection":[{"href":"http:\/\/fmriachuelo.it10.com.ar\/index.php\/wp-json\/wp\/v2\/posts"}],"about":[{"href":"http:\/\/fmriachuelo.it10.com.ar\/index.php\/wp-json\/wp\/v2\/types\/post"}],"author":[{"embeddable":true,"href":"http:\/\/fmriachuelo.it10.com.ar\/index.php\/wp-json\/wp\/v2\/users\/4"}],"replies":[{"embeddable":true,"href":"http:\/\/fmriachuelo.it10.com.ar\/index.php\/wp-json\/wp\/v2\/comments?post=1736"}],"version-history":[{"count":0,"href":"http:\/\/fmriachuelo.it10.com.ar\/index.php\/wp-json\/wp\/v2\/posts\/1736\/revisions"}],"wp:attachment":[{"href":"http:\/\/fmriachuelo.it10.com.ar\/index.php\/wp-json\/wp\/v2\/media?parent=1736"}],"wp:term":[{"taxonomy":"category","embeddable":true,"href":"http:\/\/fmriachuelo.it10.com.ar\/index.php\/wp-json\/wp\/v2\/categories?post=1736"},{"taxonomy":"post_tag","embeddable":true,"href":"http:\/\/fmriachuelo.it10.com.ar\/index.php\/wp-json\/wp\/v2\/tags?post=1736"}],"curies":[{"name":"wp","href":"https:\/\/api.w.org\/{rel}","templated":true}]}}