{"id":1735,"date":"2015-09-27T19:01:00","date_gmt":"2015-09-27T19:01:00","guid":{"rendered":"http:\/\/fmriachuelo.observatorioess.org.ar\/index.php\/2015\/09\/27\/uruguay-represion-policial-desata-una-ola-de-protestas\/"},"modified":"2015-09-27T19:01:00","modified_gmt":"2015-09-27T19:01:00","slug":"uruguay-represion-policial-desata-una-ola-de-protestas","status":"publish","type":"post","link":"http:\/\/fmriachuelo.it10.com.ar\/index.php\/2015\/09\/27\/uruguay-represion-policial-desata-una-ola-de-protestas\/","title":{"rendered":"URUGUAY: REPRESI\u00d3N POLICIAL DESATA UNA OLA DE PROTESTAS"},"content":{"rendered":"<div style=\"text-align: left\"><span style=\"color: red;font-family: Verdana, sans-serif;font-size: large\"><b>RECHAZO DEL AJUSTE EN LA EDUCACI\u00d3N P\u00daBLICA<\/b><\/span><\/div>\n<div style=\"text-align: left\"><span style=\"font-family: Verdana, sans-serif\">NUEVA MARCHA ESTUDIANTIL Y PARO DOCENTE POR REPRESI\u00d3N POLICIAL A SECUNDARIOS<\/span><\/div>\n<div>\n<div style=\"clear: both;text-align: center\"><a href=\"http:\/\/4.bp.blogspot.com\/-VDU4TyOISCw\/Vgg7LI7UsCI\/AAAAAAAAGlc\/7d5qSA2EMaE\/s1600\/uruguay.jpg\" style=\"clear: left;float: left;margin-bottom: 1em;margin-right: 1em\"><img loading=\"lazy\" decoding=\"async\" border=\"0\" height=\"115\" src=\"http:\/\/4.bp.blogspot.com\/-VDU4TyOISCw\/Vgg7LI7UsCI\/AAAAAAAAGlc\/7d5qSA2EMaE\/s200\/uruguay.jpg\" width=\"200\" \/><\/a><\/div>\n<div style=\"text-align: justify\"><span style=\"font-family: Verdana, sans-serif\">[Nodal] Sindicatos de estudiantes de Secundaria y de facultades realizaron este jueves una marcha desde la Universidad de la Rep\u00fablica hasta la sede del Consejo Directivo Central de la Administraci\u00f3n Nacional de Educaci\u00f3n P\u00fablica (ANEP) <\/span><br \/><a name='more'><\/a><span style=\"font-family: Verdana, sans-serif\">en rechazo a los \u201chechos de violencia\u201d del pasado martes y en reclamo del 6% del Producto Bruto Interno (PBI) para la educaci\u00f3n.<\/span><\/div>\n<p><span style=\"font-family: Verdana, sans-serif\"><\/span><span style=\"font-family: Verdana, sans-serif\"><\/span><\/p>\n<div style=\"text-align: justify\"><span style=\"font-family: Verdana, sans-serif\">La Federaci\u00f3n de Estudiantes Universitarios (FEUU) y gremios liceales realizaron una marcha este jueves por la avenida 18 de julio. La manifestaci\u00f3n parti\u00f3 desde la sede de la Universidad de la Rep\u00fablica y culmin\u00f3 frente al CODICEN&nbsp;(Consejo Directivo Central de la Administraci\u00f3n Nacional de Educaci\u00f3n P\u00fablica)<\/span><\/div>\n<div style=\"text-align: justify\"><\/div>\n<p><span style=\"font-family: Verdana, sans-serif\"><\/span><\/p>\n<div style=\"text-align: justify\"><span style=\"font-family: Verdana, sans-serif\">Los estudiantes protestaron contra el desalojo del pasado martes de la sede del CODICEN y los hechos de violencia que se registraron en la calle y que tuvo como corolario varios heridos y la detenci\u00f3n de una docena de personas.<\/span><\/div>\n<p><span style=\"font-family: Verdana, sans-serif\"> <\/span><\/p>\n<div style=\"text-align: justify\"><span style=\"font-family: Verdana, sans-serif\">Tambi\u00e9n reclamaron a las autoridades que se destine un 6% del PBI para la educaci\u00f3n, antes de culminar el periodo de gobierno.<\/span><\/div>\n<p><span style=\"font-family: Verdana, sans-serif\"><\/span><\/p>\n<div style=\"text-align: justify\"><span style=\"font-family: Verdana, sans-serif\"><br \/><\/span><\/div>\n<p><span style=\"font-family: Verdana, sans-serif\"><\/span><\/p>\n<div style=\"text-align: justify\"><span style=\"font-family: Verdana, sans-serif\"><b>Repudio<\/b><\/span><\/div>\n<p><span style=\"font-family: Verdana, sans-serif\"><\/span><\/p>\n<div style=\"text-align: justify\"><span style=\"font-family: Verdana, sans-serif\">La FEUU emiti\u00f3 un comunicado a trav\u00e9s del cual se repudia la \u201csistem\u00e1tica criminalizaci\u00f3n de la protesta impulsada por el gobierno y orquestada por los medios masivos de comunicaci\u00f3n que, de manera c\u00f3mplice, tergiversan los discursos para deslegitimar la lucha del movimiento estudiantil por una educaci\u00f3n digna para los uruguayos\u201d.<\/span><\/div>\n<p><span style=\"font-family: Verdana, sans-serif\"><\/p>\n<div style=\"text-align: justify\">Por su parte, el Secretariado Ejecutivo del PIT-CNT emiti\u00f3 un comunicado sobre la desocupaci\u00f3n del local del CODICEN, en el cual expresa su \u201cm\u00e1s en\u00e9rgico rechazo al desalojo y al procedimiento policial desarrollado en horas de la noche, configurando la represi\u00f3n de p\u00fablico conocimiento\u201d.<\/div>\n<div style=\"text-align: justify\">Por otro lado, la central sindical expresa que toma \u201cdistancia de algunas metodolog\u00edas de decir desde peque\u00f1os grupos que, desde fuera de las organizaciones populares de masas, act\u00faan bajo la premisa del \u2018cuanto peor mejor\u2019 y que escud\u00e1ndose en los estudiantes construyen diversos escenarios de provocaci\u00f3n\u201d.<\/div>\n<div style=\"text-align: justify\">El PIT-CNT tambi\u00e9n considera que el desarrollo nacional y los objetivo de la \u201ceducaci\u00f3n popular, requieren un gran movimiento nacional por la educaci\u00f3n del pueblo que comprenda a las grandes mayor\u00edas nacionales, que son las que definen la historia\u201d.<\/div>\n<div style=\"text-align: justify\">En ese marco, el movimiento sindical \u201cle da una vital importancia la unidad obrero-estudiantil\u201d.<\/div>\n<div style=\"text-align: justify\"><\/div>\n<div style=\"text-align: justify\"><b>La Red 21<\/b><\/div>\n<div style=\"text-align: justify\">Hoy sigue el paro en la educaci\u00f3n publica. Las complicaciones en la educaci\u00f3n p\u00fablica contin\u00faan, y a\u00fan no parece haber soluci\u00f3n. En ese contexto, el sindicato de docentes de Secundaria de Montevideo (ADES) seguir\u00e1 hoy con el paro de 48 horas que iniciaran ayer.<\/div>\n<div style=\"text-align: justify\">A estos se suman la Asociaci\u00f3n de Trabajadores de Ense\u00f1anza Secundaria (ATES) y la Asociaci\u00f3n de Funcionarios de la UTU (Afutu), que incluye a los docentes.<\/div>\n<div style=\"text-align: justify\">Dependiendo del acatamiento que haya, estos nuevos paros afectar\u00e1n las clases en liceos y en los centros de ense\u00f1anza de UTU de la capital y de Canelones.<\/div>\n<div style=\"text-align: justify\">Al cierre de esta edici\u00f3n, los maestros de Montevideo, nucleados en Ademu, continuaban con una asamblea, en la que defin\u00edan si paraban hoy o no.<\/div>\n<div style=\"text-align: justify\">La medida se adopta en rechazo al accionar de la Polic\u00eda en el desalojo del edificio del Codicen, el martes de noche.<\/div>\n<div style=\"text-align: justify\">En ese marco, en la tarde de ayer, los trabajadores de Secundaria, y los funcionarios y docentes de UTU efectuaron actos sobre la Av. 18 de Julio, y marcharon hasta la Torre Ejecutiva y hasta el Codicen, el que estaba fuertemente rodeado.<\/div>\n<div style=\"text-align: justify\">Tambi\u00e9n hubo integrantes de la Plenaria Memoria y Justicia, y del sindicato del taxi (Suatt). Hubo cantos contra el gobierno y pintadas.<\/div>\n<div style=\"text-align: justify\">A la misma hora, se efectu\u00f3 una marcha de los estudiantes de la Universidad de la Rep\u00fablica entre la explanada de la UdelaR y la Plaza Independencia, a la que se le sumaron estudiantes de Secundaria, entre otros.<\/div>\n<div style=\"text-align: justify\">Paralelamente, los funcionarios de la UdelaR, nucleados en Affur, tambi\u00e9n repudiaron lo sucedido en el Codicen a trav\u00e9s de un comunicado.<\/div>\n<div style=\"text-align: justify\">Cabe destacar que estudiantes de los liceos N\u00b01 y N\u00b07 de Rivera ocuparon ayer ambos centros en protesta por lo sucedido en el Codicen y para reclamar el 6% para la educaci\u00f3n p\u00fablica.<\/div>\n<div style=\"text-align: justify\"><span style=\"font-family: Verdana, sans-serif\"><span style=\"color: #0b5394\"><span style=\"font-size: x-small\"><b>PRODUCCI\u00d3N RIACHUELO <\/b><\/span><\/span><\/span><\/div>\n<p><\/span><\/div>\n","protected":false},"excerpt":{"rendered":"<p>RECHAZO DEL AJUSTE EN LA EDUCACI\u00d3N P\u00daBLICA NUEVA MARCHA ESTUDIANTIL Y PARO DOCENTE POR REPRESI\u00d3N POLICIAL A SECUNDARIOS [Nodal] Sindicatos de estudiantes de Secundaria y de facultades realizaron este jueves una marcha desde la Universidad de la Rep\u00fablica hasta la sede del Consejo Directivo Central de la Administraci\u00f3n Nacional de Educaci\u00f3n P\u00fablica (ANEP) en rechazo [&hellip;]<\/p>\n","protected":false},"author":4,"featured_media":0,"comment_status":"open","ping_status":"open","sticky":false,"template":"","format":"standard","meta":{"_monsterinsights_skip_tracking":false,"_monsterinsights_sitenote_active":false,"_monsterinsights_sitenote_note":"","_monsterinsights_sitenote_category":0,"jnews-multi-image_gallery":[],"jnews_single_post":[],"jnews_primary_category":[],"_joinchat":[],"footnotes":""},"categories":[1],"tags":[],"class_list":["post-1735","post","type-post","status-publish","format-standard","hentry","category-habitat"],"_links":{"self":[{"href":"http:\/\/fmriachuelo.it10.com.ar\/index.php\/wp-json\/wp\/v2\/posts\/1735","targetHints":{"allow":["GET"]}}],"collection":[{"href":"http:\/\/fmriachuelo.it10.com.ar\/index.php\/wp-json\/wp\/v2\/posts"}],"about":[{"href":"http:\/\/fmriachuelo.it10.com.ar\/index.php\/wp-json\/wp\/v2\/types\/post"}],"author":[{"embeddable":true,"href":"http:\/\/fmriachuelo.it10.com.ar\/index.php\/wp-json\/wp\/v2\/users\/4"}],"replies":[{"embeddable":true,"href":"http:\/\/fmriachuelo.it10.com.ar\/index.php\/wp-json\/wp\/v2\/comments?post=1735"}],"version-history":[{"count":0,"href":"http:\/\/fmriachuelo.it10.com.ar\/index.php\/wp-json\/wp\/v2\/posts\/1735\/revisions"}],"wp:attachment":[{"href":"http:\/\/fmriachuelo.it10.com.ar\/index.php\/wp-json\/wp\/v2\/media?parent=1735"}],"wp:term":[{"taxonomy":"category","embeddable":true,"href":"http:\/\/fmriachuelo.it10.com.ar\/index.php\/wp-json\/wp\/v2\/categories?post=1735"},{"taxonomy":"post_tag","embeddable":true,"href":"http:\/\/fmriachuelo.it10.com.ar\/index.php\/wp-json\/wp\/v2\/tags?post=1735"}],"curies":[{"name":"wp","href":"https:\/\/api.w.org\/{rel}","templated":true}]}}