{"id":1733,"date":"2015-09-28T13:55:00","date_gmt":"2015-09-28T13:55:00","guid":{"rendered":"http:\/\/fmriachuelo.observatorioess.org.ar\/index.php\/2015\/09\/28\/dia-de-lucha-por-el-derecho-al-aborto\/"},"modified":"2015-09-28T13:55:00","modified_gmt":"2015-09-28T13:55:00","slug":"dia-de-lucha-por-el-derecho-al-aborto","status":"publish","type":"post","link":"http:\/\/fmriachuelo.it10.com.ar\/index.php\/2015\/09\/28\/dia-de-lucha-por-el-derecho-al-aborto\/","title":{"rendered":"D\u00cdA DE LUCHA POR EL DERECHO AL ABORTO"},"content":{"rendered":"<p><span style=\"color: red;font-family: Verdana, sans-serif;font-size: large\"><b>NO MAS MUERTES: LEGAL, SEGURO Y GRATUITO&nbsp;<\/b><\/span><\/p>\n<div><span style=\"font-family: Verdana,sans-serif\">EN AM\u00c9RICA LATINA Y EL CARIBE<\/span><\/div>\n<div style=\"clear: both;text-align: center\"><a href=\"http:\/\/1.bp.blogspot.com\/-DxXUreP0XHM\/VglGKxaPE0I\/AAAAAAAAGp8\/dApTyMwomhc\/s1600\/aborto.jpg\" style=\"clear: left;float: left;margin-bottom: 1em;margin-right: 1em\"><img loading=\"lazy\" decoding=\"async\" border=\"0\" height=\"143\" src=\"http:\/\/1.bp.blogspot.com\/-DxXUreP0XHM\/VglGKxaPE0I\/AAAAAAAAGp8\/dApTyMwomhc\/s200\/aborto.jpg\" width=\"200\" \/><\/a><\/div>\n<div style=\"text-align: justify\"><span style=\"font-family: Verdana, sans-serif\">Hoy, lunes 28 de septiembre, a las 16.30 se realizar\u00e1 una concentraci\u00f3n frente al Congreso de la Naci\u00f3n, convocada por la Campa\u00f1a Nacional por el Derecho al Aborto Legal, Seguro y Gratuito en el D\u00eda de Lucha por el Derecho al Aborto en Am\u00e9rica Latina y el Caribe.<\/span><br \/><a name='more'><\/a><span style=\"font-family: Verdana, sans-serif\"> Desde hace 10 a\u00f1os la Campa\u00f1a trabaja en Argentina en torno a la legalizaci\u00f3n del aborto, bajo la consigna: <span style=\"color: red\"><b>Educaci\u00f3n Sexual para Decidir, Anticonceptivos para no abortar, Aborto Legal para no morir.<\/b><\/span><\/span><\/div>\n<p><span style=\"font-family: Verdana, sans-serif\"><\/span><\/p>\n<div style=\"text-align: justify\"><span style=\"font-family: Verdana, sans-serif\">Reproducimos:<\/span><\/div>\n<p><span style=\"font-family: Verdana, sans-serif\"><\/span><\/p>\n<div style=\"text-align: justify\"><span style=\"font-family: Verdana, sans-serif\">28 de Septiembre<\/span><\/div>\n<p><span style=\"font-family: Verdana, sans-serif\"><\/p>\n<div style=\"text-align: justify\">D\u00eda de Lucha por el Derecho al Aborto en Am\u00e9rica Latina y el Caribe.<\/div>\n<div style=\"text-align: justify\"><\/div>\n<div style=\"text-align: justify\">A 25 a\u00f1os del Encuentro Feminista de San Bernardo seguimos sumando voces por el Aborto Legal!<\/div>\n<div style=\"text-align: justify\"><\/div>\n<div style=\"text-align: justify\">A 10 a\u00f1os de Campa\u00f1a Nacional por el Derecho al Aborto Legal, Seguro y Gratuito le exigimos al Congreso de la Naci\u00f3n: ABORTO LEGAL YA!<\/div>\n<div style=\"text-align: justify\"><\/div>\n<div style=\"text-align: justify\">16.30hs CONCENTRACI\u00d3N frente al Congreso de la Naci\u00f3n<\/div>\n<div style=\"text-align: justify\"><\/div>\n<div style=\"text-align: justify\"><b>Educaci\u00f3n Sexual para Decidir<\/b><\/div>\n<div style=\"text-align: justify\"><b>Anticonceptivos para no abortar<\/b><\/div>\n<div style=\"text-align: justify\"><b>\u00a1Aborto Legal para no morir!<\/b><\/div>\n<div style=\"text-align: justify\"><\/div>\n<div style=\"text-align: justify\">El lunes 28 se cumplen 25 a\u00f1os de la declaraci\u00f3n del D\u00eda Latinoamericano y del Caribe por el Derecho al Aborto.<\/div>\n<div style=\"text-align: justify\"><\/div>\n<div style=\"text-align: justify\">Quer\u00e9s saber c\u00f3mo surgi\u00f3?<\/div>\n<div style=\"text-align: justify\"><\/div>\n<div style=\"text-align: justify\">Esta Declaraci\u00f3n fue propuesta por feministas argentinas en el Taller sobre Aborto realizado en el V\u00ba Encuentro Feminista Latinoamericano y del Caribe, y fue aprobada por unanimidad por las doscientas participantes del taller (San Bernardo, provincia de Bs. As. Argentina; noviembre de 1990).<\/div>\n<div style=\"text-align: justify\"><\/div>\n<div style=\"text-align: justify\">DECLARACION DE SAN BERNARDO<\/div>\n<div style=\"text-align: justify\"><\/div>\n<div style=\"text-align: justify\">Nosotras las Mujeres Latinoamericanas y del Caribe reunidas en el V\u00ba Encuentro Feminista Latinoamericano y del Caribe en San Bernardo del 18 al 24 de noviembre de 1990.<\/div>\n<div style=\"text-align: justify\">Considerando que:&nbsp;<\/div>\n<div style=\"text-align: justify\"><img decoding=\"async\" src=\"http:\/\/www.anred.org\/squelettes-dist\/puce.gif\" \/> Miles de mujeres mueren diariamente en Am\u00e9rica Latina y el Caribe a causa del aborto clandestino,&nbsp;<\/div>\n<div style=\"text-align: justify\"><img decoding=\"async\" src=\"http:\/\/www.anred.org\/squelettes-dist\/puce.gif\" \/> El aborto clandestino constituye la primera causa de muerte en las mujeres en edad reproductiva en la mayor\u00eda de nuestros pa\u00edses,&nbsp;<\/div>\n<div style=\"text-align: justify\"><img decoding=\"async\" src=\"http:\/\/www.anred.org\/squelettes-dist\/puce.gif\" \/> Los servicios de salud adoptan actitudes ambivalentes frente al aborto manteni\u00e9ndolo en la clandestinidad para lucrar en los servicios privados y negando la asistencia, maltratando y hasta llegando a la tortura tanto en los servicios p\u00fablicos como privados,&nbsp;<\/div>\n<div style=\"text-align: justify\"><img decoding=\"async\" src=\"http:\/\/www.anred.org\/squelettes-dist\/puce.gif\" \/> La maternidad involuntaria es una forma de esclavitud de las mujeres,&nbsp;<\/div>\n<div style=\"text-align: justify\"><img decoding=\"async\" src=\"http:\/\/www.anred.org\/squelettes-dist\/puce.gif\" \/> Frente al aborto los sectores de poder adoptan una actitud hip\u00f3crita, negando, reprimiendo y castigando a las mujeres v\u00edctimas del sistema que ellos mantienen,&nbsp;<\/div>\n<div style=\"text-align: justify\"><img decoding=\"async\" src=\"http:\/\/www.anred.org\/squelettes-dist\/puce.gif\" \/> La mayor\u00eda de las mujeres latinoamericanas y del Caribe no tenemos acceso a la educaci\u00f3n sexual, ni a los m\u00e9todos anticonceptivos seguros, ni adecuado apoyo a la maternidad, sin embargo somos culpabilizadas por la ley,&nbsp;<\/div>\n<div style=\"text-align: justify\"><img decoding=\"async\" src=\"http:\/\/www.anred.org\/squelettes-dist\/puce.gif\" \/> La libertad de decisi\u00f3n sobre nuestro cuerpo es un derechos humano esencial.<\/div>\n<div style=\"text-align: justify\">Por eso declaramos:&nbsp;<\/div>\n<div style=\"text-align: justify\"><img decoding=\"async\" src=\"http:\/\/www.anred.org\/squelettes-dist\/puce.gif\" \/> Que no estamos dispuestas a seguir sacrificando nuestras vidas y nuestra salud en aras de una moral opresiva impuesta por las instituciones dominantes;&nbsp;<\/div>\n<div style=\"text-align: justify\"><img decoding=\"async\" src=\"http:\/\/www.anred.org\/squelettes-dist\/puce.gif\" \/> Que no estamos dispuestas a seguir permitiendo que nuestros cuerpos sean usados para reproducir el sistema que nos oprime y nos margina;&nbsp;<\/div>\n<div style=\"text-align: justify\"><img decoding=\"async\" src=\"http:\/\/www.anred.org\/squelettes-dist\/puce.gif\" \/> Que no estamos dispuestas a que se siga legislando sobre nuestros cuerpos sin que se tomen en cuenta nuestras necesidades, nuestros deseos y sin nuestra intervenci\u00f3n;&nbsp;<\/div>\n<div style=\"text-align: justify\"><img decoding=\"async\" src=\"http:\/\/www.anred.org\/squelettes-dist\/puce.gif\" \/> Que el aborto legal y la anticoncepci\u00f3n segura y eficaz son derechos humanos a los que debemos acceder todas las mujeres del mundo, m\u00e1s all\u00e1 de nuestra condici\u00f3n social y econ\u00f3mica, de la etnia, religi\u00f3n y\/o pa\u00eds a los que pertenezcamos;&nbsp;<\/div>\n<div style=\"text-align: justify\"><img decoding=\"async\" src=\"http:\/\/www.anred.org\/squelettes-dist\/puce.gif\" \/> Que los Estados deben garantizar el acceso concreto a estos derechos en forma segura y gratuita mediante la legislaci\u00f3n correspondiente;&nbsp;<\/div>\n<div style=\"text-align: justify\"><img decoding=\"async\" src=\"http:\/\/www.anred.org\/squelettes-dist\/puce.gif\" \/> Que solamente moviliz\u00e1ndonos, las mujeres latinoamericanas y caribe\u00f1as, podremos desterrar y librarnos de los mitos, los prejuicios, las costumbres y los intereses, que por siglos nos condenaron a ser solamente reproductoras de la especie y nos negaron el derechos al placer y a decidir sobre nuestros propios cuerpos y sobre nuestras vidas.<\/div>\n<div style=\"text-align: justify\">Por todo esto llamamos a todas las mujeres de la regi\u00f3n a luchar por la legalizaci\u00f3n del aborto en todo nuestro continente y para lograrlo proponen:<\/div>\n<div style=\"text-align: justify\">1. Declarar el d\u00eda 28 de septiembre: D\u00eda por el Derecho al Aborto de las Mujeres de Am\u00e9rica Latina y el Caribe.<\/div>\n<div style=\"text-align: justify\">2. Crear comisiones por el Derecho al Aborto de las Mujeres de Am\u00e9rica Latina y el Caribe.<\/div>\n<div style=\"text-align: justify\">3. Formar la \u201cCoordinadora Latinoamericana y del Caribe para la movilizaci\u00f3n por el Derechos al Aborto\u201d.<\/div>\n<div style=\"text-align: justify\">4. Lograr el apoyo de las mujeres de los pa\u00edses que ya cuentan con este derecho en la pr\u00e1ctica y a su vez apoyarlas en sus luchas por mantenerlo en vigencia.<\/div>\n<div style=\"text-align: justify\">5. Hacer campa\u00f1as en cada pa\u00eds y conjuntamente en nuestro continente para lograr ejercitar este derecho en forma legal, no clandestina, segura y digna para cada una de nosotras.<\/div>\n<div style=\"text-align: justify\">Finalmente llamamos a todas las organizaciones e instituciones que trabajan por la defensa de los Derechos Humanos a que incorporen dentro de sus planteamientos la defensa de los Derechos Reproductivos, incluyendo el aborto.<\/div>\n<div style=\"text-align: justify\">San Bernardo, 22\/11\/90.<br \/><span style=\"font-family: Verdana, sans-serif\"><\/span><\/p>\n<div style=\"text-align: justify\"><span style=\"font-family: Verdana, sans-serif\"><span style=\"font-family: Verdana, sans-serif\"><span style=\"color: #0b5394\"><span style=\"font-size: x-small\"><b>ANRED\/PRODUCCI\u00d3N RIACHUEL<span style=\"font-size: x-small\">O<\/span> <\/b><\/span><\/span><\/span><\/span><\/div>\n<p><\/div>\n<div style=\"text-align: justify\"><span style=\"color: blue\"><\/span><\/div>\n<p><\/span><\/p>\n","protected":false},"excerpt":{"rendered":"<p>NO MAS MUERTES: LEGAL, SEGURO Y GRATUITO&nbsp; EN AM\u00c9RICA LATINA Y EL CARIBE Hoy, lunes 28 de septiembre, a las 16.30 se realizar\u00e1 una concentraci\u00f3n frente al Congreso de la Naci\u00f3n, convocada por la Campa\u00f1a Nacional por el Derecho al Aborto Legal, Seguro y Gratuito en el D\u00eda de Lucha por el Derecho al Aborto [&hellip;]<\/p>\n","protected":false},"author":4,"featured_media":0,"comment_status":"open","ping_status":"open","sticky":false,"template":"","format":"standard","meta":{"_monsterinsights_skip_tracking":false,"_monsterinsights_sitenote_active":false,"_monsterinsights_sitenote_note":"","_monsterinsights_sitenote_category":0,"jnews-multi-image_gallery":[],"jnews_single_post":[],"jnews_primary_category":[],"_joinchat":[],"footnotes":""},"categories":[1],"tags":[],"class_list":["post-1733","post","type-post","status-publish","format-standard","hentry","category-habitat"],"_links":{"self":[{"href":"http:\/\/fmriachuelo.it10.com.ar\/index.php\/wp-json\/wp\/v2\/posts\/1733","targetHints":{"allow":["GET"]}}],"collection":[{"href":"http:\/\/fmriachuelo.it10.com.ar\/index.php\/wp-json\/wp\/v2\/posts"}],"about":[{"href":"http:\/\/fmriachuelo.it10.com.ar\/index.php\/wp-json\/wp\/v2\/types\/post"}],"author":[{"embeddable":true,"href":"http:\/\/fmriachuelo.it10.com.ar\/index.php\/wp-json\/wp\/v2\/users\/4"}],"replies":[{"embeddable":true,"href":"http:\/\/fmriachuelo.it10.com.ar\/index.php\/wp-json\/wp\/v2\/comments?post=1733"}],"version-history":[{"count":0,"href":"http:\/\/fmriachuelo.it10.com.ar\/index.php\/wp-json\/wp\/v2\/posts\/1733\/revisions"}],"wp:attachment":[{"href":"http:\/\/fmriachuelo.it10.com.ar\/index.php\/wp-json\/wp\/v2\/media?parent=1733"}],"wp:term":[{"taxonomy":"category","embeddable":true,"href":"http:\/\/fmriachuelo.it10.com.ar\/index.php\/wp-json\/wp\/v2\/categories?post=1733"},{"taxonomy":"post_tag","embeddable":true,"href":"http:\/\/fmriachuelo.it10.com.ar\/index.php\/wp-json\/wp\/v2\/tags?post=1733"}],"curies":[{"name":"wp","href":"https:\/\/api.w.org\/{rel}","templated":true}]}}