{"id":1732,"date":"2015-09-29T16:09:00","date_gmt":"2015-09-29T16:09:00","guid":{"rendered":"http:\/\/fmriachuelo.observatorioess.org.ar\/index.php\/2015\/09\/29\/villa-21-24-preencuentro-de-experiencias-territoriales-de-infancia-y-adolescencia\/"},"modified":"2015-09-29T16:09:00","modified_gmt":"2015-09-29T16:09:00","slug":"villa-21-24-preencuentro-de-experiencias-territoriales-de-infancia-y-adolescencia","status":"publish","type":"post","link":"http:\/\/fmriachuelo.it10.com.ar\/index.php\/2015\/09\/29\/villa-21-24-preencuentro-de-experiencias-territoriales-de-infancia-y-adolescencia\/","title":{"rendered":"VILLA 21-24: PREENCUENTRO DE EXPERIENCIAS TERRITORIALES DE INFANCIA Y ADOLESCENCIA"},"content":{"rendered":"<div style=\"clear: both;text-align: justify\"><span style=\"color: red;font-family: Verdana, sans-serif;font-size: large\"><b>POR UNA NI\u00d1EZ M\u00c1S DIGNA<\/b><\/span><\/div>\n<div style=\"clear: both;text-align: justify\"><a href=\"http:\/\/1.bp.blogspot.com\/-1WAbeitr-Sw\/VgqnB6dlpmI\/AAAAAAAAGqU\/JlcYgHUg5q0\/s1600\/el%2Bdari.jpg\" style=\"clear: left;float: left;margin-bottom: 1em;margin-right: 1em;text-align: center\"><img loading=\"lazy\" decoding=\"async\" border=\"0\" height=\"148\" src=\"http:\/\/1.bp.blogspot.com\/-1WAbeitr-Sw\/VgqnB6dlpmI\/AAAAAAAAGqU\/JlcYgHUg5q0\/s200\/el%2Bdari.jpg\" width=\"200\" \/><\/a><\/div>\n<div><span style=\"font-family: Verdana, sans-serif;text-align: justify\">En el Club Popular \u201cEl Dari\u201d el lunes 28 de septiembre a las 17hs. &nbsp;se realiz\u00f3 una mateada para compartir experiencias de cara al proximo \u00abEncuentro Ni\u00f1ez y Territorio\u00bb que se realizar\u00e1 en el mes de noviembre. En diferentes territorios se est\u00e1n llevando adelante estos encuentros para compartir experiencias que permitan confluir en el Encuentro Nacional.<\/span><br \/><a name='more'><\/a><\/div>\n<div><span style=\"font-family: Verdana, sans-serif\"><\/span><\/div>\n<div style=\"text-align: justify\"><span style=\"font-family: Verdana, sans-serif\">Reproducimos:<\/span><\/div>\n<div style=\"text-align: justify\"><span style=\"font-family: Verdana, sans-serif\">El Club Popular \u201cEl Dari\u201d &#8211; Frente Popular Dario Santillan con otras organizaciones venimos participando del \u201cEncuentro Ni\u00f1ez y Territorio\u201d. Quienes lo conformamos sabemos que hay cientos de organizaciones que d\u00eda a d\u00eda construyen en sus territorios una ni\u00f1ez m\u00e1s digna, pero que no logran encontrarse en la fragmentaci\u00f3n y dispersi\u00f3n existente. Por eso nos convocamos, las\/los convocamos y abrimos esta invitaci\u00f3n a construir colectivamente el Encuentro Nacional de Ni\u00f1ez en noviembre.<\/span><\/div>\n<div style=\"text-align: justify\"><span style=\"font-family: Verdana, sans-serif\">Ya hicimos un pre-encuentro donde empezamos a debatir algunas tem\u00e1ticas. Ahora la idea es poder encontrarnos por regiones para seguir discutiendo ejes que se relacionen directamente con los territorios en los que estamos y aportar en la construcci\u00f3n del Encuentro Nacional.&nbsp;<\/span><\/div>\n<div style=\"text-align: justify\"><span style=\"font-family: Verdana, sans-serif\">Por esto, estamos organizando una mateada con las organizaciones que pensamos que, por su trabajo cotidiano, son actores importantes en la construcci\u00f3n del Encuentro.&nbsp;<\/span><\/div>\n<div style=\"text-align: justify\"><span style=\"font-family: Verdana, sans-serif\">Convocamos principalmente a las organizaciones y trabajadores de la 21-24, pero tambi\u00e9n de la toda la Capital.<\/span><\/div>\n<div style=\"text-align: justify\"><span style=\"font-family: Verdana, sans-serif\">Nos encontramos en Iriarte y Luna a las 17hs. (Colectivos: 70, 46, 37)<\/span><\/div>\n<div style=\"text-align: justify\"><span style=\"font-family: Verdana, sans-serif\">Contacto: Francisco 15-55-614-602<\/span><\/div>\n<div style=\"text-align: justify\"><span style=\"font-size: x-small\"><b><span style=\"font-family: Verdana, sans-serif\">&#8211; Prensa: <\/span><a href=\"http:\/\/www.marcha.org.ar\/de-cara-al-encuentro-nacional-de-ninez-construir-ideas-colectivamente\/\" style=\"font-family: Verdana, sans-serif\">De cara al Encuentro Nacional de Ni\u00f1ez: construir ideas colectivamente<\/a><\/b><\/span><\/div>\n<div style=\"text-align: justify\"><span style=\"font-size: x-small\"><b><span style=\"font-family: Verdana, sans-serif\">&#8211; Video de resumen de la jornada:<\/span><a href=\"https:\/\/www.youtube.com\/watch?v=EpL28PnZIfA\" style=\"font-family: Verdana, sans-serif\">Encuentro de Educadores y Educadoras, Trabajadores y Trabajadoras de la Ni\u00f1ez<\/a><\/b><\/span><\/div>\n<div style=\"text-align: justify\"><span style=\"font-family: Verdana, sans-serif\"><span style=\"font-size: x-small\"><b>&#8211; Facebook: Encuentro Ni\u00f1ez y Territorio<\/b><\/span><\/span><\/div>\n<div style=\"text-align: justify\"><span style=\"font-family: Verdana, sans-serif\"><span style=\"color: #0b5394;font-size: x-small\"><b>CLUB EL DARI\/PRODUCCI\u00d3N RIACHUELO<\/b><\/span><\/span><\/div>\n","protected":false},"excerpt":{"rendered":"<p>POR UNA NI\u00d1EZ M\u00c1S DIGNA En el Club Popular \u201cEl Dari\u201d el lunes 28 de septiembre a las 17hs. &nbsp;se realiz\u00f3 una mateada para compartir experiencias de cara al proximo \u00abEncuentro Ni\u00f1ez y Territorio\u00bb que se realizar\u00e1 en el mes de noviembre. En diferentes territorios se est\u00e1n llevando adelante estos encuentros para compartir experiencias que [&hellip;]<\/p>\n","protected":false},"author":4,"featured_media":0,"comment_status":"open","ping_status":"open","sticky":false,"template":"","format":"standard","meta":{"_monsterinsights_skip_tracking":false,"_monsterinsights_sitenote_active":false,"_monsterinsights_sitenote_note":"","_monsterinsights_sitenote_category":0,"jnews-multi-image_gallery":[],"jnews_single_post":[],"jnews_primary_category":[],"_joinchat":[],"footnotes":""},"categories":[1],"tags":[],"class_list":["post-1732","post","type-post","status-publish","format-standard","hentry","category-habitat"],"_links":{"self":[{"href":"http:\/\/fmriachuelo.it10.com.ar\/index.php\/wp-json\/wp\/v2\/posts\/1732","targetHints":{"allow":["GET"]}}],"collection":[{"href":"http:\/\/fmriachuelo.it10.com.ar\/index.php\/wp-json\/wp\/v2\/posts"}],"about":[{"href":"http:\/\/fmriachuelo.it10.com.ar\/index.php\/wp-json\/wp\/v2\/types\/post"}],"author":[{"embeddable":true,"href":"http:\/\/fmriachuelo.it10.com.ar\/index.php\/wp-json\/wp\/v2\/users\/4"}],"replies":[{"embeddable":true,"href":"http:\/\/fmriachuelo.it10.com.ar\/index.php\/wp-json\/wp\/v2\/comments?post=1732"}],"version-history":[{"count":0,"href":"http:\/\/fmriachuelo.it10.com.ar\/index.php\/wp-json\/wp\/v2\/posts\/1732\/revisions"}],"wp:attachment":[{"href":"http:\/\/fmriachuelo.it10.com.ar\/index.php\/wp-json\/wp\/v2\/media?parent=1732"}],"wp:term":[{"taxonomy":"category","embeddable":true,"href":"http:\/\/fmriachuelo.it10.com.ar\/index.php\/wp-json\/wp\/v2\/categories?post=1732"},{"taxonomy":"post_tag","embeddable":true,"href":"http:\/\/fmriachuelo.it10.com.ar\/index.php\/wp-json\/wp\/v2\/tags?post=1732"}],"curies":[{"name":"wp","href":"https:\/\/api.w.org\/{rel}","templated":true}]}}