{"id":1731,"date":"2015-09-29T16:14:00","date_gmt":"2015-09-29T16:14:00","guid":{"rendered":"http:\/\/fmriachuelo.observatorioess.org.ar\/index.php\/2015\/09\/29\/trabajadores-precarizados-marchan-ante-incumplimiento-del-gobierno-de-la-ciudad\/"},"modified":"2015-09-29T16:14:00","modified_gmt":"2015-09-29T16:14:00","slug":"trabajadores-precarizados-marchan-ante-incumplimiento-del-gobierno-de-la-ciudad","status":"publish","type":"post","link":"http:\/\/fmriachuelo.it10.com.ar\/index.php\/2015\/09\/29\/trabajadores-precarizados-marchan-ante-incumplimiento-del-gobierno-de-la-ciudad\/","title":{"rendered":"TRABAJADORES PRECARIZADOS MARCHAN ANTE INCUMPLIMIENTO DEL GOBIERNO DE LA CIUDAD"},"content":{"rendered":"<div><span style=\"font-family: Verdana, sans-serif;text-align: justify\"><span style=\"color: red;font-size: large\"><b>\u00a1BASTA DE PRECARIZACI\u00d3N!<\/b><\/span><\/span><\/div>\n<p><a href=\"http:\/\/4.bp.blogspot.com\/-2irA9ECeIkg\/Vgq39BzNqqI\/AAAAAAAAGqo\/s5hZ7fbBWag\/s1600\/1-1869.jpg\" style=\"clear: left;float: left;margin-bottom: 1em;margin-right: 1em;text-align: center\"><img loading=\"lazy\" decoding=\"async\" border=\"0\" height=\"148\" src=\"http:\/\/4.bp.blogspot.com\/-2irA9ECeIkg\/Vgq39BzNqqI\/AAAAAAAAGqo\/s5hZ7fbBWag\/s200\/1-1869.jpg\" width=\"200\" \/><\/a><br \/><span style=\"font-family: Verdana, sans-serif;text-align: justify\">Hoy a partir de las 10 de la ma\u00f1ana, trabajadores y trabajadoras de distintas organizaciones sociales de la Ciudad de Buenos Aires se movilizar\u00e1n por una serie de reclamos al Gobierno, luego de m\u00e1s ocho meses de esperar el cumplimiento de compromisos asumidos, entre ellos el de garantizar su continuidad laboral en las cuadrillas de servicios y emprendimientos productivos.&nbsp;<\/span><span style=\"font-family: Verdana, sans-serif;text-align: justify\">Martes 29\/9 10:00 hs. Obelisco.<\/span><br \/><a name='more'><\/a><span style=\"font-family: Verdana, sans-serif\"><\/span><br \/><span style=\"font-family: Verdana, sans-serif\"><\/span><\/p>\n<div style=\"text-align: justify\"><span style=\"font-family: Verdana, sans-serif\">Comunicado de Prensa<\/span><\/div>\n<p><span style=\"font-family: Verdana, sans-serif\"><\/span><\/p>\n<div style=\"text-align: justify\"><span style=\"font-family: Verdana, sans-serif\">Ante el incumplimiento de Macri, Larreta y Vidal. Trabajadores Precarizados de la Ciudad salimos a la calle<\/span><\/div>\n<p><span style=\"font-family: Verdana, sans-serif\"><\/p>\n<div style=\"text-align: justify\">EXIGIMOS BASTA DE PRECARIZACION Y CUMPLIMIENTO DE LOS COMPROMISOS<\/div>\n<div style=\"text-align: justify\">Martes 29\/9 10:00 hs. Obelisco<\/div>\n<div style=\"text-align: justify\">A lo largo de todo el a\u00f1o un conjunto de Trabajadores y Trabajadoras organizadas en diversas Organizaciones Sociales de la Ciudad hemos planteado una serie de reclamos al Gobierno de la Ciudad que luego de m\u00e1s ocho meses de negociaci\u00f3n una gran cantidad de estos compromisos siguen sin concretarse, entre ellos el de garantizar la continuidad laboral de muchos de nuestros compa\u00f1eros y compa\u00f1eras precarizados.<\/div>\n<div style=\"text-align: justify\">Mauricio Macri, Larreta y Vidal, al igual que el Gobierno Nacional que mantiene las leyes laborales flexibilizadoras de la dictadura y de Menem, no poseen la voluntad de resolver el problema de la Precarizaci\u00f3n laboral y de la Vida que hoy existe en nuestra Ciudad.<\/div>\n<div style=\"text-align: justify\">En un pa\u00eds donde el 40% de nuestra clase trabajadora est\u00e1 sumergida en el trabajo en negro, el Gobierno del PRO se ha caracterizado por llevar adelante una \u201cpol\u00edtica de maquillaje\u201d de las problem\u00e1ticas sociales de la Ciudad. Ejemplos de esta pol\u00edtica son el \u201cpintado\u201d Complejo Soldati donde mueren chicos por la falta de inversi\u00f3n en infraestructura o el \u201cshow\u201d del cierre de algunos talleres textiles mientras siguen funcionando centenares de talleres clandestinos con trabajadores esclavizados por las redes de trata.<\/div>\n<div style=\"text-align: justify\">Denunciamos que mientras se les niega los derechos m\u00e1s elementales a los vecinos y trabajadores de la ciudad, el Gobierno destina millones para aumentar las fortunas de los amigos de Macri, como el caso del nefasto Fernando Niembro, y la corrupci\u00f3n por medio de los punteros del PRO est\u00e1 a la orden del d\u00eda<\/div>\n<div style=\"text-align: justify\">Los trabajadores y trabajadoras de la Ciudad exigimos:<\/div>\n<div style=\"text-align: justify\">* Basta de Precarizaci\u00f3n del trabajo y de la Vida. Continuidad laboral para todas nuestras cuadrillas de Servicios y nuestros emprendimientos productivos.<\/div>\n<div style=\"text-align: justify\">* Cumplimiento de todos los acuerdos asumidos por el Gobierno de la Ciudad a lo largo de este a\u00f1o. Indumentaria, herramientas, y materiales para nuestras cuadrillas. Regularizaci\u00f3n mensual de pagos atrasados. Concreci\u00f3n de las obras adeudadas y los proyectos de financiamiento para nuestros emprendimientos productivos. Ante la constituci\u00f3n de nuevas Cooperativas efectoras sociales, que firme el Ministro la nota solicitada por el INAES.<\/div>\n<div style=\"text-align: justify\">* Ante las diversas situaciones de Violencia de Genero sufrida por una gran cantidad de nuestras compa\u00f1eras, exigimos la disponibilidad edilicia o de terrenos para la construcci\u00f3n de \u201cCasas de la Mujer\u201d en distintas zonas de la Ciudad de Buenos Aires.<\/div>\n<div style=\"text-align: justify\">* Inmediata actualizaci\u00f3n de las raciones para nuestros Merenderos y Comedores comunitarios.<\/div>\n<div style=\"text-align: justify\">FRENTE DE ORGANIZACIONES EN LUCHA (FOL)- POLO OBRERO CAPITAL &#8211; FEDERACI\u00d3N DE ORGANIZACIONES DE BASE REGIONAL CABA &#8211; MOVIMIENTO TERRITORIAL LIBERACI\u00d3N REBELDE (MTL REBELDE) &#8211; AGRUPACI\u00d3N VILLERA PIQUETERA (AVP) &#8211; TENDENCIA PIQUETERA REVOLUCIONARIA (TPR)- AGRUPACI\u00d3N BARTOLINA SISA \u2013 MOVIMIENTO RESISTENCIA POPULAR (MRP) &#8211; AGRUPACI\u00d3N CLASISTA LUCHA Y TRABAJO &#8211; AGRUPACI\u00d3N LOS INVISIBLES<\/div>\n<div style=\"text-align: justify\"><b><span style=\"font-size: x-small\">Contactos de prensa:<\/span><\/b><\/div>\n<div style=\"text-align: justify\"><b><span style=\"font-size: x-small\">AMADA (FOL) 1156607825&nbsp;<\/span><\/b><\/div>\n<div style=\"text-align: justify\"><b><span style=\"font-size: x-small\">SERGIO BERTACCINI (MTL REBELDE) 15 5771 3018<\/span><\/b><\/div>\n<div style=\"text-align: justify\"><b><span style=\"font-size: x-small\">SERGIO P\u00c1RRAGA (LUCHA Y TRABAJO) 15 6143 5756&nbsp;<\/span><\/b><\/div>\n<div style=\"text-align: justify\"><b><span style=\"font-size: x-small\">JUAN MARINO (TPR) 1563359278&nbsp;<\/span><\/b><\/div>\n<div style=\"text-align: justify\"><b><span style=\"font-size: x-small\">JOSE (POLO OBRERO) 1561087115<\/span><\/b><\/div>\n<div style=\"text-align: justify\"><b><span style=\"font-size: x-small\">EZEQUIEL (MRP) 1163039613<\/span><\/b><\/div>\n<div style=\"text-align: justify\"><b><span style=\"color: #0b5394;font-size: x-small\">ANRED\/PRODUCCI\u00d3N RIACHUELO<\/span><\/b><\/div>\n<p><\/span><\/p>\n","protected":false},"excerpt":{"rendered":"<p>\u00a1BASTA DE PRECARIZACI\u00d3N! Hoy a partir de las 10 de la ma\u00f1ana, trabajadores y trabajadoras de distintas organizaciones sociales de la Ciudad de Buenos Aires se movilizar\u00e1n por una serie de reclamos al Gobierno, luego de m\u00e1s ocho meses de esperar el cumplimiento de compromisos asumidos, entre ellos el de garantizar su continuidad laboral en [&hellip;]<\/p>\n","protected":false},"author":4,"featured_media":0,"comment_status":"open","ping_status":"open","sticky":false,"template":"","format":"standard","meta":{"_monsterinsights_skip_tracking":false,"_monsterinsights_sitenote_active":false,"_monsterinsights_sitenote_note":"","_monsterinsights_sitenote_category":0,"jnews-multi-image_gallery":[],"jnews_single_post":[],"jnews_primary_category":[],"_joinchat":[],"footnotes":""},"categories":[1],"tags":[],"class_list":["post-1731","post","type-post","status-publish","format-standard","hentry","category-habitat"],"_links":{"self":[{"href":"http:\/\/fmriachuelo.it10.com.ar\/index.php\/wp-json\/wp\/v2\/posts\/1731","targetHints":{"allow":["GET"]}}],"collection":[{"href":"http:\/\/fmriachuelo.it10.com.ar\/index.php\/wp-json\/wp\/v2\/posts"}],"about":[{"href":"http:\/\/fmriachuelo.it10.com.ar\/index.php\/wp-json\/wp\/v2\/types\/post"}],"author":[{"embeddable":true,"href":"http:\/\/fmriachuelo.it10.com.ar\/index.php\/wp-json\/wp\/v2\/users\/4"}],"replies":[{"embeddable":true,"href":"http:\/\/fmriachuelo.it10.com.ar\/index.php\/wp-json\/wp\/v2\/comments?post=1731"}],"version-history":[{"count":0,"href":"http:\/\/fmriachuelo.it10.com.ar\/index.php\/wp-json\/wp\/v2\/posts\/1731\/revisions"}],"wp:attachment":[{"href":"http:\/\/fmriachuelo.it10.com.ar\/index.php\/wp-json\/wp\/v2\/media?parent=1731"}],"wp:term":[{"taxonomy":"category","embeddable":true,"href":"http:\/\/fmriachuelo.it10.com.ar\/index.php\/wp-json\/wp\/v2\/categories?post=1731"},{"taxonomy":"post_tag","embeddable":true,"href":"http:\/\/fmriachuelo.it10.com.ar\/index.php\/wp-json\/wp\/v2\/tags?post=1731"}],"curies":[{"name":"wp","href":"https:\/\/api.w.org\/{rel}","templated":true}]}}