{"id":1730,"date":"2015-09-29T16:29:00","date_gmt":"2015-09-29T16:29:00","guid":{"rendered":"http:\/\/fmriachuelo.observatorioess.org.ar\/index.php\/2015\/09\/29\/argentina-apoyo-a-estudiantes-paraguayos\/"},"modified":"2015-09-29T16:29:00","modified_gmt":"2015-09-29T16:29:00","slug":"argentina-apoyo-a-estudiantes-paraguayos","status":"publish","type":"post","link":"http:\/\/fmriachuelo.it10.com.ar\/index.php\/2015\/09\/29\/argentina-apoyo-a-estudiantes-paraguayos\/","title":{"rendered":"ARGENTINA: APOYO A ESTUDIANTES PARAGUAYOS"},"content":{"rendered":"<div style=\"clear: both;text-align: left\"><span style=\"font-size: large\"><b style=\"color: red;font-family: Verdana, sans-serif\">SOLIDARIDAD:&nbsp;<\/b><span style=\"color: red;font-family: Verdana, sans-serif\"><b>POR UNA EDUCACI\u00d3N DE CALIDAD<\/b><\/span><\/span><\/div>\n<div style=\"clear: both;text-align: left\"><span style=\"font-family: Verdana, sans-serif\">ESTUDIANTES PARAGUAYOS CONTRA LA CORRUPCI\u00d3N<\/span><\/div>\n<div><a href=\"http:\/\/2.bp.blogspot.com\/-FVF0dfCR1-I\/Vgq56cjzonI\/AAAAAAAAGq4\/oBPQW_rIEhc\/s1600\/1-1867.jpg\" style=\"clear: left;float: left;margin-bottom: 1em;margin-right: 1em;text-align: center\"><img loading=\"lazy\" decoding=\"async\" border=\"0\" height=\"200\" src=\"http:\/\/2.bp.blogspot.com\/-FVF0dfCR1-I\/Vgq56cjzonI\/AAAAAAAAGq4\/oBPQW_rIEhc\/s200\/1-1867.jpg\" width=\"200\" \/><\/a><span style=\"font-family: Verdana, sans-serif;text-align: justify\"><\/span><\/p>\n<div style=\"text-align: justify\"><span style=\"font-family: Verdana, sans-serif;text-align: justify\">El movimiento estudiantil secundario y universitario de Paraguay protagoniza desde hace dos meses masivas protestas en reclamo de una educaci\u00f3n de calidad. Pero ha tomado m\u00e1s fuerza desde mediados de septiembre y se manifiestan en la sede del Rectorado de la Universidad Nacional de Asunci\u00f3n (UNA), la principal instituci\u00f3n educativa del pa\u00eds, contra la corrupci\u00f3n en la educaci\u00f3n.<\/span><\/div>\n<p><a name='more'><\/a><\/p>\n<div style=\"text-align: justify\"><span style=\"font-family: Verdana, sans-serif;text-align: justify\">En tanto en Buenos Aires, hoy martes 29 de septiembre a las 17 frente al Obelisco se realizar\u00e1 una manifestaci\u00f3n en apoyo a la reforma que plantean los y las estudiantes paraguayas.<\/span><\/div>\n<p><span style=\"font-family: Verdana, sans-serif;text-align: justify\"><\/span><\/p>\n<div style=\"text-align: justify\"><span style=\"font-family: Verdana, sans-serif;text-align: justify\">Hoy a las 17, en Avenida Corrientes y Avenida 9 de Julio, ciudad de Buenos Aires, estudiantes de Paraguay convocan a una manifestaci\u00f3n frente al Obelisco en para acompa\u00f1ar el proceso que se est\u00e1 dando en Asunci\u00f3n contra la corrupci\u00f3n dentro de la Universidad Nacional.<\/span><\/div>\n<p><span style=\"font-family: Verdana, sans-serif;text-align: justify\"><\/span><\/div>\n<p><span style=\"font-family: Verdana, sans-serif\"><\/span><\/p>\n<div style=\"text-align: justify\"><span style=\"font-family: Verdana, sans-serif\">Para Jos\u00e9 Antonio Vera, corresponsal de La Brecha en Asunci\u00f3n, el comienzo de la protesta estudiantil parte de la cr\u00edtica a Froil\u00e1n Peralta, veterinario y rector de la UNA, quien \u00abquedar\u00e1 en los registros como el profesional que m\u00e1s abusos, humillaciones y bochorno ha causado en la historia de la educaci\u00f3n en este pa\u00eds. Desde el martes 22, cuando el estudiantado siti\u00f3 el campus que siempre consider\u00f3 su propiedad personal, cort\u00f3 toda comunicaci\u00f3n con sus colegas, a los que horas antes hab\u00eda prometido presentar su dimisi\u00f3n. Peralta tiene todas sus suntuosas residencias bajo doble llave, protegido por una guardia pretoriana. Entre sus aportes a la cultura se recuerda su ufana declaraci\u00f3n de que para \u00e9l una vaca o un perro son iguales a cualquier alumno. Con esos m\u00e9ritos fue ungido al frente de la Universidad por la fracci\u00f3n m\u00e1s poderosa y cavernaria del Partido Colorado. Peralta es hombre del extravagante senador Juan Carlos Galaverna, \u00edntimo del presidente Horacio Cartes, pero temporalmente distanciado.\u00bb<\/span><\/div>\n<p><span style=\"font-family: Verdana, sans-serif\"><\/p>\n<div style=\"text-align: justify\">Vera apunta el accionar de otros docentes. La titular de Filosof\u00eda, Mar\u00eda Ang\u00e9lica Galeano, debi\u00f3 escuchar que le gritaran\u201cDecana, basura, vos sos la dictadura\u201d. Ella, que \u00abproh\u00edbe en su facultad las reuniones de m\u00e1s de cuatro alumnos y exige revisar sus bolsos y conocer el contenido de los filmes y audiovisuales que quieren proyectar, adem\u00e1s de calificar a \u201clos pensantes\u201d de \u201czurdos asquerosos\u201d.&nbsp;<\/div>\n<div style=\"text-align: justify\">\u00abIgnacio Vallejo, decano de Ingenier\u00eda, quien se ha permitido suspender durante meses a estudiantes por trasmitir por las redes mensajes en su contra, fue otro de los repudiados por corrupci\u00f3n administrativa y nepotismo. Se le record\u00f3 que hizo perder un a\u00f1o a un estudiante que critic\u00f3 a su hija por recibir un salario de la facultad sin trabajar. \u201cDelincuentes\u201d, \u201ccanallas\u201d, \u201ccr\u00e1pulas\u201d, \u201cladrones\u201d, \u201cignorantes\u201d, \u201cesbirros de los partidos\u201d, \u201casesinos de sue\u00f1os\u201d, se escuch\u00f3 durante la intensa hora que dur\u00f3 la evacuaci\u00f3n de los decanos\u00bb, suma Vera.<\/div>\n<div style=\"text-align: justify\"><span style=\"color: #0b5394;font-size: x-small\"><b>ANRED\/PRODUCCI\u00d3N RIACHUELO<\/b><\/span><\/div>\n<p><\/span><\/p>\n","protected":false},"excerpt":{"rendered":"<p>SOLIDARIDAD:&nbsp;POR UNA EDUCACI\u00d3N DE CALIDAD ESTUDIANTES PARAGUAYOS CONTRA LA CORRUPCI\u00d3N El movimiento estudiantil secundario y universitario de Paraguay protagoniza desde hace dos meses masivas protestas en reclamo de una educaci\u00f3n de calidad. Pero ha tomado m\u00e1s fuerza desde mediados de septiembre y se manifiestan en la sede del Rectorado de la Universidad Nacional de Asunci\u00f3n [&hellip;]<\/p>\n","protected":false},"author":4,"featured_media":0,"comment_status":"open","ping_status":"open","sticky":false,"template":"","format":"standard","meta":{"_monsterinsights_skip_tracking":false,"_monsterinsights_sitenote_active":false,"_monsterinsights_sitenote_note":"","_monsterinsights_sitenote_category":0,"jnews-multi-image_gallery":[],"jnews_single_post":[],"jnews_primary_category":[],"_joinchat":[],"footnotes":""},"categories":[1],"tags":[],"class_list":["post-1730","post","type-post","status-publish","format-standard","hentry","category-habitat"],"_links":{"self":[{"href":"http:\/\/fmriachuelo.it10.com.ar\/index.php\/wp-json\/wp\/v2\/posts\/1730","targetHints":{"allow":["GET"]}}],"collection":[{"href":"http:\/\/fmriachuelo.it10.com.ar\/index.php\/wp-json\/wp\/v2\/posts"}],"about":[{"href":"http:\/\/fmriachuelo.it10.com.ar\/index.php\/wp-json\/wp\/v2\/types\/post"}],"author":[{"embeddable":true,"href":"http:\/\/fmriachuelo.it10.com.ar\/index.php\/wp-json\/wp\/v2\/users\/4"}],"replies":[{"embeddable":true,"href":"http:\/\/fmriachuelo.it10.com.ar\/index.php\/wp-json\/wp\/v2\/comments?post=1730"}],"version-history":[{"count":0,"href":"http:\/\/fmriachuelo.it10.com.ar\/index.php\/wp-json\/wp\/v2\/posts\/1730\/revisions"}],"wp:attachment":[{"href":"http:\/\/fmriachuelo.it10.com.ar\/index.php\/wp-json\/wp\/v2\/media?parent=1730"}],"wp:term":[{"taxonomy":"category","embeddable":true,"href":"http:\/\/fmriachuelo.it10.com.ar\/index.php\/wp-json\/wp\/v2\/categories?post=1730"},{"taxonomy":"post_tag","embeddable":true,"href":"http:\/\/fmriachuelo.it10.com.ar\/index.php\/wp-json\/wp\/v2\/tags?post=1730"}],"curies":[{"name":"wp","href":"https:\/\/api.w.org\/{rel}","templated":true}]}}