{"id":173,"date":"2015-08-04T14:09:00","date_gmt":"2015-08-04T14:09:00","guid":{"rendered":"http:\/\/fmriachuelo.observatorioess.org.ar\/index.php\/2015\/08\/04\/movimiento-nacional-campesino-2o-encuentro-mundial-de-movimientos-populares\/"},"modified":"2025-05-06T12:38:32","modified_gmt":"2025-05-06T15:38:32","slug":"movimiento-nacional-campesino-2o-encuentro-mundial-de-movimientos-populares","status":"publish","type":"post","link":"http:\/\/fmriachuelo.it10.com.ar\/index.php\/2015\/08\/04\/movimiento-nacional-campesino-2o-encuentro-mundial-de-movimientos-populares\/","title":{"rendered":"MOVIMIENTO NACIONAL CAMPESINO: 2\u00ba ENCUENTRO MUNDIAL DE MOVIMIENTOS POPULARES"},"content":{"rendered":"<p><span style=\"font-family: Verdana,sans-serif\"><span style=\"font-size: large\"><span style=\"color: red\"><b>\u00a1TIERRA!<\/b><\/span><\/span><br \/>REPRODUCIMOS LAS PALABRAS DE DEOLINDA CARRIZO, REFERENTE DEL MOVIMIENTO NACIONAL CAMPESINO <\/span><\/p>\n<div style=\"clear: both;text-align: center\"><span style=\"font-family: Verdana,sans-serif\"><a href=\"http:\/\/3.bp.blogspot.com\/-IfBvfK8KFmQ\/VcDF9H80yWI\/AAAAAAAAFx0\/KwYPmI3bhTM\/s1600\/deolindaemmp.png\" style=\"clear: left;float: left;margin-bottom: 1em;margin-right: 1em\"><img loading=\"lazy\" decoding=\"async\" border=\"0\" height=\"116\" src=\"http:\/\/3.bp.blogspot.com\/-IfBvfK8KFmQ\/VcDF9H80yWI\/AAAAAAAAFx0\/KwYPmI3bhTM\/s200\/deolindaemmp.png\" width=\"200\" \/><\/a><\/span><\/div>\n<div><span style=\"font-family: Verdana,sans-serif;font-size: x-small\"><i>[Entrevista&nbsp;de la Agencia Paco Urondo]<\/i><\/span><\/div>\n<p><span style=\"font-family: Verdana, sans-serif;text-align: justify\">APU: \u00bfQu\u00e9 sensaciones les qued\u00f3 despu\u00e9s del II Encuentro de los Movimientos Populares con el Papa Francisco?<\/span><span style=\"font-family: Verdana,sans-serif\"><\/span><\/p>\n<div style=\"text-align: justify\"><span style=\"font-family: Verdana,sans-serif\"><span>Deolinda Carrizo: Es dif\u00edcil explicar las sensaciones, pero en general quedamos superados por lo claro, fuerte y hasta inimaginable de algunos p\u00e1rrafos del discurso del Papa.<\/span><\/span><br \/><a name='more'><\/a><span style=\"font-family: Verdana,sans-serif\"><span>La sala a cada minuto estallaba en aplausos. Cuando Francisco se refiri\u00f3 al \u201cproceso\u201d de Latinoam\u00e9rica, a lo que llamamos Patria Grande, el pedido de perd\u00f3n a los pueblos originarios por las matanzas llevadas a cabo en nombre de la Iglesia durante la colonizaci\u00f3n del continente; o cuando dijo que \u201ceste sistema ya no se aguanta, no lo aguantan los campesinos, no lo aguantan los trabajadores, no lo aguantan las comunidades, no lo aguantan los Pueblos\u2026 Y tampoco lo aguanta la Tierra, la hermana Madre Tierra\u201d. Nos deja adem\u00e1s una clara consigna de trabajo: Techo, Trabajo, Tierra.<br \/>APU: \u00bfQu\u00e9 implica que entre tantas cosas el Papa haya dicho que la reforma agraria es una obligaci\u00f3n de los gobiernos?<\/span><\/span><br \/><span style=\"font-family: Verdana,sans-serif\"><span>DC: Cuando se realiz\u00f3 el primer encuentro mundial en Roma, el Papa ya lo hab\u00eda dicho: \u201cs\u00e9 que algunos de ustedes reclaman una reforma agraria para solucionar alguno de estos problemas, y d\u00e9jenme decirles que en ciertos pa\u00edses, y ac\u00e1 cito el Compendio de la Doctrina Social de la Iglesia, la reforma agraria es adem\u00e1s de una necesidad pol\u00edtica, una obligaci\u00f3n moral\u201d.<br \/> Implica un llamado a los gobiernos a frenar los desalojos de las familias campesinas ind\u00edgenas en el mundo entero, que las transnacionales del agronegocio no solo violentan contra los derechos a la tierra de las familias, sino que atentan contra la soberan\u00eda alimentaria de la poblaci\u00f3n y contra la madre tierra.<br \/>Es un claro llamado que fue ahondado en el encuentro realizado en el Estado Plurinacional de Bolivia. Una obligaci\u00f3n moral de frenar la concentraci\u00f3n de la tierra. As\u00ed que reconocer un sujeto pol\u00edtico, econ\u00f3mico y social implica tambi\u00e9n estas cosas, reconocer, fortalecer y promover sistemas de producci\u00f3n variados, colectivos que existen en cada territorio.<br \/>APU: \u00bfTienen pensado un nuevo encuentro con el Papa?<br \/>DC: Probablemente se realice otro encuentro mundial de los movimientos populares con el Papa Francisco. Todav\u00eda no tenemos fecha.<br \/>APU: M\u00e1s all\u00e1 de la reuni\u00f3n con Francisco, \u00bfcu\u00e1l es la agenda de trabajo que deja el Encuentro?<br \/>DC: El principal desaf\u00edo tiene que ver con las tres \u201ct\u201d (Techo, Trabajo, Tierra). Hay que darle una din\u00e1mica propia a eso, seguir con el di\u00e1logo que est\u00e1 abierto, los 10 puntos estrat\u00e9gicos que se han consensuado y que apuntan a seguir trabajando para construir puentes entre los pueblos, que nos permitan derribar los muros de la exclusi\u00f3n y la explotaci\u00f3n.<\/span><\/span><\/p>\n<div style=\"text-align: justify\"><span style=\"font-family: Verdana,sans-serif\"><span style=\"color: #0b5394\"><span style=\"font-size: x-small\"><b>MNCI\/PRODUCCI\u00d3N RIACHUELO<\/b><\/span><\/span><\/span><\/div>\n<\/div>\n<p><span style=\"font-family: Verdana,sans-serif\"><span><\/span><\/span><\/p>\n","protected":false},"excerpt":{"rendered":"<p>\u00a1TIERRA!REPRODUCIMOS LAS PALABRAS DE DEOLINDA CARRIZO, REFERENTE DEL MOVIMIENTO NACIONAL CAMPESINO [Entrevista&nbsp;de la Agencia Paco Urondo] APU: \u00bfQu\u00e9 sensaciones les qued\u00f3 despu\u00e9s del II Encuentro de los Movimientos Populares con el Papa Francisco? Deolinda Carrizo: Es dif\u00edcil explicar las sensaciones, pero en general quedamos superados por lo claro, fuerte y hasta inimaginable de algunos p\u00e1rrafos [&hellip;]<\/p>\n","protected":false},"author":4,"featured_media":0,"comment_status":"open","ping_status":"open","sticky":false,"template":"","format":"standard","meta":{"_monsterinsights_skip_tracking":false,"_monsterinsights_sitenote_active":false,"_monsterinsights_sitenote_note":"","_monsterinsights_sitenote_category":0,"jnews-multi-image_gallery":[],"jnews_single_post":{"format":"standard"},"jnews_primary_category":[],"_joinchat":[],"footnotes":""},"categories":[58],"tags":[71,103],"class_list":["post-173","post","type-post","status-publish","format-standard","hentry","category-noticiariachuelo","tag-de-la-tierra","tag-movimientos-populares"],"_links":{"self":[{"href":"http:\/\/fmriachuelo.it10.com.ar\/index.php\/wp-json\/wp\/v2\/posts\/173","targetHints":{"allow":["GET"]}}],"collection":[{"href":"http:\/\/fmriachuelo.it10.com.ar\/index.php\/wp-json\/wp\/v2\/posts"}],"about":[{"href":"http:\/\/fmriachuelo.it10.com.ar\/index.php\/wp-json\/wp\/v2\/types\/post"}],"author":[{"embeddable":true,"href":"http:\/\/fmriachuelo.it10.com.ar\/index.php\/wp-json\/wp\/v2\/users\/4"}],"replies":[{"embeddable":true,"href":"http:\/\/fmriachuelo.it10.com.ar\/index.php\/wp-json\/wp\/v2\/comments?post=173"}],"version-history":[{"count":1,"href":"http:\/\/fmriachuelo.it10.com.ar\/index.php\/wp-json\/wp\/v2\/posts\/173\/revisions"}],"predecessor-version":[{"id":23867,"href":"http:\/\/fmriachuelo.it10.com.ar\/index.php\/wp-json\/wp\/v2\/posts\/173\/revisions\/23867"}],"wp:attachment":[{"href":"http:\/\/fmriachuelo.it10.com.ar\/index.php\/wp-json\/wp\/v2\/media?parent=173"}],"wp:term":[{"taxonomy":"category","embeddable":true,"href":"http:\/\/fmriachuelo.it10.com.ar\/index.php\/wp-json\/wp\/v2\/categories?post=173"},{"taxonomy":"post_tag","embeddable":true,"href":"http:\/\/fmriachuelo.it10.com.ar\/index.php\/wp-json\/wp\/v2\/tags?post=173"}],"curies":[{"name":"wp","href":"https:\/\/api.w.org\/{rel}","templated":true}]}}