{"id":1729,"date":"2015-10-01T01:41:00","date_gmt":"2015-10-01T01:41:00","guid":{"rendered":"http:\/\/fmriachuelo.observatorioess.org.ar\/index.php\/2015\/10\/01\/caba-economia-popular-en-colegiales\/"},"modified":"2015-10-01T01:41:00","modified_gmt":"2015-10-01T01:41:00","slug":"caba-economia-popular-en-colegiales","status":"publish","type":"post","link":"http:\/\/fmriachuelo.it10.com.ar\/index.php\/2015\/10\/01\/caba-economia-popular-en-colegiales\/","title":{"rendered":"CABA: ECONOM\u00cdA POPULAR EN COLEGIALES"},"content":{"rendered":"<p><span style=\"color: red;font-family: Verdana, sans-serif;font-size: large\"><b>FERIAS ITINERANTES EN LA CIUDAD<\/b><\/span><\/p>\n<div style=\"clear: both;text-align: center\"><a href=\"http:\/\/2.bp.blogspot.com\/-o1pGm6Z1CyQ\/VgyOtOrd78I\/AAAAAAAAGrY\/2p-4hTakY1k\/s1600\/feraias.jpg\" style=\"clear: left;float: left;margin-bottom: 1em;margin-right: 1em\"><img loading=\"lazy\" decoding=\"async\" border=\"0\" height=\"133\" src=\"http:\/\/2.bp.blogspot.com\/-o1pGm6Z1CyQ\/VgyOtOrd78I\/AAAAAAAAGrY\/2p-4hTakY1k\/s200\/feraias.jpg\" width=\"200\" \/><\/a><\/div>\n<div style=\"text-align: justify\"><span style=\"font-family: Verdana, sans-serif\">El pasado S\u00e1bado 19 de Septiembre se realiz\u00f3 el \u201cFestival de Ferias de la Econom\u00eda Popular\u201d, <\/span><span style=\"font-family: Verdana, sans-serif\"><span style=\"font-family: Verdana, sans-serif\">con m\u00e1s de 100 puestos,<\/span> en la Plaza Mafalda, de Colegiales. Una gran convocatoria de vecinos del barrio concurrieron durante toda la tarde a disfrutar del paseo y tambi\u00e9n de la jornada art\u00edstica que incluy\u00f3 bandas de distintos g\u00e9neros y una radio abierta.<\/span><br \/><a name='more'><\/a><span style=\"font-family: Verdana, sans-serif\">El festival fue organizado entre varias ferias y cooperativas que conforman la CTEP Capital como la Alfonsina Storni, Che Floresta, Eloy Quiroga, Polaco Goyeneche, Consumo Popular, una cooperativa de consumo, entre otras. Tambi\u00e9n participaron del festival la Mesa del Sur, un colectivo de organizaciones sociales y culturales y grupos de colectividades compuestas principalmente por feriantes y artesanos.<\/span><br \/><span style=\"font-family: Verdana, sans-serif\">\u201cNuestro objetivo fue visibilizar y aunar todas estas experiencias que venimos desarrollando desde hace m\u00e1s de un a\u00f1o en la Ciudad. Nos reconocemos como trabajadores y trabajadoras de los espacios p\u00fablicos con el derecho a comercializar en la calle, en las estaciones y en las plazas de nuestros barrios tanto lo que producimos como los productos de consumo masivo que vendemos, es por ese motivo que decidimos realizar el festival en la Plaza Mafalda del barrio de Colegiales y hacer el lanzamiento de la Federaci\u00f3n de Espacios P\u00fablicos de Capital (Fetrep-Caba)\u201d, explicitaron desde la organizaci\u00f3n del gran evento.<br \/>En tanto que en relaci\u00f3n a los objetivos que persiguen los trabajadores de los espacios p\u00fablicos, puntualizaron que \u201cestamos convencidos y convencidas que solo con la organizaci\u00f3n popular podremos alcanzar condiciones mas dignas de trabajo para nosotros y nuestras familias. Nuestras ferias y mercados populares llegaron para quedarse no solo porque son espacios donde los trabajadores pueden vender sino para que la comunidad pueda acceder a productos de mejor calidad a un precio mas justo en contraposici\u00f3n a lo que los grandes monopolios economicos nos obligan a comprar\u201d.<br \/>Estos eventos se realizar\u00e1n de manera itinerante una vez al mes en distintos barrios de Capital Federal<\/span><\/p>\n<div style=\"text-align: justify\"><span style=\"font-family: Verdana\"><span style=\"font-size: x-small\"><span style=\"color: #0b5394\"><b>CTEP ARGENTINA\/PRODUCCI\u00d3N RIACHUELO<\/b><\/span><\/span><\/span><\/div>\n<\/div>\n","protected":false},"excerpt":{"rendered":"<p>FERIAS ITINERANTES EN LA CIUDAD El pasado S\u00e1bado 19 de Septiembre se realiz\u00f3 el \u201cFestival de Ferias de la Econom\u00eda Popular\u201d, con m\u00e1s de 100 puestos, en la Plaza Mafalda, de Colegiales. Una gran convocatoria de vecinos del barrio concurrieron durante toda la tarde a disfrutar del paseo y tambi\u00e9n de la jornada art\u00edstica que [&hellip;]<\/p>\n","protected":false},"author":4,"featured_media":0,"comment_status":"open","ping_status":"open","sticky":false,"template":"","format":"standard","meta":{"_monsterinsights_skip_tracking":false,"_monsterinsights_sitenote_active":false,"_monsterinsights_sitenote_note":"","_monsterinsights_sitenote_category":0,"jnews-multi-image_gallery":[],"jnews_single_post":[],"jnews_primary_category":[],"_joinchat":[],"footnotes":""},"categories":[1],"tags":[],"class_list":["post-1729","post","type-post","status-publish","format-standard","hentry","category-habitat"],"_links":{"self":[{"href":"http:\/\/fmriachuelo.it10.com.ar\/index.php\/wp-json\/wp\/v2\/posts\/1729","targetHints":{"allow":["GET"]}}],"collection":[{"href":"http:\/\/fmriachuelo.it10.com.ar\/index.php\/wp-json\/wp\/v2\/posts"}],"about":[{"href":"http:\/\/fmriachuelo.it10.com.ar\/index.php\/wp-json\/wp\/v2\/types\/post"}],"author":[{"embeddable":true,"href":"http:\/\/fmriachuelo.it10.com.ar\/index.php\/wp-json\/wp\/v2\/users\/4"}],"replies":[{"embeddable":true,"href":"http:\/\/fmriachuelo.it10.com.ar\/index.php\/wp-json\/wp\/v2\/comments?post=1729"}],"version-history":[{"count":0,"href":"http:\/\/fmriachuelo.it10.com.ar\/index.php\/wp-json\/wp\/v2\/posts\/1729\/revisions"}],"wp:attachment":[{"href":"http:\/\/fmriachuelo.it10.com.ar\/index.php\/wp-json\/wp\/v2\/media?parent=1729"}],"wp:term":[{"taxonomy":"category","embeddable":true,"href":"http:\/\/fmriachuelo.it10.com.ar\/index.php\/wp-json\/wp\/v2\/categories?post=1729"},{"taxonomy":"post_tag","embeddable":true,"href":"http:\/\/fmriachuelo.it10.com.ar\/index.php\/wp-json\/wp\/v2\/tags?post=1729"}],"curies":[{"name":"wp","href":"https:\/\/api.w.org\/{rel}","templated":true}]}}