{"id":1728,"date":"2015-10-01T02:04:00","date_gmt":"2015-10-01T02:04:00","guid":{"rendered":"http:\/\/fmriachuelo.observatorioess.org.ar\/index.php\/2015\/10\/01\/caba-no-a-la-privatizacion-del-parque-chacabuco\/"},"modified":"2015-10-01T02:04:00","modified_gmt":"2015-10-01T02:04:00","slug":"caba-no-a-la-privatizacion-del-parque-chacabuco","status":"publish","type":"post","link":"http:\/\/fmriachuelo.it10.com.ar\/index.php\/2015\/10\/01\/caba-no-a-la-privatizacion-del-parque-chacabuco\/","title":{"rendered":"CABA: NO A LA PRIVATIZACI\u00d3N DEL PARQUE CHACABUCO"},"content":{"rendered":"<div align=\"LEFT\"><span style=\"font-family: Verdana,sans-serif\"><span style=\"color: red;font-size: large\"><b>VECINOS ORGANIZADOS EN LUCHA<\/b><\/span><\/span><\/div>\n<div style=\"text-align: justify\"><span style=\"font-family: Verdana,sans-serif\"><a href=\"http:\/\/4.bp.blogspot.com\/-tvX-av9Lm6g\/VgySXuP4YOI\/AAAAAAAAGrk\/hqi8sCCr5RQ\/s1600\/pqu%2Bchacabuco.png\" style=\"clear: left;float: left;margin-bottom: 1em;margin-right: 1em\"><img loading=\"lazy\" decoding=\"async\" border=\"0\" height=\"200\" src=\"http:\/\/4.bp.blogspot.com\/-tvX-av9Lm6g\/VgySXuP4YOI\/AAAAAAAAGrk\/hqi8sCCr5RQ\/s200\/pqu%2Bchacabuco.png\" width=\"171\" \/><\/a>Convocamos a todos los medios de difusi\u00f3n<br \/>Movilizaci\u00f3n en el Parque Chacabuco en contra de la instalaci\u00f3n de Bares<br \/>Se realizar\u00e1 este domingo 4 de octubre a las 11 hs en la esquina de Asamblea y Emilio Mitre, CABA.Los vecinos de la Ciudad de Buenos Aires e integrantes de la Asamblea Parque Chacabuco pedimos&nbsp;la <b>NO CONSTRUCCI\u00d3N de BARES<\/b> dentro del Parque Chacabuco.<\/span><br \/><a name='more'><\/a>La Junta Comunal y el Consejo Consultivo de la Comuna 7 han expresado claramente y por&nbsp;unanimidad el rechazo categ\u00f3rico a la instalaci\u00f3n de Bares en el Parque.<br \/>El Parque Chacabuco, en sus comienzos, en el a\u00f1o 1903, abarcaba 20 ha de espacio verde.<br \/>Actualmente posee alrededor de 8 ha de espacio verde, ya que se fueron instalando dentro del parque:<\/p>\n<div align=\"LEFT\"><span style=\"font-family: Verdana,sans-serif\">&#8211; una autopista,<br \/> &#8211; cinco escuelas<br \/>&#8211; un polideportivo<br \/>&#8211; un centro cultural<br \/>&#8211; una estaci\u00f3n saludable<br \/>&#8211; un anfiteatro<br \/>&#8211;&nbsp;un estacionamiento privado<br \/>&#8211;&nbsp;un natatorio<br \/>&#8211; un centro de vialidad<br \/>&#8211;&nbsp;una casa ocupada por el sindicato de los trabajadores municipales de la ciudad de Buenos Aires<br \/>&#8211;&nbsp; una entrada a la estaci\u00f3n de subterr\u00e1neo<br \/>&#8211;&nbsp; un BAR de 500 m2<br \/>&#8211;&nbsp; cientos de calles internas de cemento<br \/>&#8211;&nbsp; accesos vehiculares<br \/>La Organizaci\u00f3n Mundial de la Salud recomienda como saludable entre 15 m2 y 10 m2 de \u00e1rea verde por&nbsp;habitante. La Ciudad de Buenos Aires tiene solamente 1,8 m2 de espacio verde por habitante.<br \/>Recordemos que los espacios verdes son espacios ocupados por \u00e1rboles y plantas que sirven para&nbsp;descontaminar el aire, refrescar el ambiente, absorber el agua y darnos ox\u00edgeno.<br \/>Estamos en contra de la instalaci\u00f3n de bares porque:<br \/>1) Quita espacio verde al parque. De las 20 ha que ten\u00eda el parque, hoy s\u00f3lo le quedan 8 ha.<br \/>2) Privatiza espacio p\u00fablico y verde.<br \/>3) Perjudica a los comercios aleda\u00f1os al parque. Hay m\u00e1s de 30 comercios alrededor del parque.<br \/>4) Ya hay un Bar de 500 m2 dentro del parque.<br \/>5) Ya hay ba\u00f1os p\u00fablicos subterr\u00e1neos en el parque que habr\u00eda que desenterrar para ser utilizados.<br \/>Tambi\u00e9n hay ba\u00f1os p\u00fablicos en el polideportivo, en el Centro Cultural Adan Buenosayres y en el Bar que&nbsp;se encuentra debajo de la autopista.<br \/>6) Fue un proyecto inconsulto que no pas\u00f3 por las comunas. El Consejo Consultivo y la Junta Comunal de la<br \/>Comuna 7 rechaz\u00f3, por UNANIMIDAD, la construcci\u00f3n de Bares.<br \/>7) Viola los art\u00edculos de la Constituci\u00f3n de CABA. Esta Ley ser\u00eda inconstitucional seg\u00fan la Constituci\u00f3n de la<br \/>CABA considerando los art\u00edculos 26, 27, 29, 30 y 34.<span style=\"font-size: x-small\"><span style=\"font-size: x-small\">&nbsp;<\/span><\/span><\/span><br \/><span style=\"font-family: Verdana,sans-serif\"><span style=\"font-size: x-small\"><span style=\"font-size: x-small\"><span style=\"color: #0b5394\"><b>ASAMBLE<span style=\"font-size: x-small\">A DEL PARQUE CHACABUCO\/PRODUCCI\u00d3N RIACHUELO<\/span> <\/b><\/span><\/span><\/span><\/span><\/div>\n<\/div>\n","protected":false},"excerpt":{"rendered":"<p>VECINOS ORGANIZADOS EN LUCHA Convocamos a todos los medios de difusi\u00f3nMovilizaci\u00f3n en el Parque Chacabuco en contra de la instalaci\u00f3n de BaresSe realizar\u00e1 este domingo 4 de octubre a las 11 hs en la esquina de Asamblea y Emilio Mitre, CABA.Los vecinos de la Ciudad de Buenos Aires e integrantes de la Asamblea Parque Chacabuco [&hellip;]<\/p>\n","protected":false},"author":4,"featured_media":0,"comment_status":"open","ping_status":"open","sticky":false,"template":"","format":"standard","meta":{"_monsterinsights_skip_tracking":false,"_monsterinsights_sitenote_active":false,"_monsterinsights_sitenote_note":"","_monsterinsights_sitenote_category":0,"jnews-multi-image_gallery":[],"jnews_single_post":[],"jnews_primary_category":[],"_joinchat":[],"footnotes":""},"categories":[1],"tags":[],"class_list":["post-1728","post","type-post","status-publish","format-standard","hentry","category-habitat"],"_links":{"self":[{"href":"http:\/\/fmriachuelo.it10.com.ar\/index.php\/wp-json\/wp\/v2\/posts\/1728","targetHints":{"allow":["GET"]}}],"collection":[{"href":"http:\/\/fmriachuelo.it10.com.ar\/index.php\/wp-json\/wp\/v2\/posts"}],"about":[{"href":"http:\/\/fmriachuelo.it10.com.ar\/index.php\/wp-json\/wp\/v2\/types\/post"}],"author":[{"embeddable":true,"href":"http:\/\/fmriachuelo.it10.com.ar\/index.php\/wp-json\/wp\/v2\/users\/4"}],"replies":[{"embeddable":true,"href":"http:\/\/fmriachuelo.it10.com.ar\/index.php\/wp-json\/wp\/v2\/comments?post=1728"}],"version-history":[{"count":0,"href":"http:\/\/fmriachuelo.it10.com.ar\/index.php\/wp-json\/wp\/v2\/posts\/1728\/revisions"}],"wp:attachment":[{"href":"http:\/\/fmriachuelo.it10.com.ar\/index.php\/wp-json\/wp\/v2\/media?parent=1728"}],"wp:term":[{"taxonomy":"category","embeddable":true,"href":"http:\/\/fmriachuelo.it10.com.ar\/index.php\/wp-json\/wp\/v2\/categories?post=1728"},{"taxonomy":"post_tag","embeddable":true,"href":"http:\/\/fmriachuelo.it10.com.ar\/index.php\/wp-json\/wp\/v2\/tags?post=1728"}],"curies":[{"name":"wp","href":"https:\/\/api.w.org\/{rel}","templated":true}]}}