{"id":1727,"date":"2015-10-01T02:13:00","date_gmt":"2015-10-01T02:13:00","guid":{"rendered":"http:\/\/fmriachuelo.observatorioess.org.ar\/index.php\/2015\/10\/01\/comunicacion-popular-red-nacional-de-medios-alternativos-y-la-situacion-de-antena-negra\/"},"modified":"2015-10-01T02:13:00","modified_gmt":"2015-10-01T02:13:00","slug":"comunicacion-popular-red-nacional-de-medios-alternativos-y-la-situacion-de-antena-negra","status":"publish","type":"post","link":"http:\/\/fmriachuelo.it10.com.ar\/index.php\/2015\/10\/01\/comunicacion-popular-red-nacional-de-medios-alternativos-y-la-situacion-de-antena-negra\/","title":{"rendered":"COMUNICACI\u00d3N POPULAR: RED NACIONAL DE MEDIOS ALTERNATIVOS Y LA SITUACI\u00d3N DE ANTENA NEGRA"},"content":{"rendered":"<p><span style=\"font-family: Verdana,sans-serif\"><span style=\"font-size: small\"><span style=\"color: red\"><span style=\"font-size: large\"><b>OPTIMISMO<\/b><\/span><\/span><br \/>ANTENA NEGRA EN CAMINO DE VOLVER AL AIRE <\/span><\/span><\/p>\n<div style=\"clear: both;text-align: center\"><a href=\"http:\/\/4.bp.blogspot.com\/-RATQaIaCslw\/VgyV7Cxo0JI\/AAAAAAAAGrw\/6lOpM48tv1c\/s1600\/Antena%2Bne.png\" style=\"clear: left;float: left;margin-bottom: 1em;margin-right: 1em\"><img loading=\"lazy\" decoding=\"async\" border=\"0\" height=\"112\" src=\"http:\/\/4.bp.blogspot.com\/-RATQaIaCslw\/VgyV7Cxo0JI\/AAAAAAAAGrw\/6lOpM48tv1c\/s200\/Antena%2Bne.png\" width=\"200\" \/><\/a><\/div>\n<div style=\"text-align: justify\"><span style=\"font-family: Verdana, sans-serif\">[Ciudad de Buenos Aires . 29\/9\/2015] Luego de dos horas de indagatoria en el Juzgado en lo Criminal y Correccional N\u00ba 8, Martin Sande, integrante de Antena Negra TV que est\u00e1 judicializado en el marco de la supuesta interferencia del canal digital 20, se mostr\u00f3 optimista en cuanto a que la causa penal en su contra pueda cerrarse.<\/span><br \/><a name='more'><\/a><span style=\"font-family: Verdana, sans-serif\">As\u00ed lo manifest\u00f3 a la salida de Comodro Py durante la emisi\u00f3n del Enredando las Ma\u00f1anas, el programa diario de la Red Nacional de Medios Alternativos. El tribunal tiene ahora 10 d\u00edas h\u00e1biles para expedirse en relaci\u00f3n a la causa penal.<\/span><br \/><span style=\"font-family: Verdana, sans-serif\">Sande coment\u00f3 que despu\u00e9s de haber presentado junto a sus abogados, Mar\u00eda del C\u00e1rmen Verdu y Mart\u00edn Alderete, todos los elementos y argumentaciones que prueban que la frecuencia 20 est\u00e1 reservada para la radiodifusi\u00f3n, el tribunal se mostr\u00f3 sorprendido por la omisi\u00f3n de la AFSCA de estos elementos.<br \/>\u201cLa secretaria plante\u00f3 incluso que lo expuesto por la AFSCA podr\u00eda considerarse falso testimonio\u201d, dijo Sande con relaci\u00f3n a la declaraci\u00f3n en el expediente de tres altos funcionarios, previo al operativo de secuestro de equipos del pasado 4 de setiembre.<br \/>Algo a destacar es que la Fiscal\u00eda se present\u00f3 en la causa avalando los argumentos de la Defensor\u00eda de P\u00fablico en su Amicus Curaie  y la reciente presentaci\u00f3n realizada por la AFSCA pidiendo una resolucion \u00abno estigmatizante\u00bb. Adem\u00e1s la Fiscal\u00eda se pronunci\u00f3 a favor del archivo de la causa penal.<br \/>\u201cTe\u00f1\u00edamos toda las demostraciones que avalaban que nunca estuvimos interfiriendo las comunicaciones, sino poniendo al aire un canal. Y la secretar\u00eda y el juzgado en general aceptaron estos argumentos. Ma\u00f1ana o pasado estaremos pidiendo la restituci\u00f3n de los equipos y esperamos que el juzgado le de curso para que Antena pueda volver a transmitir\u201d, agreg\u00f3 Sande.<br \/> \u201cAgradecemos a la RNMA y a todos los compa\u00f1eros y compa\u00f1eras que nos han dado su apoyo. Para hacer p\u00fablica nuestra verdad nos han ayudado muchas personas y sin ellas esto no hubiese podido ser posible\u201d, finaliz\u00f3 Sande.<br \/><span style=\"font-size: x-small\"><b>Contactos: PRENSA ANTENA NEGRA TV  116 027 5123 &#8211; 116 006 7324<\/b><\/span><\/span><span style=\"font-size: x-small\"><span style=\"color: #0b5394\"><b><a href=\"http:\/\/rnma.org.ar\/\"><span style=\"font-family: Verdana, sans-serif\">rnma.org.ar<\/span><\/a><span style=\"font-family: Verdana, sans-serif\">\/PRODUCCI\u00d3N RIACHUELO<\/span><\/b><\/span><\/span><br \/><span style=\"font-family: verdana, sans-serif\"><\/span><br \/><span style=\"font-family: verdana, sans-serif\"><\/span><\/div>\n","protected":false},"excerpt":{"rendered":"<p>OPTIMISMOANTENA NEGRA EN CAMINO DE VOLVER AL AIRE [Ciudad de Buenos Aires . 29\/9\/2015] Luego de dos horas de indagatoria en el Juzgado en lo Criminal y Correccional N\u00ba 8, Martin Sande, integrante de Antena Negra TV que est\u00e1 judicializado en el marco de la supuesta interferencia del canal digital 20, se mostr\u00f3 optimista en [&hellip;]<\/p>\n","protected":false},"author":4,"featured_media":0,"comment_status":"open","ping_status":"open","sticky":false,"template":"","format":"standard","meta":{"_monsterinsights_skip_tracking":false,"_monsterinsights_sitenote_active":false,"_monsterinsights_sitenote_note":"","_monsterinsights_sitenote_category":0,"jnews-multi-image_gallery":[],"jnews_single_post":[],"jnews_primary_category":[],"_joinchat":[],"footnotes":""},"categories":[1],"tags":[],"class_list":["post-1727","post","type-post","status-publish","format-standard","hentry","category-habitat"],"_links":{"self":[{"href":"http:\/\/fmriachuelo.it10.com.ar\/index.php\/wp-json\/wp\/v2\/posts\/1727","targetHints":{"allow":["GET"]}}],"collection":[{"href":"http:\/\/fmriachuelo.it10.com.ar\/index.php\/wp-json\/wp\/v2\/posts"}],"about":[{"href":"http:\/\/fmriachuelo.it10.com.ar\/index.php\/wp-json\/wp\/v2\/types\/post"}],"author":[{"embeddable":true,"href":"http:\/\/fmriachuelo.it10.com.ar\/index.php\/wp-json\/wp\/v2\/users\/4"}],"replies":[{"embeddable":true,"href":"http:\/\/fmriachuelo.it10.com.ar\/index.php\/wp-json\/wp\/v2\/comments?post=1727"}],"version-history":[{"count":0,"href":"http:\/\/fmriachuelo.it10.com.ar\/index.php\/wp-json\/wp\/v2\/posts\/1727\/revisions"}],"wp:attachment":[{"href":"http:\/\/fmriachuelo.it10.com.ar\/index.php\/wp-json\/wp\/v2\/media?parent=1727"}],"wp:term":[{"taxonomy":"category","embeddable":true,"href":"http:\/\/fmriachuelo.it10.com.ar\/index.php\/wp-json\/wp\/v2\/categories?post=1727"},{"taxonomy":"post_tag","embeddable":true,"href":"http:\/\/fmriachuelo.it10.com.ar\/index.php\/wp-json\/wp\/v2\/tags?post=1727"}],"curies":[{"name":"wp","href":"https:\/\/api.w.org\/{rel}","templated":true}]}}