{"id":1726,"date":"2015-10-01T02:22:00","date_gmt":"2015-10-01T02:22:00","guid":{"rendered":"http:\/\/fmriachuelo.observatorioess.org.ar\/index.php\/2015\/10\/01\/evo-morales-en-la-70o-asamblea-general-de-la-onu\/"},"modified":"2015-10-01T02:22:00","modified_gmt":"2015-10-01T02:22:00","slug":"evo-morales-en-la-70o-asamblea-general-de-la-onu","status":"publish","type":"post","link":"http:\/\/fmriachuelo.it10.com.ar\/index.php\/2015\/10\/01\/evo-morales-en-la-70o-asamblea-general-de-la-onu\/","title":{"rendered":"EVO MORALES EN LA 70\u00ba ASAMBLEA GENERAL DE LA ONU"},"content":{"rendered":"<p><span style=\"color: red;font-family: Verdana, sans-serif;font-size: large\"><b>LA VOZ DE LOS PUEBLOS DE LA PATRIA<span style=\"font-size: large\"> <\/span>GRANDE<\/b><\/span><br \/><span style=\"color: black;font-family: Verdana, sans-serif\">\u00abEL CAPITALISMO ES UN MODELO FRACASADO, SIN FUTURO\u00bb<\/span>&nbsp; <\/p>\n<div style=\"clear: both;text-align: center\"><a href=\"http:\/\/4.bp.blogspot.com\/-JPvPHirZfIk\/VgyX8AfTxdI\/AAAAAAAAGr8\/fS5m0-R4o5Q\/s1600\/evo.jpg\" style=\"clear: left;float: left;margin-bottom: 1em;margin-right: 1em\"><img loading=\"lazy\" decoding=\"async\" border=\"0\" height=\"112\" src=\"http:\/\/4.bp.blogspot.com\/-JPvPHirZfIk\/VgyX8AfTxdI\/AAAAAAAAGr8\/fS5m0-R4o5Q\/s200\/evo.jpg\" width=\"200\" \/><\/a><\/div>\n<div style=\"text-align: justify\"><span style=\"font-family: Verdana, sans-serif\">El presidente de Bolivia, Evo Morales, en su discurso en el marco del debate general de la 70\u00aa Asamblea General de la ONU, realiz\u00f3 fuertes cr\u00edticas hacia EE.UU. por su \u00abpol\u00edtica expansionista\u00bb y adem\u00e1s se\u00f1al\u00f3 que el sistema capitalista no es la soluci\u00f3n para el actual mundo.<\/span><br \/><a name='more'><\/a><span style=\"font-family: Verdana, sans-serif\">Morales asever\u00f3 que no cree en el capitalismo debido a que este \u00abno es la soluci\u00f3n para la vida y menos para la humanidad\u00bb, y agreg\u00f3 que el \u00abcapitalismo tiene para\u00edsos fiscales, mientras que los seres humanos miseria\u00bb.<br \/>Tambi\u00e9n critic\u00f3 que EE.UU. trat\u00e9 de ejercer como polic\u00eda del mundo y revel\u00f3 que cuando lleg\u00f3 a la Presidencia boliviana en 2006, varios mensajeros estadounidenses acudieron a \u00e9l para darle indicaciones de no mantener relaciones con pa\u00edses como Cuba o Ir\u00e1n. \u00abNadie me va a prohibir con qui\u00e9n tener relaciones diplom\u00e1ticas y con qui\u00e9n no\u00bb, agreg\u00f3.<\/span><\/div>\n<p><span style=\"font-family: Verdana, sans-serif\"><\/span><br \/><span style=\"font-family: Verdana, sans-serif\">El presidente boliviano asegur\u00f3 que \u00abla guerra es el mejor negocio del capitalismo\u00bb al tiempo que insisti\u00f3 en que los pa\u00edses desarrollados son los que siguen respaldando las pol\u00edticas neoliberales que arremeten contra los m\u00e1s necesitados.<br \/>Reiter\u00f3 que como consecuencia de las guerras imperiales \u00ablos oc\u00e9anos se han convertido en cementerios de refugiados y los pa\u00edses en trincheras de la guerra\u00bb. Conden\u00f3 el capitalismo como forma de hacer pol\u00edtica, al tiempo que reiter\u00f3 que la misma afecta de manera directa el medioambiente y al desarrollo sostenible de la humanidad.<br \/>Adem\u00e1s denunci\u00f3 que Occidente ha gastado varios miles millones de d\u00f3lares para intervenir pa\u00edses como Libia y Siria, que se est\u00e1n desangrando por conflictos internos, pero no dan nada para combatir el calentamiento global. \u00abEstados Unidos y la <\/span><span style=\"font-family: Verdana, sans-serif\">OTAN<\/span><span style=\"font-family: Verdana, sans-serif\"> intervinieron con la excusa de promover la democracia en Libia, pero ahora que ese pa\u00eds est\u00e1 destrozado y sus recursos naturales en manos de las transnacionales ya no les interesa\u00bb, coment\u00f3.<br \/>Por otra parte salud\u00f3 el avance de la normalizaci\u00f3n de las <\/span><span style=\"font-family: Verdana, sans-serif\">relaciones diplom\u00e1ticas<\/span><span style=\"font-family: Verdana, sans-serif\"> entre Cuba y EE.UU., al tiempo que exhort\u00f3 a Washington a devolverle Guant\u00e1namo a la mayor de las Antillas.<\/span><br \/><span style=\"font-family: Verdana, sans-serif\"><span style=\"color: #0b5394\"><span style=\"font-size: x-small\"><b>RT\/PRODUCCI\u00d3N RIACHUELO <\/b><\/span><\/span><\/span><\/p>\n","protected":false},"excerpt":{"rendered":"<p>LA VOZ DE LOS PUEBLOS DE LA PATRIA GRANDE\u00abEL CAPITALISMO ES UN MODELO FRACASADO, SIN FUTURO\u00bb&nbsp; El presidente de Bolivia, Evo Morales, en su discurso en el marco del debate general de la 70\u00aa Asamblea General de la ONU, realiz\u00f3 fuertes cr\u00edticas hacia EE.UU. por su \u00abpol\u00edtica expansionista\u00bb y adem\u00e1s se\u00f1al\u00f3 que el sistema capitalista [&hellip;]<\/p>\n","protected":false},"author":4,"featured_media":0,"comment_status":"open","ping_status":"open","sticky":false,"template":"","format":"standard","meta":{"_monsterinsights_skip_tracking":false,"_monsterinsights_sitenote_active":false,"_monsterinsights_sitenote_note":"","_monsterinsights_sitenote_category":0,"jnews-multi-image_gallery":[],"jnews_single_post":[],"jnews_primary_category":[],"_joinchat":[],"footnotes":""},"categories":[1],"tags":[],"class_list":["post-1726","post","type-post","status-publish","format-standard","hentry","category-habitat"],"_links":{"self":[{"href":"http:\/\/fmriachuelo.it10.com.ar\/index.php\/wp-json\/wp\/v2\/posts\/1726","targetHints":{"allow":["GET"]}}],"collection":[{"href":"http:\/\/fmriachuelo.it10.com.ar\/index.php\/wp-json\/wp\/v2\/posts"}],"about":[{"href":"http:\/\/fmriachuelo.it10.com.ar\/index.php\/wp-json\/wp\/v2\/types\/post"}],"author":[{"embeddable":true,"href":"http:\/\/fmriachuelo.it10.com.ar\/index.php\/wp-json\/wp\/v2\/users\/4"}],"replies":[{"embeddable":true,"href":"http:\/\/fmriachuelo.it10.com.ar\/index.php\/wp-json\/wp\/v2\/comments?post=1726"}],"version-history":[{"count":0,"href":"http:\/\/fmriachuelo.it10.com.ar\/index.php\/wp-json\/wp\/v2\/posts\/1726\/revisions"}],"wp:attachment":[{"href":"http:\/\/fmriachuelo.it10.com.ar\/index.php\/wp-json\/wp\/v2\/media?parent=1726"}],"wp:term":[{"taxonomy":"category","embeddable":true,"href":"http:\/\/fmriachuelo.it10.com.ar\/index.php\/wp-json\/wp\/v2\/categories?post=1726"},{"taxonomy":"post_tag","embeddable":true,"href":"http:\/\/fmriachuelo.it10.com.ar\/index.php\/wp-json\/wp\/v2\/tags?post=1726"}],"curies":[{"name":"wp","href":"https:\/\/api.w.org\/{rel}","templated":true}]}}