{"id":1724,"date":"2015-10-01T06:30:00","date_gmt":"2015-10-01T06:30:00","guid":{"rendered":"http:\/\/fmriachuelo.observatorioess.org.ar\/index.php\/2015\/10\/01\/universidad-nacional-arturo-jaureche-las-3t-de-francisco\/"},"modified":"2015-10-01T06:30:00","modified_gmt":"2015-10-01T06:30:00","slug":"universidad-nacional-arturo-jaureche-las-3t-de-francisco","status":"publish","type":"post","link":"http:\/\/fmriachuelo.it10.com.ar\/index.php\/2015\/10\/01\/universidad-nacional-arturo-jaureche-las-3t-de-francisco\/","title":{"rendered":"UNIVERSIDAD NACIONAL ARTURO JAURECHE: LAS \u00ab3T\u00bb DE FRANCISCO"},"content":{"rendered":"<div style=\"text-align: justify\"><span style=\"color: red;font-family: Verdana, sans-serif;font-size: large\"><b>DEBATE ABIERTO<\/b><\/span><br \/><a href=\"http:\/\/1.bp.blogspot.com\/--MnGPVlrV1U\/Vgq8xnIAHrI\/AAAAAAAAGrE\/cRcJ11fIHeA\/s1600\/3T.png\" style=\"clear: left;float: left;margin-bottom: 1em;margin-right: 1em\"><img loading=\"lazy\" decoding=\"async\" border=\"0\" height=\"200\" src=\"http:\/\/1.bp.blogspot.com\/--MnGPVlrV1U\/Vgq8xnIAHrI\/AAAAAAAAGrE\/cRcJ11fIHeA\/s200\/3T.png\" width=\"140\" \/><\/a> <span style=\"font-family: Verdana, sans-serif\">[FMR&nbsp;30\/9\/15]<\/span><span style=\"font-family: Verdana, sans-serif\"> El Secretario de Vivienda y Habitat de la Confederaci\u00f3n de Trabajadores de la Econom\u00eda Popular, CTEP, Lito Borello, expres\u00f3 ayer en la mesa de Techo algunas palabras sobre el rol de los sectores populares y la necesidad de luchar por condiciones de vivienda m\u00e1s dignas para el pueblo.<\/span><br \/><b><span style=\"color: black\"><span style=\"font-family: Verdana, sans-serif\">Escuchalo<\/span><span style=\"font-family: Verdana, sans-serif\">&nbsp;a continuaci\u00f3n:<\/span><\/span><\/b><br \/><b><span style=\"color: #351c75;font-family: Verdana, sans-serif\">&#8211; <\/span><\/b><a href=\"http:\/\/www.mediafire.com\/listen\/owb1m7i7sw77oia\/09-30-2015+-+LITO+BORELLO%2C+SEC+DE+HABITAT+CTEP+-+EL+PUEBLO+ORGANIZADO.MP3\"><b><span style=\"color: #351c75;font-family: Verdana, sans-serif\">EL PUEBLO ORGANIZADO<\/span><\/b><\/a><br \/>&#8211; <a href=\"http:\/\/www.mediafire.com\/listen\/rcccdbgo3dkccyc\/09-30-2015_-_LITO_BORELLO%2C_SEC_DE_HABITAT_CTEP_-_LA_ECONOMIA_POPULAR.MP3\"><span style=\"color: #351c75;font-family: Verdana, sans-serif\"><b>SECRETAR\u00cdA DE VIVIENDA Y H\u00c1BITAT POPULAR, UN LUGAR DIGNO PARA EL PUEBLO<\/b><\/span><\/a><br \/><a name='more'><\/a><br \/><span style=\"font-family: Verdana, sans-serif\">Ayer desde las 16 hs. con la participaci\u00f3n de referentes de la CTEP se desarrollan actividades alrededor del acceso a los derechos b\u00e1sicos para los trabajadores: Tierra, Techo y Trabajo. Tal como lo viene se\u00f1alando el Papa Francisco.<\/span><\/div>\n<div style=\"text-align: justify\"><span style=\"color: #0b5394;font-family: Verdana, sans-serif;font-size: x-small\"><b>CTEP ARGENTINA\/PRODUCCI\u00d3N RIACHUELO<\/b><\/span><\/div>\n","protected":false},"excerpt":{"rendered":"<p>DEBATE ABIERTO [FMR&nbsp;30\/9\/15] El Secretario de Vivienda y Habitat de la Confederaci\u00f3n de Trabajadores de la Econom\u00eda Popular, CTEP, Lito Borello, expres\u00f3 ayer en la mesa de Techo algunas palabras sobre el rol de los sectores populares y la necesidad de luchar por condiciones de vivienda m\u00e1s dignas para el pueblo.Escuchalo&nbsp;a continuaci\u00f3n:&#8211; EL PUEBLO ORGANIZADO&#8211; [&hellip;]<\/p>\n","protected":false},"author":4,"featured_media":0,"comment_status":"open","ping_status":"open","sticky":false,"template":"","format":"standard","meta":{"_monsterinsights_skip_tracking":false,"_monsterinsights_sitenote_active":false,"_monsterinsights_sitenote_note":"","_monsterinsights_sitenote_category":0,"jnews-multi-image_gallery":[],"jnews_single_post":[],"jnews_primary_category":[],"_joinchat":[],"footnotes":""},"categories":[1],"tags":[],"class_list":["post-1724","post","type-post","status-publish","format-standard","hentry","category-habitat"],"_links":{"self":[{"href":"http:\/\/fmriachuelo.it10.com.ar\/index.php\/wp-json\/wp\/v2\/posts\/1724","targetHints":{"allow":["GET"]}}],"collection":[{"href":"http:\/\/fmriachuelo.it10.com.ar\/index.php\/wp-json\/wp\/v2\/posts"}],"about":[{"href":"http:\/\/fmriachuelo.it10.com.ar\/index.php\/wp-json\/wp\/v2\/types\/post"}],"author":[{"embeddable":true,"href":"http:\/\/fmriachuelo.it10.com.ar\/index.php\/wp-json\/wp\/v2\/users\/4"}],"replies":[{"embeddable":true,"href":"http:\/\/fmriachuelo.it10.com.ar\/index.php\/wp-json\/wp\/v2\/comments?post=1724"}],"version-history":[{"count":0,"href":"http:\/\/fmriachuelo.it10.com.ar\/index.php\/wp-json\/wp\/v2\/posts\/1724\/revisions"}],"wp:attachment":[{"href":"http:\/\/fmriachuelo.it10.com.ar\/index.php\/wp-json\/wp\/v2\/media?parent=1724"}],"wp:term":[{"taxonomy":"category","embeddable":true,"href":"http:\/\/fmriachuelo.it10.com.ar\/index.php\/wp-json\/wp\/v2\/categories?post=1724"},{"taxonomy":"post_tag","embeddable":true,"href":"http:\/\/fmriachuelo.it10.com.ar\/index.php\/wp-json\/wp\/v2\/tags?post=1724"}],"curies":[{"name":"wp","href":"https:\/\/api.w.org\/{rel}","templated":true}]}}