{"id":1722,"date":"2015-10-01T13:38:00","date_gmt":"2015-10-01T13:38:00","guid":{"rendered":"http:\/\/fmriachuelo.observatorioess.org.ar\/index.php\/2015\/10\/01\/centro-de-estudios-laborales-encuentro-nacional-tierra-techo-y-trabajo\/"},"modified":"2015-10-01T13:38:00","modified_gmt":"2015-10-01T13:38:00","slug":"centro-de-estudios-laborales-encuentro-nacional-tierra-techo-y-trabajo","status":"publish","type":"post","link":"http:\/\/fmriachuelo.it10.com.ar\/index.php\/2015\/10\/01\/centro-de-estudios-laborales-encuentro-nacional-tierra-techo-y-trabajo\/","title":{"rendered":"CENTRO DE ESTUDIOS LABORALES: ENCUENTRO NACIONAL TIERRA, TECHO Y TRABAJO"},"content":{"rendered":"<p><span style=\"font-family: Verdana, sans-serif\">[FMR 01\/10\/15] Hoy en la sede del Sindicato de M\u00fasicos se realiza el Encuentro Nacional Tierra, Techo y Trabajo con la participaci\u00f3n de destacadas figuras de la escena pol\u00edtica y social nacional. La convocatoria retoma las propuesta de tratar el acceso a los derechos b\u00e1sicos por los que luchan los sectores populares.<\/span><br \/><span style=\"font-family: Verdana, sans-serif\">Difundimos a continuaci\u00f3n el programa de actividades del Encuentro:<\/span><br \/><a name='more'><\/a><span style=\"font-family: Verdana, sans-serif\">\u00b7        10:00 hs: Acreditaci\u00f3n y caf\u00e9<br \/>\u00b7        10:30 hs: APERTURA: <br \/>&#8211;     Jorge Taiana. Legislador Porte\u00f1o. Primer candidato al Parlasur, FPV.<br \/>&#8211;     Ricardo Vernazza. Secretario General SADEM<br \/>\u00b7        11:00 a 13:00 hs: TRABAJO EN COMISIONES:<\/span><br \/><span style=\"font-family: Verdana, sans-serif\"><b>COMISION DE TIERRA<\/b><br \/>&#8211;         Padre Eduardo Farrell. Referente del Movimiento Misioneros de Francisco.<br \/>&#8211;         Mar\u00eda Reigada. SUTEBA. CTA<br \/>&#8211;         Hern\u00e1n Rachid. Frente Agrario. Licenciado en Econom\u00eda y Administraci\u00f3n Agrarias<\/p>\n<p><b>COMISION DE TECHO<\/b><br \/>&#8211;         Lito Borello. Coordinador nacional de la organizaci\u00f3n social y pol\u00edtica Los Pibes. Secretario de Vivienda y H\u00e1bitat CTEP.<br \/>&#8211;         Alberto Fern\u00e1ndez. Cooperativa  de Trabajo Evita Ltda. La Matanza.<br \/>&#8211;         Luc\u00eda Eiriz.  Conducci\u00f3n CoopTEBA.<br \/>&#8211;         Jorge Borgognone. Coordinador Formaci\u00f3n Profesional UOM Nacional. Presidente de la Fundaci\u00f3n UOM.<br \/><b><br \/>COMISION DE TRABAJO&nbsp;<\/b><br \/>&#8211;         Gabriela Olgu\u00edn. Presidenta Cooperativa de trabajo \u201cEl Adoqu\u00edn\u201d. Responsable Nacional de la Rama de Trabajadores de Espacios P\u00fablicos de la CTEP.<br \/>&#8211;         Daniel \u201cEl Tano\u201d Catalano. Secretario General ATE Capital. <br \/>&#8211;         Hern\u00e1n Escudero. Secretario General Juventud Sindical Peronista.<\/p>\n<p>\u00b7        13:00 a 14:00 hs: Almuerzo.<br \/>\u00b7        14:00 hs: PANEL DE CIERRE.<br \/>&#8211;         Eduardo L\u00f3pez. Secretario General UTE. Secretario General CTA Capital. <br \/>&#8211;         Esteban \u201cEl Gringo\u201d Castro. Secretario General CTEP.<br \/>&#8211;         H\u00e9ctor \u201cGringo\u201d Amichetti. Secretario Adjunto a\/c  Secretaria General de la Federaci\u00f3n Gr\u00e1fica Bonaerense.<br \/>&#8211;         Luis C\u00e1ceres. Secretario General UOLRA. Presidente CEL.<br \/>&#8211;         Nora de Luc\u00eda. Directora General de Cultura y Educaci\u00f3n de la Provincia de Buenos Aires.<\/span><\/p>\n<div><span style=\"font-family: Verdana, sans-serif\"><\/span><\/div>\n<div><span style=\"font-family: Verdana,sans-serif\"><span style=\"font-size: x-small\"><span style=\"color: #0b5394\"><b>OSyP LOS PIBES\/PRODUCCI\u00d2N RIACHUELO<\/b><\/span><\/span><\/span><\/div>\n","protected":false},"excerpt":{"rendered":"<p>[FMR 01\/10\/15] Hoy en la sede del Sindicato de M\u00fasicos se realiza el Encuentro Nacional Tierra, Techo y Trabajo con la participaci\u00f3n de destacadas figuras de la escena pol\u00edtica y social nacional. La convocatoria retoma las propuesta de tratar el acceso a los derechos b\u00e1sicos por los que luchan los sectores populares.Difundimos a continuaci\u00f3n el [&hellip;]<\/p>\n","protected":false},"author":4,"featured_media":0,"comment_status":"open","ping_status":"open","sticky":false,"template":"","format":"standard","meta":{"_monsterinsights_skip_tracking":false,"_monsterinsights_sitenote_active":false,"_monsterinsights_sitenote_note":"","_monsterinsights_sitenote_category":0,"jnews-multi-image_gallery":[],"jnews_single_post":[],"jnews_primary_category":[],"_joinchat":[],"footnotes":""},"categories":[1],"tags":[],"class_list":["post-1722","post","type-post","status-publish","format-standard","hentry","category-habitat"],"_links":{"self":[{"href":"http:\/\/fmriachuelo.it10.com.ar\/index.php\/wp-json\/wp\/v2\/posts\/1722","targetHints":{"allow":["GET"]}}],"collection":[{"href":"http:\/\/fmriachuelo.it10.com.ar\/index.php\/wp-json\/wp\/v2\/posts"}],"about":[{"href":"http:\/\/fmriachuelo.it10.com.ar\/index.php\/wp-json\/wp\/v2\/types\/post"}],"author":[{"embeddable":true,"href":"http:\/\/fmriachuelo.it10.com.ar\/index.php\/wp-json\/wp\/v2\/users\/4"}],"replies":[{"embeddable":true,"href":"http:\/\/fmriachuelo.it10.com.ar\/index.php\/wp-json\/wp\/v2\/comments?post=1722"}],"version-history":[{"count":0,"href":"http:\/\/fmriachuelo.it10.com.ar\/index.php\/wp-json\/wp\/v2\/posts\/1722\/revisions"}],"wp:attachment":[{"href":"http:\/\/fmriachuelo.it10.com.ar\/index.php\/wp-json\/wp\/v2\/media?parent=1722"}],"wp:term":[{"taxonomy":"category","embeddable":true,"href":"http:\/\/fmriachuelo.it10.com.ar\/index.php\/wp-json\/wp\/v2\/categories?post=1722"},{"taxonomy":"post_tag","embeddable":true,"href":"http:\/\/fmriachuelo.it10.com.ar\/index.php\/wp-json\/wp\/v2\/tags?post=1722"}],"curies":[{"name":"wp","href":"https:\/\/api.w.org\/{rel}","templated":true}]}}