{"id":1721,"date":"2015-10-05T04:20:00","date_gmt":"2015-10-05T04:20:00","guid":{"rendered":"http:\/\/fmriachuelo.observatorioess.org.ar\/index.php\/2015\/10\/05\/la-boca-vecinos-indignados-por-la-prepotencia-y-desidia-de-la-prefectura\/"},"modified":"2015-10-05T04:20:00","modified_gmt":"2015-10-05T04:20:00","slug":"la-boca-vecinos-indignados-por-la-prepotencia-y-desidia-de-la-prefectura","status":"publish","type":"post","link":"http:\/\/fmriachuelo.it10.com.ar\/index.php\/2015\/10\/05\/la-boca-vecinos-indignados-por-la-prepotencia-y-desidia-de-la-prefectura\/","title":{"rendered":"LA BOCA: VECINOS INDIGNADOS POR LA PREPOTENCIA Y DESIDIA DE LA PREFECTURA"},"content":{"rendered":"<div style=\"text-align: left\"><span style=\"font-family: Verdana, sans-serif\">ACTITUD RECURRENTE DE LA PREFECTURA Y LAS OTRAS FUERZAS REGULARES<\/span><\/div>\n<div style=\"text-align: left\"><b style=\"color: red;font-family: Verdana, sans-serif;font-size: x-large\">FUERZAS DE INSEGURIDAD<\/b><\/div>\n<div style=\"text-align: left\"><span style=\"font-family: Verdana, sans-serif\">EXTRA\u00d1A PERSECUCI\u00d3N Y BALACERA ANTE LA PASIVIDAD DE UNA PREFECTURA QUE S\u00d3LO&nbsp;<\/span><span style=\"font-family: Verdana, sans-serif\">MUESTRA SU EFICACIA PARA REPRIMIR EL RECLAMO DE LOS VECINOS Y BORRAR LAS PISTAS<\/span><\/div>\n<div style=\"text-align: justify\"><\/div>\n<div style=\"text-align: left\"><\/p>\n<div style=\"text-align: justify\"><span style=\"font-family: Verdana, sans-serif\">En la noche del pasado mi\u00e9rcoles 30 de septiembre, numerosos vecinos del barrio de La Boca protestaron en la calle indignados con las fuerzas de seguridad; cuestionaron su rol en la v\u00eda p\u00fablica, por un tiroteo que puso en riesgo sus vidas.<b><\/b><\/span><br \/><a name='more'><\/a><\/div>\n<p><span style=\"font-family: Verdana, sans-serif\"><a href=\"http:\/\/3.bp.blogspot.com\/-5o9NrLDlsIM\/VhHb6BvJSDI\/AAAAAAAAGt8\/4q5TOAPyKQk\/s1600\/baston.jpg\"><\/a><\/span><\/div>\n<div>\n<div style=\"text-align: justify\"><a href=\"http:\/\/3.bp.blogspot.com\/-5o9NrLDlsIM\/VhHb6BvJSDI\/AAAAAAAAGt8\/4q5TOAPyKQk\/s1600\/baston.jpg\" style=\"clear: left;float: left;margin-bottom: 1em;margin-right: 1em;text-align: justify\"><img loading=\"lazy\" decoding=\"async\" border=\"0\" height=\"169\" src=\"http:\/\/3.bp.blogspot.com\/-5o9NrLDlsIM\/VhHb6BvJSDI\/AAAAAAAAGt8\/4q5TOAPyKQk\/s320\/baston.jpg\" width=\"320\" \/><\/a><span style=\"font-family: Verdana, sans-serif\"><\/span><\/p>\n<div style=\"text-align: justify\"><span style=\"font-family: Verdana, sans-serif\"><span style=\"font-family: Verdana, sans-serif\">Todo comenz\u00f3 a las 22 horas. Sobre la calle Ministro Brin, unos metros antes del cruce con Lamadrid se encontraba, como es frecuente, un m\u00f3vil de control vehicular de la Prefectura Naval con tres efectivos en el puesto.&nbsp;<\/span><span style=\"font-family: Verdana, sans-serif\">Los vecinos contaron que una camioneta persegu\u00eda a un auto por Ministro Brin en direcci\u00f3n sur. Ambos a alta velocidad y sin m\u00e1s identificaci\u00f3n que su chapa patente. Se detuvieron a 20 metros del ret\u00e9n de la Prefectura. Del segundo veh\u00edculo un sujeto vestido de negro descendi\u00f3 y comenz\u00f3 a disparar al coche que estaba adelante, directamente hacia la puerta. A partir de all\u00ed las versiones no son claras, ya que <b>los vecinos se tiraron al piso para evitar ser alcanzados por la intensa balacera.<\/b> Esa parte del barrio esta altamente poblada por familias con ni\u00f1os que a esa hora suelen transitar por las calles. Los testimonios coinciden en la total inacci\u00f3n de los efectivos de la Prefectura.<\/span><\/span><\/div>\n<\/div>\n<div style=\"text-align: justify\"><\/div>\n<div style=\"text-align: justify\"><span style=\"font-family: Verdana, sans-serif\">Cuando ces\u00f3 el fuego, y luego de la fuga de ambos veh\u00edculos, numerosos vecinos atemorizados comenzaron a salir de sus casas. Indignados por la falta de respuesta de una inexplicable presencia de una fuerza de seguridad que controla a los vecinos y a sus organizaciones en lugar de cuidar sus vidas.<\/span><\/div>\n<div style=\"text-align: justify\"><span style=\"font-family: Verdana, sans-serif\">Los vecinos relataron que los prefectos, ante su protesta, adoptaron una postura amenazante, con pistolas, itakas y palos en la mano. La inoperancia y pasividad para evitar evitar el tiroteo se transform\u00f3 en una inmediata presencia, a alta velocidad con camionetas y patrulleros de contramano, en defensa corporativa para reprimir la protesta, intentando golpear e intimidar a las familias.<\/span><\/div>\n<div style=\"text-align: justify\"><a href=\"http:\/\/3.bp.blogspot.com\/-NO3JhsZSvAA\/VhHriS_QpVI\/AAAAAAAAGuU\/tcLYYcNilug\/s1600\/IMG-20151001-WA0006.jpg\" style=\"clear: left;float: left;margin-bottom: 1em;margin-right: 1em\"><img loading=\"lazy\" decoding=\"async\" border=\"0\" height=\"320\" src=\"http:\/\/3.bp.blogspot.com\/-NO3JhsZSvAA\/VhHriS_QpVI\/AAAAAAAAGuU\/tcLYYcNilug\/s320\/IMG-20151001-WA0006.jpg\" width=\"240\" \/><\/a><\/div>\n<p><span style=\"font-family: Verdana, sans-serif;text-align: justify\">La llegada de efectivos fue incesante: cerca de quince m\u00f3viles y varias decenas de uniformados arribaron al lugar como si tuvieran que combatir en una batalla en vez de procurar la seguridad de los habitantes del lugar, perseguir a quienes dispararon o al menos dar alguna explicaci\u00f3n tranquilizadora. Nada de eso.<\/span><span style=\"font-family: Verdana, sans-serif\"><\/span><br \/><span style=\"font-family: Verdana, sans-serif\"><\/span><\/p>\n<div style=\"text-align: justify\"><span style=\"font-family: Verdana, sans-serif\">El griter\u00edo de los habitantes del lugar, la actitud amenazante de los prefectos se prolong\u00f3 por m\u00e1s de media hora, lo que gener\u00f3 un clima de gran tensi\u00f3n. Una vez m\u00e1s la calma la aportaron los vecinos. Se fueron retirando ya que los prefectos segu\u00edan avanzando con sus palos, sus armas y veh\u00edculos en clara actitud provocadora. Esperaban que alguien reaccionara para reprimirnos a todos, coment\u00f3 una vecina.<\/span><\/div>\n<p><span style=\"font-family: Verdana, sans-serif\"><\/span><\/p>\n<div style=\"text-align: justify\"><span style=\"font-family: Verdana, sans-serif\">Incluso cuando se desconcentraban lleg\u00f3 de contramano por Lamadrid una camioneta de la Polic\u00eda Bonaerense del vecino distrito de Avellaneda, con golpes y abolladuras en el lateral del acompa\u00f1ante. Se baj\u00f3 un joven polic\u00eda bonaerense vestido de negro. Todo indica que habr\u00eda sido quien hab\u00eda disparado a quemarropa al auto comenzando el tiroteo, desde la camioneta.<\/span><\/div>\n<p><span style=\"font-family: Verdana, sans-serif\"><\/span><\/p>\n<div style=\"text-align: justify\"><span style=\"font-family: Verdana, sans-serif\">El barrio vive con preocupaci\u00f3n lo que ya es una <b>actitud recurrente de la Prefectura y las fuerzas de seguridad: amenazar a los pibes, provocar y promover con su inacci\u00f3n los enfrentamientos entre bandas, complicidades con el avance del narcotr\u00e1fico y las barras bravas<\/b>. Todav\u00eda est\u00e1n frescos los recuerdos de los violentos abusos de poder policial contra <b>Emiliano Ulloa, vecino de Catalinas, Gonzalo Reynoso, Nehu\u00e9n<\/b> y tantos otros.<\/span><\/div>\n<p><span style=\"font-family: Verdana, sans-serif\"><\/p>\n<div style=\"text-align: justify\">Tambi\u00e9n en esta parte del barrio todos hablan de la coincidencia del recrudecimiento de la violencia contra los habitantes del barrio con los<b> desalojos crecientes en la zona. <\/b>El avance del desarrollo inmobiliario como el de Puerto Madero, disfrazado de distrito de las artes, promueve la expulsi\u00f3n de los sectores populares.<\/div>\n<div style=\"text-align: justify\">Los m\u00f3viles policiales permanecieron rondando la zona durante toda la noche, cruzando sus veh\u00edculos, intimidando a los vecinos y recogiendo los casquetes del tiroteo, llev\u00e1ndose as\u00ed las pruebas de su repudiable accionar.<\/div>\n<div style=\"text-align: justify\">\n<div style=\"text-align: justify\"><b><span style=\"color: #0b5394;font-size: x-small\">PRODUCCI\u00d3N RIACHUELO<\/span><\/b><\/div>\n<\/div>\n<p><\/span><\/div>\n","protected":false},"excerpt":{"rendered":"<p>ACTITUD RECURRENTE DE LA PREFECTURA Y LAS OTRAS FUERZAS REGULARES FUERZAS DE INSEGURIDAD EXTRA\u00d1A PERSECUCI\u00d3N Y BALACERA ANTE LA PASIVIDAD DE UNA PREFECTURA QUE S\u00d3LO&nbsp;MUESTRA SU EFICACIA PARA REPRIMIR EL RECLAMO DE LOS VECINOS Y BORRAR LAS PISTAS En la noche del pasado mi\u00e9rcoles 30 de septiembre, numerosos vecinos del barrio de La Boca protestaron [&hellip;]<\/p>\n","protected":false},"author":4,"featured_media":0,"comment_status":"open","ping_status":"open","sticky":false,"template":"","format":"standard","meta":{"_monsterinsights_skip_tracking":false,"_monsterinsights_sitenote_active":false,"_monsterinsights_sitenote_note":"","_monsterinsights_sitenote_category":0,"jnews-multi-image_gallery":[],"jnews_single_post":[],"jnews_primary_category":[],"_joinchat":[],"footnotes":""},"categories":[78],"tags":[],"class_list":["post-1721","post","type-post","status-publish","format-standard","hentry","category-economia-popular"],"_links":{"self":[{"href":"http:\/\/fmriachuelo.it10.com.ar\/index.php\/wp-json\/wp\/v2\/posts\/1721","targetHints":{"allow":["GET"]}}],"collection":[{"href":"http:\/\/fmriachuelo.it10.com.ar\/index.php\/wp-json\/wp\/v2\/posts"}],"about":[{"href":"http:\/\/fmriachuelo.it10.com.ar\/index.php\/wp-json\/wp\/v2\/types\/post"}],"author":[{"embeddable":true,"href":"http:\/\/fmriachuelo.it10.com.ar\/index.php\/wp-json\/wp\/v2\/users\/4"}],"replies":[{"embeddable":true,"href":"http:\/\/fmriachuelo.it10.com.ar\/index.php\/wp-json\/wp\/v2\/comments?post=1721"}],"version-history":[{"count":0,"href":"http:\/\/fmriachuelo.it10.com.ar\/index.php\/wp-json\/wp\/v2\/posts\/1721\/revisions"}],"wp:attachment":[{"href":"http:\/\/fmriachuelo.it10.com.ar\/index.php\/wp-json\/wp\/v2\/media?parent=1721"}],"wp:term":[{"taxonomy":"category","embeddable":true,"href":"http:\/\/fmriachuelo.it10.com.ar\/index.php\/wp-json\/wp\/v2\/categories?post=1721"},{"taxonomy":"post_tag","embeddable":true,"href":"http:\/\/fmriachuelo.it10.com.ar\/index.php\/wp-json\/wp\/v2\/tags?post=1721"}],"curies":[{"name":"wp","href":"https:\/\/api.w.org\/{rel}","templated":true}]}}