{"id":1720,"date":"2015-10-05T11:46:00","date_gmt":"2015-10-05T11:46:00","guid":{"rendered":"http:\/\/fmriachuelo.observatorioess.org.ar\/index.php\/2015\/10\/05\/venezuela-caracas-primer-ano-de-feria-popular\/"},"modified":"2015-10-05T11:46:00","modified_gmt":"2015-10-05T11:46:00","slug":"venezuela-caracas-primer-ano-de-feria-popular","status":"publish","type":"post","link":"http:\/\/fmriachuelo.it10.com.ar\/index.php\/2015\/10\/05\/venezuela-caracas-primer-ano-de-feria-popular\/","title":{"rendered":"VENEZUELA, CARACAS: PRIMER A\u00d1O DE FERIA POPULAR"},"content":{"rendered":"<div><span style=\"font-family: Verdana,sans-serif\"><span style=\"color: red;font-size: large\"><b>PODER POPULAR EN MARCHA<\/b><\/span><\/span><\/div>\n<p><span style=\"font-family: Verdana,sans-serif\">PRIMER A\u00d1O DE LA FERIA CONUQUERA: ORGANIZACI\u00d3N POPULAR POR UNA NUEVA PRODUCCI\u00d3N<\/span><\/p>\n<div style=\"clear: both;text-align: center\"><span style=\"font-family: Verdana,sans-serif\"><a href=\"http:\/\/1.bp.blogspot.com\/-YKCFyO0vD48\/VhHcf8M29wI\/AAAAAAAAGuE\/AXGGOl5ZWUk\/s1600\/feria%2Bconuquera.jpg\" style=\"clear: left;float: left;margin-bottom: 1em;margin-right: 1em\"><img loading=\"lazy\" decoding=\"async\" border=\"0\" height=\"133\" src=\"http:\/\/1.bp.blogspot.com\/-YKCFyO0vD48\/VhHcf8M29wI\/AAAAAAAAGuE\/AXGGOl5ZWUk\/s200\/feria%2Bconuquera.jpg\" width=\"200\" \/><\/a><\/span><\/div>\n<div style=\"text-align: justify\"><span style=\"font-family: Verdana,sans-serif\"><span style=\"font-size: small\">Comenz\u00f3 como una iniciativa de pocos, unos 6 o 7 colectivos organizados en la producci\u00f3n de alimentos libres de agrot\u00f3xicos y organismos gen\u00e9ticamente modificados, con la intenci\u00f3n de unificar un espacio para compartir los saberes y las experiencias.<\/span><\/span><br \/><a name='more'><\/a><\/div>\n<div>\n<div style=\"text-align: justify\"><span style=\"font-family: Verdana,sans-serif\"><span style=\"font-size: small\">Para entonces, apenas se comenzaban a juntar, pensarse una forma de organizaci\u00f3n y, sobre todo, un espacio de encuentro m\u00e1s que de distribuci\u00f3n y venta. Se trataba de formar, contribuir a la difusi\u00f3n y visibilizaci\u00f3n de conocimientos que sirviera para expandir las experiencias en el pa\u00eds.<\/span><\/span><\/div>\n<div style=\"text-align: justify\"><span style=\"font-family: Verdana,sans-serif\"><span style=\"font-size: small\">Este s\u00e1bado 3 de octubre, se cumpli\u00f3 el primer aniversario de la realizaci\u00f3n, la materializaci\u00f3n de ese espacio, la Feria Conuquera Agroecol\u00f3gica, que se lleva a cabo el primer s\u00e1bado de cada mes desde octubre pasado en la ciudad de Caracas, epicentro de varios colectivos (cada vez m\u00e1s) que pusieron sus manos a la siembra en un contexto urbano como el caraque\u00f1o.<\/span><\/span><\/div>\n<div style=\"text-align: justify\"><span style=\"font-family: Verdana,sans-serif\"><span style=\"font-size: small\">Pero la cosa va m\u00e1s all\u00e1 de la siembra, y por eso hablan tambi\u00e9n de alternativas para lo que utilizamos: cada mes, en el parque Los Caobos, coinciden con los conuqueros y conuqueras, aquellxs que procesan alimentos y elaboran tambi\u00e9n productos de aseo y medicinas naturales.<\/span><\/span><\/div>\n<div style=\"text-align: justify\"><\/div>\n<div style=\"text-align: justify\"><span style=\"font-family: Verdana,sans-serif\"><span style=\"font-size: small\">Eisamar Ochoa, del equipo que ha venido organizando la feria durante el \u00faltimo a\u00f1o, recuerda que esto se dio tras el reconocimiento de \u201cla necesidad de construir un nuevo modelo de producci\u00f3n y de consumo\u201d.<\/span><\/span><\/div>\n<div style=\"text-align: justify\"><span style=\"font-family: Verdana,sans-serif\"><span style=\"font-size: small\">Una muestra de que esa noci\u00f3n es compartida por mucha gente m\u00e1s en este tiempo de Revoluci\u00f3n, se refleja en el hecho de que cada mes se suman m\u00e1s colectivos a este espacio, pero sobre todo, algo llamativo, seg\u00fan comenta Eisamar: siempre llega gente nueva, gente que no esperan. Cada vez son m\u00e1s quienes se involucran en la producci\u00f3n y reconocen en este un espacio de intercambio y de organizaci\u00f3n popular.<\/span><\/span><\/div>\n<p><span style=\"font-family: Verdana,sans-serif\"><span style=\"font-size: small\">Adem\u00e1s, resulta interesante la participaci\u00f3n de j\u00f3venes en estas iniciativas. \u201cYo creo que muchos j\u00f3venes han sentido el llamado. De \u2018no vamos a reunirnos un s\u00e1bado por la noche, hacer una vaca para tomarnos una curda nada m\u00e1s\u2019 \u201c, dice Tania Abreu, estudiante de la Universidad Central de Venezuela que, junto a su madre, ha participado en la feria desde el primer momento.<br \/>Seg\u00fan ella, sintieron el llamado de sembrar, de contribuir a la consolidaci\u00f3n de otra forma de vida, una que no dependa del mercado de especulaci\u00f3n. Pero especialmente, una forma m\u00e1s sana y de relaci\u00f3n amistosa con la naturaleza.<br \/>Quienes organizan esta feria forman parte de colectivos que adem\u00e1s de la siembra promueven el proyecto de Ley de Semillas y est\u00e1n en permanente campa\u00f1a contra el uso de transg\u00e9nicos, pesticidas y diversos t\u00f3xicos.<br \/>Ven en lo que hacen la semilla de algo que seguir\u00e1 creciendo, se seguir\u00e1 fortaleciendo para acercarnos cada vez m\u00e1s a una sociedad productiva, donde no haya intermediarios entre la producci\u00f3n y el consumo, adem\u00e1s de romper con la cadena de especulaci\u00f3n. Por esto \u00faltimo, por ejemplo, los precios se deciden en asambleas previas a cada feria.<br \/>Si algo ha hecho evidente la guerra econ\u00f3mica, es la necesidad de ser todos productores para no depender de intereses mercantiles. Quienes hist\u00f3ricamente han llenado los anaqueles y que ahora los vac\u00edan, no producen alimentos, sino dinero. Por eso es importante el llamado a cada familia, a los j\u00f3venes (para que sean cada vez m\u00e1s) a sembrar sus propios alimentos.<br \/>Espacios como este son posibles adem\u00e1s gracias a la voluntad pol\u00edtica de un proceso que se ha avocado a cambiar los paradigmas de la sociedad basada en el rentismo que dej\u00f3 el puntofijismo y sus antecesores. De feria va un a\u00f1o, pero son m\u00e1s de quince los que lleva la lucha que ha dado pie a estos cambios. \u00bfTarea pendiente? Hacer de esto algo irreversible, trascender a esa nueva vida, en colectivo<\/span><\/span><\/div>\n<div><span style=\"color: #0b5394\"><b><span style=\"font-size: x-small\"><span style=\"font-family: Verdana,sans-serif\">LACULTURANUESTRA.COM\/PRODUCCI\u00d3N RIACHUELO<\/span><\/span><\/b><\/span><\/div>\n<div>\n<div style=\"clear: both;height: 169.875px;margin: 0px 0px 1.62em;overflow: hidden\"><\/p>\n<figure style=\"float: left;margin: 0px 7.4375px 14.875px;overflow: hidden;padding: 0px;width: 233.109px\"><figcaption style=\"max-height: 50%;overflow: hidden;padding: 0.62em 1em;text-align: justify;width: 233.109px\"><span style=\"font-family: Verdana,sans-serif\"><span style=\"background-color: white;font-size: 12px;line-height: 18px\">&nbsp;<\/span><span>Foto: Milangela Galea<\/span><\/span><\/figcaption><div style=\"background-color: white;color: #6a6c6e;font-size: 16px;line-height: 25.92px\"><span style=\"font-family: Verdana,sans-serif\"><br \/><\/span><\/div>\n<div style=\"background-color: white;color: #6a6c6e;font-size: 16px;line-height: 25.92px\"><span style=\"font-family: Verdana,sans-serif\"><br \/><\/span><\/div>\n<\/figure>\n<figure style=\"background-color: white;color: #6a6c6e;float: left;font-size: 16px;line-height: 25.92px;margin: 0px 7.4375px 14.875px;overflow: hidden;padding: 0px;width: 233.109px\">\n<div style=\"overflow: hidden\"><\/div>\n<\/figure>\n<\/div>\n<\/div>\n","protected":false},"excerpt":{"rendered":"<p>PODER POPULAR EN MARCHA PRIMER A\u00d1O DE LA FERIA CONUQUERA: ORGANIZACI\u00d3N POPULAR POR UNA NUEVA PRODUCCI\u00d3N Comenz\u00f3 como una iniciativa de pocos, unos 6 o 7 colectivos organizados en la producci\u00f3n de alimentos libres de agrot\u00f3xicos y organismos gen\u00e9ticamente modificados, con la intenci\u00f3n de unificar un espacio para compartir los saberes y las experiencias. Para [&hellip;]<\/p>\n","protected":false},"author":4,"featured_media":0,"comment_status":"open","ping_status":"open","sticky":false,"template":"","format":"standard","meta":{"_monsterinsights_skip_tracking":false,"_monsterinsights_sitenote_active":false,"_monsterinsights_sitenote_note":"","_monsterinsights_sitenote_category":0,"jnews-multi-image_gallery":[],"jnews_single_post":[],"jnews_primary_category":[],"_joinchat":[],"footnotes":""},"categories":[1],"tags":[],"class_list":["post-1720","post","type-post","status-publish","format-standard","hentry","category-habitat"],"_links":{"self":[{"href":"http:\/\/fmriachuelo.it10.com.ar\/index.php\/wp-json\/wp\/v2\/posts\/1720","targetHints":{"allow":["GET"]}}],"collection":[{"href":"http:\/\/fmriachuelo.it10.com.ar\/index.php\/wp-json\/wp\/v2\/posts"}],"about":[{"href":"http:\/\/fmriachuelo.it10.com.ar\/index.php\/wp-json\/wp\/v2\/types\/post"}],"author":[{"embeddable":true,"href":"http:\/\/fmriachuelo.it10.com.ar\/index.php\/wp-json\/wp\/v2\/users\/4"}],"replies":[{"embeddable":true,"href":"http:\/\/fmriachuelo.it10.com.ar\/index.php\/wp-json\/wp\/v2\/comments?post=1720"}],"version-history":[{"count":0,"href":"http:\/\/fmriachuelo.it10.com.ar\/index.php\/wp-json\/wp\/v2\/posts\/1720\/revisions"}],"wp:attachment":[{"href":"http:\/\/fmriachuelo.it10.com.ar\/index.php\/wp-json\/wp\/v2\/media?parent=1720"}],"wp:term":[{"taxonomy":"category","embeddable":true,"href":"http:\/\/fmriachuelo.it10.com.ar\/index.php\/wp-json\/wp\/v2\/categories?post=1720"},{"taxonomy":"post_tag","embeddable":true,"href":"http:\/\/fmriachuelo.it10.com.ar\/index.php\/wp-json\/wp\/v2\/tags?post=1720"}],"curies":[{"name":"wp","href":"https:\/\/api.w.org\/{rel}","templated":true}]}}