{"id":1718,"date":"2015-10-05T14:55:00","date_gmt":"2015-10-05T14:55:00","guid":{"rendered":"http:\/\/fmriachuelo.observatorioess.org.ar\/index.php\/2015\/10\/05\/en-el-dia-mundial-del-habitat-boca-es-pueblo-se-propone-recuperar-un-club-para-el-barrio\/"},"modified":"2015-10-05T14:55:00","modified_gmt":"2015-10-05T14:55:00","slug":"en-el-dia-mundial-del-habitat-boca-es-pueblo-se-propone-recuperar-un-club-para-el-barrio","status":"publish","type":"post","link":"http:\/\/fmriachuelo.it10.com.ar\/index.php\/2015\/10\/05\/en-el-dia-mundial-del-habitat-boca-es-pueblo-se-propone-recuperar-un-club-para-el-barrio\/","title":{"rendered":"EN EL D\u00cdA MUNDIAL DEL H\u00c1BITAT BOCA ES PUEBLO SE PROPONE RECUPERAR UN CLUB PARA EL BARRIO"},"content":{"rendered":"<p><span style=\"font-family: Verdana, sans-serif\">LANZAMIENTO DE LA LISTA EN EL TEATRO VERDI<\/span><br \/><span style=\"color: red\"><b><span style=\"font-size: large\"><span style=\"font-family: Verdana,sans-serif\">HINCHAS ORGANIZADOS<\/span><\/span><\/b><\/span><br \/><span style=\"font-size: small\"><span style=\"font-family: Verdana,sans-serif\">SE ORGANIZARON PARA HACER FRENTE A LAS POL\u00cdTICAS EXCLUYENTES QUE EXISTEN EN EL CLUB<\/span><\/span><\/p>\n<div><a href=\"http:\/\/3.bp.blogspot.com\/-OAYbmoQc3l4\/VhKIes30lRI\/AAAAAAAAGu4\/vPOrivXJLkk\/s1600\/BOCA%2BES%2BPUEBLO.jpg\" style=\"clear: left;float: left;margin-bottom: 1em;margin-right: 1em\"><span style=\"clear: left;float: left;font-family: Verdana, sans-serif;margin-bottom: 1em;margin-right: 1em\"><img loading=\"lazy\" decoding=\"async\" border=\"0\" height=\"112\" src=\"http:\/\/3.bp.blogspot.com\/-OAYbmoQc3l4\/VhKIes30lRI\/AAAAAAAAGu4\/vPOrivXJLkk\/s200\/BOCA%2BES%2BPUEBLO.jpg\" width=\"200\" \/><\/span><\/a><span style=\"font-family: Verdana, sans-serif\"><span style=\"font-family: Verdana, sans-serif\">Escuch\u00e1 aqu\u00ed fragmentos de la entrevista realizada en <span style=\"color: red\"><b>MATEANDO EN EL RIACHUELO (lunes a viernes 10 hs)<\/b><\/span> a<\/span><\/span> <span style=\"font-family: Verdana, sans-serif\"><b><span style=\"color: #0b5394\"><a href=\"http:\/\/luciano%20caldarelli%20de%20boca%20es%20pueblo%20-%20el%20modelo%20empresarial\/\" target=\"_blank\" rel=\"noopener\">LUCIANO CALDARELLI DE BOCA ES PUEBLO &#8211; EL MODELO EMPRESARIAL<\/a><\/span><\/b><\/span><br \/><b style=\"font-family: Verdana, sans-serif\"><span style=\"color: #0b5394\"><a href=\"http:\/\/www.mediafire.com\/listen\/xim31im2mub91di\/10-02-2015_-_LUCIANO_CALDARELLI%2C_BEP_-_RECUPERAR_LA_IDENTIDAD.mp3\" target=\"_blank\" rel=\"noopener\">LUCIANO&nbsp;CALDARELLI DE BOCA ES PUEBLO &#8211; EL MODELO EMPRESARIAL<\/a><\/span><\/b><\/div>\n<div style=\"text-align: justify\"><span style=\"font-family: Verdana, sans-serif\"><b>[FMR &#8211; 5\/10\/15] El pasado viernes la organizaci\u00f3n de hinchas del Club Atl\u00e9tico Boca Juniors \u00bbBoca es Pueblo\u00bb present\u00f3 su plataforma de propuestas en el Teatro Verdi, a\u00fan sin poder presentarse a elecciones.<\/b><\/span><br \/><a name='more'><\/a><\/div>\n<div style=\"text-align: justify\"><span style=\"font-family: Verdana, sans-serif\"><b><span style=\"color: red\">FM RIACHUELO&nbsp;<\/span><\/b>estuvo cubriendo el evento y acompa\u00f1ando a la organizaci\u00f3n que se define como \u00abel pueblo bostero haciendo pol\u00edtica\u00bb y que le hace frente al modelo empresarial que quiere imponerse en el club.&nbsp;<\/span><\/div>\n<div style=\"text-align: justify\"><span style=\"font-family: Verdana, sans-serif\">Luciano Caldarelli, integrante de la organizaci\u00f3n, hab\u00eda explicado previamente en una comunicaci\u00f3n con el programa <b><span style=\"color: red\">MATEANDO EN EL RIACHUELO<\/span><\/b> que entre las restricciones que les impiden presentarse en las elecciones existe el requisito de 14 millones de pesos.<\/span><\/div>\n<div style=\"text-align: justify\"><span style=\"font-family: Verdana, sans-serif\">Para finalizar, Boca es Pueblo llama a los hinchas y a los vecinos a unirse a la lucha que contin\u00faa y convoca el mi\u00e9rcoles a la movilizaci\u00f3n en contra del Estadio-Shopping.<\/span><\/div>\n<div>\n<div style=\"text-align: justify\"><span style=\"font-size: large\"><b style=\"color: red\"><span style=\"font-family: Verdana, sans-serif\">PARIENDO UNA NUEVA ORGANIZACI\u00d3N<\/span><\/b><\/span><\/div>\n<\/div>\n<div style=\"text-align: justify\"><span style=\"font-family: Verdana, sans-serif\"><span style=\"color: black\">\u00abEN BOCA LAS ELECCION<\/span>ES NO SON LIBRES NI DEMOCR\u00c1TICAS\u00bb<\/span><\/div>\n<div style=\"text-align: justify\"><span style=\"font-family: Verdana, sans-serif\"><b>Escuch\u00e1 a continuaci\u00f3n la entrevista que le hicimos a Luciano Caldarelli integrante de la organizaci\u00f3n Boca es Pueblo<\/b><\/span><\/div>\n<div style=\"text-align: justify\"><span style=\"font-family: Verdana, sans-serif\"><b><a href=\"http:\/\/www.mediafire.com\/listen\/2j7q3yn5td5opae\/ENTREVISTA_COMPLETA_EN_MATEANDO_EN_EL_RIACHUELO_.mp3\" target=\"_blank\" rel=\"noopener\"><span style=\"color: purple\">ENTREVISTA COMPLETA EN MATEANDO EN EL RIACHUELO<\/span><\/a><\/b><\/span><\/div>\n<div style=\"text-align: justify\"><span style=\"clear: left;float: left;font-family: Verdana, sans-serif;margin-bottom: 1em;margin-right: 1em\"><img loading=\"lazy\" decoding=\"async\" border=\"0\" height=\"112\" src=\"http:\/\/2.bp.blogspot.com\/-D3OBoZelD38\/VhCUqtoGboI\/AAAAAAAAGsw\/lTTkzbXW1bQ\/s200\/boca%2Bes%2Bpueblo.jpg\" width=\"200\" \/><\/span><\/div>\n<div>\n<div style=\"text-align: justify\"><b><span style=\"font-family: Verdana, sans-serif\">[FMR &#8211; 2\/10\/15]&nbsp;<\/span><span style=\"font-family: Verdana, sans-serif\">A pesar de que no puede presentarse a elecciones, la agrupaci\u00f3n Boca es Pueblo dar\u00e1 a conocer hoy su plataforma de propuestas. Tal como explic\u00f3 Luciano Caldarelli, los requisitos econ\u00f3micos impuestos para la futura Comisi\u00f3n Directiva resultan altamente restrictivos.<\/span><\/b><\/div>\n<div style=\"text-align: justify\"><span style=\"font-family: Verdana, sans-serif\">Hoy por la tarde la agrupaci\u00f3n Boca es Pueblo presenta su plataforma pol\u00edtica en el Teatro Verdi, en el barrio porte\u00f1o de La Boca.<\/span><\/div>\n<div style=\"text-align: justify\"><span style=\"font-family: Verdana, sans-serif\">La organizaci\u00f3n, integrada mayoritariamente por j\u00f3venes hinchas de Boca, est\u00e1 proscripta de participar en las elecciones que se llevar\u00e1n a cabo en el club de la Rivera a fines de este a\u00f1o.<\/span><\/div>\n<div style=\"text-align: justify\"><span style=\"font-family: Verdana, sans-serif\">\u201cVamos a presentar nuestro proyecto de club por m\u00e1s que no nos podamos presentar a elecciones, porque en Boca las elecciones no son libres ni democr\u00e1ticas\u201d, expres\u00f3 Luciano Caldarelli, integrante de Boca es Pueblo.<\/span><\/div>\n<div style=\"text-align: justify\"><span style=\"font-family: Verdana, sans-serif\">Caldarelli explic\u00f3 que las trabas para presentarse responden a \u201cun requisito millonario impuesto por Macri en 1999. Hoy en d\u00eda, se necesitar\u00edan 14 millones de pesos de la comisi\u00f3n directiva para poder presentarse. Es el \u00fanico club que tiene un requisito similar. Hay que avalar con el patrimonio personal el 5% del patrimonio neto del club\u201d.<\/span><\/div>\n<div style=\"text-align: justify\"><span style=\"font-family: Verdana, sans-serif\">Los requisitos econ\u00f3micos impuestos para los integrantes de la futura Comisi\u00f3n Directiva resultan altamente restrictivos para cualquier ciudadano trabajador. La excusa es que quienes dirijan el club ponen su patrimonio como aval.<\/span><\/div>\n<div style=\"text-align: justify\"><span style=\"font-family: Verdana, sans-serif\">Entre las consignas que se presentar\u00e1n los hinchas proponen un proyecto de club popular, transparente y democr\u00e1tico; el respeto de la identidad xeneize; generar un club para todos los hinchas del Boca y para los vecinos y vecinas del barrio.<\/span><br \/><span style=\"color: #0b5394;font-family: Verdana, sans-serif;font-size: x-small\"><b>PRODUCCI\u00d3N RIACHUELO<\/b><\/span><\/div>\n<\/div>\n","protected":false},"excerpt":{"rendered":"<p>LANZAMIENTO DE LA LISTA EN EL TEATRO VERDIHINCHAS ORGANIZADOSSE ORGANIZARON PARA HACER FRENTE A LAS POL\u00cdTICAS EXCLUYENTES QUE EXISTEN EN EL CLUB Escuch\u00e1 aqu\u00ed fragmentos de la entrevista realizada en MATEANDO EN EL RIACHUELO (lunes a viernes 10 hs) a LUCIANO CALDARELLI DE BOCA ES PUEBLO &#8211; EL MODELO EMPRESARIALLUCIANO&nbsp;CALDARELLI DE BOCA ES PUEBLO &#8211; [&hellip;]<\/p>\n","protected":false},"author":4,"featured_media":0,"comment_status":"open","ping_status":"open","sticky":false,"template":"","format":"standard","meta":{"_monsterinsights_skip_tracking":false,"_monsterinsights_sitenote_active":false,"_monsterinsights_sitenote_note":"","_monsterinsights_sitenote_category":0,"jnews-multi-image_gallery":[],"jnews_single_post":[],"jnews_primary_category":[],"_joinchat":[],"footnotes":""},"categories":[78],"tags":[],"class_list":["post-1718","post","type-post","status-publish","format-standard","hentry","category-economia-popular"],"_links":{"self":[{"href":"http:\/\/fmriachuelo.it10.com.ar\/index.php\/wp-json\/wp\/v2\/posts\/1718","targetHints":{"allow":["GET"]}}],"collection":[{"href":"http:\/\/fmriachuelo.it10.com.ar\/index.php\/wp-json\/wp\/v2\/posts"}],"about":[{"href":"http:\/\/fmriachuelo.it10.com.ar\/index.php\/wp-json\/wp\/v2\/types\/post"}],"author":[{"embeddable":true,"href":"http:\/\/fmriachuelo.it10.com.ar\/index.php\/wp-json\/wp\/v2\/users\/4"}],"replies":[{"embeddable":true,"href":"http:\/\/fmriachuelo.it10.com.ar\/index.php\/wp-json\/wp\/v2\/comments?post=1718"}],"version-history":[{"count":0,"href":"http:\/\/fmriachuelo.it10.com.ar\/index.php\/wp-json\/wp\/v2\/posts\/1718\/revisions"}],"wp:attachment":[{"href":"http:\/\/fmriachuelo.it10.com.ar\/index.php\/wp-json\/wp\/v2\/media?parent=1718"}],"wp:term":[{"taxonomy":"category","embeddable":true,"href":"http:\/\/fmriachuelo.it10.com.ar\/index.php\/wp-json\/wp\/v2\/categories?post=1718"},{"taxonomy":"post_tag","embeddable":true,"href":"http:\/\/fmriachuelo.it10.com.ar\/index.php\/wp-json\/wp\/v2\/tags?post=1718"}],"curies":[{"name":"wp","href":"https:\/\/api.w.org\/{rel}","templated":true}]}}