{"id":17172,"date":"2022-09-08T18:44:45","date_gmt":"2022-09-08T18:44:45","guid":{"rendered":"http:\/\/fmriachuelo.com.ar\/?p=17172"},"modified":"2025-02-26T15:48:15","modified_gmt":"2025-02-26T18:48:15","slug":"dia-del-militante-montonero","status":"publish","type":"post","link":"http:\/\/fmriachuelo.it10.com.ar\/index.php\/2022\/09\/08\/dia-del-militante-montonero\/","title":{"rendered":"D\u00cdA DEL MILITANTE MONTONERO"},"content":{"rendered":"<p><strong>[FM Riachuelo 08\/09\/2022]\u00a0El 7 de Septiembre se conmemora el d\u00eda del Militante Montonero. La fecha recuerda el d\u00eda en que Fernando Luis Abal Medina y Carlos Gustavo Ramus fueron fusilados en un enfrentamiento con la polic\u00eda denominado \u00abCombate de William Morris\u00bb. A partir de un informe producido por Radio Rebeld\u00eda, de Convocatoria Segunda Independencia, <i><a href=\"https:\/\/soundcloud.com\/convocatoria-segunda-independencia\/dia-del-militante-montonero?si=3411295663bc40e685398ef15805333b&amp;utm_source=clipboard&amp;utm_medium=text&amp;utm_campaign=social_sharing\">\u201c7 de Septiembre D\u00cdA DE LA Y EL MILITANTE MONTONERO JUNTOS NOS FUSILAN PORQUE UNIDOS COMBATIMOS\u201d<\/a>, r<\/i>eflexionamos sobre el tema en el piso de la radio con M\u00f3nica P\u00e9rez y Manuel Ferrer militantes del Movimiento Popular Los Pibes (MPLP).\u00a0 Este informe fue producido a d\u00edas de conmemorarse la Masacre de Trelew, ocurrida el\u00a0 22 de agosto de 1972, donde fueron fusilados diecis\u00e9is de los veinticinco presos pol\u00edticos de diversas organizaciones pol\u00edticas que se hab\u00edan fugado del penal de m\u00e1xima seguridad de Rawson.<\/strong><\/p>\n<p><span style=\"font-weight: 400\">Para dar inicio a la mesa de reflexi\u00f3n se escuch\u00f3 un fragmento del informe de <\/span><b>Radio Rebeld\u00eda<\/b><span style=\"font-weight: 400\">, que recoge el testimonio de <\/span><b>Julio \u00abel hormiga\u00bb S\u00e1nchez<\/b><span style=\"font-weight: 400\">, <\/span><b>militante Montonero, Direcci\u00f3n Nacional de Convocatoria Segunda Independencia<\/b><i><span style=\"font-weight: 400\">: \u201cEl d\u00eda es muy importante no solo para m\u00ed, sino para toda la militancia peronista y montonera, los compa\u00f1eros Fernando y Gustavo, caen en un enfrentamiento armado, bajo la fuerza represora de la polic\u00eda de la Provincia de Buenos Aires en la \u00e9poca de la dictadura militar. Esos compa\u00f1eros encarnaban un proyecto pol\u00edtico revolucionario, donde su entrega era total. Los compa\u00f1eros entendieron que nuestro pueblo estaba pasando momentos tan dif\u00edciles como los de hoy. Muy dif\u00edcil m\u00e1s all\u00e1 que las condiciones pol\u00edticas, sociales y econ\u00f3micas no eran las mismas. Pero en definitiva el enemigo sigue siendo el mismo de ayer. El enemigo es la oligarqu\u00eda, el imperialismo, estos gobiernos globalizados, nos est\u00e1n llevando a entender que tenemos que retomar la historia, no solo tenerlos en la memoria permanentemente a estos compa\u00f1eros sino gestar un proyecto pol\u00edtico revolucionario, que no lleve a liberarnos. A liberarnos definitivamente, a nuestra Patria, a nuestra Naci\u00f3n y su pueblo. El campo popular tiene que tambi\u00e9n acompa\u00f1ar en esto. Yo creo que es sumamente necesaria la unidad del campo popular. Hago un llamado a la unidad, a dejar de lado esos proyectos mezquinos, individualistas, personalistas, donde han convertido a la pol\u00edtica en un gran negocio. Y donde cada vez vemos c\u00f3mo se entregan nuestros recursos naturales y bienes estrat\u00e9gicos. Y estamos en manos de gente que nos lleva por otro camino. Como sol\u00eda decir Per\u00f3n &lt;esa es la oligarqu\u00eda que tenemos dentro&gt;. Hacer un gran esfuerzo para cambiar esto. Pero es necesario, sumamente necesario y lo exige nuestra naci\u00f3n <\/span><\/i><b><i>la unidad<\/i><\/b><i><span style=\"font-weight: 400\">. La unidad del campo popular. <\/span><\/i><b><i>La clase trabajadora debe unificar criterios y llevar adelante la pelea por bienes comunes.<\/i><\/b><i><span style=\"font-weight: 400\"> Vuelvo a reiterar, y los j\u00f3venes en particular tienen que dedicarse m\u00e1s a participar y comprometerse con la pol\u00edtica. <\/span><\/i><b><i>Si no est\u00e1n los j\u00f3venes es imposible<\/i><\/b><i><span style=\"font-weight: 400\">, nosotros podemos acompa\u00f1ar. Identificar bien al enemigo de adentro y de afuera. Y analizar tambi\u00e9n los procesos que se vienen dando en Am\u00e9rica Latina, donde la ultraderecha invade y violenta todo. Y no hay peor violencia que la que estamos viviendo del saqueo. El saqueo desmedido, la hambruna que pasa nuestro pueblo y donde le rompen su dignidad\u201d.<\/span><\/i><\/p>\n<p><span style=\"font-weight: 400\">Tambi\u00e9n se escucharon testimonios de Daniela y Yanina, militantes de Convocatoria Segunda Independencia, que participaron en homenaje a 50 a\u00f1os del Fusilamiento de Trelew, quienes destacaron que fue muy importante participar y poder hablar con los protagonistas de este hecho de lesa humanidad, para poder transmitir a los j\u00f3venes este mensaje de lucha.<\/span><\/p>\n<p><b>Manuel Ferrer, militante del MPLP<\/b><span style=\"font-weight: 400\">, fue el primero de los part\u00edcipes de esta mesa de reflexi\u00f3n en tomar la palabra: <\/span><i><span style=\"font-weight: 400\">\u201cPrimero me parece que como ocurre con este tipo de fechas y de conmemoraciones, en primer lugar nos tiene que servir para recuperar ese hilo hist\u00f3rico que a cada proceso de lucha popular nos une con las anteriores, porque nos une claramente con las experiencias revolucionarias de los setenta, con la experiencia de la resistencia peronista, con las movilizaciones obreras de principios del siglo XX aqu\u00ed en Argentina en la d\u00e9cada del veinte. Que tuvo experiencias de lucha que fueron duramente reprimidas, pero que fueron muy fuerte con avanzar, con instalar la cuesti\u00f3n obrera, la cuesti\u00f3n social en la Argentina. Ni que hablar el ej\u00e9rcito Sanmartiniano, las Montoneras tambi\u00e9n que intentaban la unidad nacional el esp\u00edritu federal durante el siglo XIX. Hay toda una experiencia de lucha, las resistencias al conquistador, al colonizador espa\u00f1ol. Hay toda una experiencia de luchas que es importante reponerlas\u00a0como parte del avance y de las luchas de los pueblos. Hay una reflexi\u00f3n maravillosa de Rodolfo Walsh sobre la historia, muchas veces lo escuch\u00e9 al Gringo Castro (UTEP) recuperar esta idea de c\u00f3mo al tratar de dividirnos, tambi\u00e9n nos quieren separar de nuestra historia, digamos. Rodolfo Walsh lo explicaba muy bien <\/span><\/i><b><i>*Si nos separan de nuestra historia, parece que cada vez que decidimos luchar contra la injusticia, tenemos que empezar de nuevo*<\/i><\/b><i><span style=\"font-weight: 400\">. Empezar de nuevo o pensar que la pelea es de cero cada vez, es parte de esa l\u00f3gica que tiene el poder, que lo entendemos mucho en lo medi\u00e1tico pero tambi\u00e9n hay que entenderlo en lo hist\u00f3rico. De desalentarnos, de querer quitarnos las voluntad de luchar, de hacernos pensar que el enemigo es m\u00e1s grande de lo que pensamos o de lo que es en realidad. Entonces me parece que ah\u00ed, en estas fechas es en donde es muy importante tener el gesto de acercarnos, de considerarlas propias, de recuperar las experiencias, de aprender de las experiencias, para que las luchas del presente sean m\u00e1s fuertes, tengan y puedan recuperar las mejores expresiones de las luchas pasadas. Porque adem\u00e1s como dec\u00eda Walsh, intentan privatizar la historia, no casualmente fechas como estas desde una hegemon\u00eda, insisto no solamente medi\u00e1tica, sino desde una especie de construcci\u00f3n de una historia oficial a veces tratar de construir controversia, de construir suspicacia alrededor de experiencias que para nosotros son importantes. Hormiga describ\u00eda bien el valor de estos compa\u00f1eros y compa\u00f1eras que integraron la\u00a0 experiencia montonera, que ten\u00edan una integridad ejemplar, una entrega ejemplar, recuperando el ejemplo del Che Guevara, recuperando ejemplos de entrega absoluta a la causa y la lucha revolucionaria. <\/span><\/i><b><i>Eran un mont\u00f3n de compa\u00f1eros y compa\u00f1eras, muy j\u00f3venes adem\u00e1s, que lo hac\u00edan cotidianamente. No eran una excepcionalidad, era un compromiso de una generaci\u00f3n, una camada de una forma de hacer la pol\u00edtica.<\/i><\/b><i><span style=\"font-weight: 400\"> No casualmente en la reflexi\u00f3n del Hormiga, indigna tanto ciertas formas que alcanza la pol\u00edtica, la pol\u00edtica profesional, la pol\u00edtica de la clase pol\u00edtica, la pol\u00edtica de la representaci\u00f3n alejada cada vez m\u00e1s del pueblo en comparaci\u00f3n con estos ejemplos, con esta entrega que expresaron compa\u00f1eros de aquellos a\u00f1os\u201d.<\/span><\/i><\/p>\n<p><span style=\"font-weight: 400\">Para cerrar <\/span><b>M\u00f3nica P\u00e9rez, militante del MPLP<\/b><span style=\"font-weight: 400\"> expres\u00f3: \u201c<\/span><i><span style=\"font-weight: 400\">A m\u00ed un poco todo lo de este\u00a0 d\u00eda me hace replantear como vemos la militancia y como esa dedicaci\u00f3n nos contempla en la vida. Cuando escuchaba el informe, era claramente que los compa\u00f1eros ante una situaci\u00f3n dif\u00edcil que estaba pasando el pa\u00eds, la decisi\u00f3n es o construyo individualmente y veo como zafo yo o empiezo a pensar en un todo, como construir y abonar al cambio en profundidad, para que sea en profundidad y para todos. Es un poco lo que nos planteamos todos los d\u00edas y por lo cual venimos todo el tiempo a la organizaci\u00f3n, a nuestros espacios, como distintas personas van sus movimientos, que te contempla toda la vida. <strong>La militancia para m\u00ed personalmente es una forma de vida.<\/strong> Una forma de vida que uno elige y que no es para uno solo, me salvo yo, digo que hago para construir\u00a0 y poder desde ah\u00ed empezar esta revoluci\u00f3n, empezar a generar cambios de cuajo, profundos. Hoy tenemos de nuevo un momento bastante complejo mundialmente y a nivel pa\u00eds, y claramente una embestida de un enemigo que nunca se fue, que siempre estuvo y que sigue estando que es el capitalismo, como en aquellos tiempos y como en todos los procesos\u00a0 ha estado. Hoy la militancia vuelve a redefinirse entre la unidad y en ese planteo de vida, porque a quien no le ha pasado el planteo familiar, de la vida. Sin ir m\u00e1s lejos\u00a0 tus hijos te preguntan porque no est\u00e1s en casa, y nosotros estamos ac\u00e1 construyendo un medio contra hegem\u00f3nico, construyendo comunicaci\u00f3n alternativa. Uno elige un formato de vida, que no es dejando de lado a la familia, uno est\u00e1 ac\u00e1 dando la vida y poniendo como principal esos objetivos, aunque no se vean, aunque no se perciba que es as\u00ed. Uno da una entrega total de vida, de construcci\u00f3n, uno viene a construir, en mi caso no solo por mi hija, sino por todos los ni\u00f1os, por toda la comunidad. Uno quiere dar un cambio en profundidad, y eso necesita a veces replantearse formatos de vida que son de entrega total a lo que nosotros sabemos que es lo que est\u00e1 bien, y es el camino que tenemos que tomar. La juventud es muy importante, es muy importante la participaci\u00f3n de ellos, es muy importante que est\u00e9 lleno de j\u00f3venes que vean que hoy no hay otra alternativa que unirnos y repensar el formato que queremos y defenderlo desde ac\u00e1. Y a esto me remite esta fecha. Vuelvo a lo mismo, cuando yo ten\u00eda diez a\u00f1os y mi madre me tra\u00eda ac\u00e1, dec\u00eda \u00bfpor qu\u00e9 no estoy en casa?, o cuando mam\u00e1 me dejaba y ten\u00eda un mont\u00f3n de cosas que hacer me preguntaba \u00bfpor qu\u00e9 no est\u00e1 ac\u00e1? Hoy lo comprendo y estoy agradecida de haber pasado ese proceso, y de poder hoy establecerlo y darlo, de poder consolidarme. <strong>Ojal\u00e1 mi hija el d\u00eda de ma\u00f1ana est\u00e9 orgullosa o sabiendo que no era que yo no estaba, estaba construyendo otro formato para que ella tenga un buen vivir el d\u00eda de ma\u00f1ana<\/strong>, ellos son los que contin\u00faan detr\u00e1s. Entonces este planteo de dar la vida y de la entrega total hacia la causa, es lo que tenemos que ver, es lo que nos quieren borrar y es cuando dicen que la historia contin\u00faa de nuevo. Eso es lo valioso de los procesos, un dar todo por todos y no el individualismo de meterse para adentro y s\u00e1lvese quien pueda\u201d.\u00a0\u00a0<\/span><\/i><\/p>\n<p><a href=\"https:\/\/ar.radiocut.fm\/audiocut\/dia-del-militante-montonero\/#\">Escucha la mesa completa<\/a><\/p>\n","protected":false},"excerpt":{"rendered":"<p>[FM Riachuelo 08\/09\/2022]\u00a0El 7 de Septiembre se conmemora el d\u00eda del Militante Montonero. La fecha recuerda el d\u00eda en que Fernando Luis Abal Medina y Carlos Gustavo Ramus fueron fusilados en un enfrentamiento con la polic\u00eda denominado \u00abCombate de William Morris\u00bb. A partir de un informe producido por Radio Rebeld\u00eda, de Convocatoria Segunda Independencia, \u201c7 [&hellip;]<\/p>\n","protected":false},"author":5,"featured_media":17176,"comment_status":"closed","ping_status":"closed","sticky":false,"template":"","format":"standard","meta":{"_monsterinsights_skip_tracking":false,"_monsterinsights_sitenote_active":false,"_monsterinsights_sitenote_note":"","_monsterinsights_sitenote_category":0,"jnews-multi-image_gallery":[],"jnews_single_post":{"format":"standard"},"jnews_primary_category":[],"_joinchat":[],"footnotes":""},"categories":[61],"tags":[108,151,103],"class_list":["post-17172","post","type-post","status-publish","format-standard","has-post-thumbnail","hentry","category-especiales-riachuelo","tag-comunicacion-popular","tag-ddhh","tag-movimientos-populares"],"_links":{"self":[{"href":"http:\/\/fmriachuelo.it10.com.ar\/index.php\/wp-json\/wp\/v2\/posts\/17172","targetHints":{"allow":["GET"]}}],"collection":[{"href":"http:\/\/fmriachuelo.it10.com.ar\/index.php\/wp-json\/wp\/v2\/posts"}],"about":[{"href":"http:\/\/fmriachuelo.it10.com.ar\/index.php\/wp-json\/wp\/v2\/types\/post"}],"author":[{"embeddable":true,"href":"http:\/\/fmriachuelo.it10.com.ar\/index.php\/wp-json\/wp\/v2\/users\/5"}],"replies":[{"embeddable":true,"href":"http:\/\/fmriachuelo.it10.com.ar\/index.php\/wp-json\/wp\/v2\/comments?post=17172"}],"version-history":[{"count":1,"href":"http:\/\/fmriachuelo.it10.com.ar\/index.php\/wp-json\/wp\/v2\/posts\/17172\/revisions"}],"predecessor-version":[{"id":22149,"href":"http:\/\/fmriachuelo.it10.com.ar\/index.php\/wp-json\/wp\/v2\/posts\/17172\/revisions\/22149"}],"wp:featuredmedia":[{"embeddable":true,"href":"http:\/\/fmriachuelo.it10.com.ar\/index.php\/wp-json\/wp\/v2\/media\/17176"}],"wp:attachment":[{"href":"http:\/\/fmriachuelo.it10.com.ar\/index.php\/wp-json\/wp\/v2\/media?parent=17172"}],"wp:term":[{"taxonomy":"category","embeddable":true,"href":"http:\/\/fmriachuelo.it10.com.ar\/index.php\/wp-json\/wp\/v2\/categories?post=17172"},{"taxonomy":"post_tag","embeddable":true,"href":"http:\/\/fmriachuelo.it10.com.ar\/index.php\/wp-json\/wp\/v2\/tags?post=17172"}],"curies":[{"name":"wp","href":"https:\/\/api.w.org\/{rel}","templated":true}]}}