{"id":1717,"date":"2015-10-05T15:03:00","date_gmt":"2015-10-05T15:03:00","guid":{"rendered":"http:\/\/fmriachuelo.observatorioess.org.ar\/index.php\/2015\/10\/05\/crisis-habitacional-en-la-ciudad-de-buenos-aires-festival-de-inquilinos\/"},"modified":"2015-10-05T15:03:00","modified_gmt":"2015-10-05T15:03:00","slug":"crisis-habitacional-en-la-ciudad-de-buenos-aires-festival-de-inquilinos","status":"publish","type":"post","link":"http:\/\/fmriachuelo.it10.com.ar\/index.php\/2015\/10\/05\/crisis-habitacional-en-la-ciudad-de-buenos-aires-festival-de-inquilinos\/","title":{"rendered":"CRISIS HABITACIONAL EN LA CIUDAD DE BUENOS AIRES: FESTIVAL DE INQUILINOS"},"content":{"rendered":"<div><span style=\"font-family: Verdana, sans-serif\">D\u00cdA INTERNACIONAL DEL INQUILINO<\/span><\/div>\n<div><span style=\"color: red;font-family: Verdana, sans-serif;font-size: large\"><b>EN LA CIUDAD M\u00c1S DESIGUAL FESTIVAL PARA VISIBILIZAR EL PROBLEMA DE LA VIVIENDA<\/b><\/span><\/div>\n<div><a href=\"https:\/\/fbcdn-sphotos-h-a.akamaihd.net\/hphotos-ak-xtp1\/t31.0-8\/s960x960\/11165092_10206996801974244_8275105298565369734_o.jpg\" style=\"clear: left;float: left;margin-bottom: 1em;margin-right: 1em\"><img loading=\"lazy\" decoding=\"async\" border=\"0\" height=\"200\" src=\"https:\/\/fbcdn-sphotos-h-a.akamaihd.net\/hphotos-ak-xtp1\/t31.0-8\/s960x960\/11165092_10206996801974244_8275105298565369734_o.jpg\" width=\"141\" \/><\/a><span style=\"font-family: Verdana, sans-serif\">Hoy de 18 a 21, en el <b>D\u00eda Internacional del Inquilino<\/b>,&nbsp;<\/span><span style=\"font-family: Verdana, sans-serif\">se realizar\u00e1&nbsp;<\/span><span style=\"font-family: Verdana, sans-serif\">un festival en la puerta de la Legislatura porte\u00f1a para exigir a los legisladores la creaci\u00f3n de la <b>Defensor\u00eda del Inquilino<\/b> y denunciar los abusos en el sector.<\/span><br \/><a name='more'><\/a><span style=\"font-family: Verdana, sans-serif\">\u201cDespu\u00e9s de un largo trabajo que venimos llevando a cabo con asesor\u00edas gratuitas, difusi\u00f3n de derechos, propuestas legislativas, asesor\u00edas legales recorriendo la ciudad y convocatorias abiertas a inquilinos, nos llena de orgullo poder realizar este festival y por primera vez despu\u00e9s de d\u00e9cadas visibilizar la problem\u00e1tica de un sector completamente dormido y oculto\u201d, expres\u00f3 la A<\/span><span style=\"font-family: Verdana, sans-serif\">sociaci\u00f3n Inquilinos Agrupados, organizaores del evento.<\/span><\/div>\n<div><span style=\"font-family: Verdana, sans-serif\">https:\/\/www.facebook.com\/events\/737487219717197\/<\/span><\/div>\n","protected":false},"excerpt":{"rendered":"<p>D\u00cdA INTERNACIONAL DEL INQUILINO EN LA CIUDAD M\u00c1S DESIGUAL FESTIVAL PARA VISIBILIZAR EL PROBLEMA DE LA VIVIENDA Hoy de 18 a 21, en el D\u00eda Internacional del Inquilino,&nbsp;se realizar\u00e1&nbsp;un festival en la puerta de la Legislatura porte\u00f1a para exigir a los legisladores la creaci\u00f3n de la Defensor\u00eda del Inquilino y denunciar los abusos en el [&hellip;]<\/p>\n","protected":false},"author":4,"featured_media":0,"comment_status":"open","ping_status":"open","sticky":false,"template":"","format":"standard","meta":{"_monsterinsights_skip_tracking":false,"_monsterinsights_sitenote_active":false,"_monsterinsights_sitenote_note":"","_monsterinsights_sitenote_category":0,"jnews-multi-image_gallery":[],"jnews_single_post":[],"jnews_primary_category":[],"_joinchat":[],"footnotes":""},"categories":[78],"tags":[],"class_list":["post-1717","post","type-post","status-publish","format-standard","hentry","category-economia-popular"],"_links":{"self":[{"href":"http:\/\/fmriachuelo.it10.com.ar\/index.php\/wp-json\/wp\/v2\/posts\/1717","targetHints":{"allow":["GET"]}}],"collection":[{"href":"http:\/\/fmriachuelo.it10.com.ar\/index.php\/wp-json\/wp\/v2\/posts"}],"about":[{"href":"http:\/\/fmriachuelo.it10.com.ar\/index.php\/wp-json\/wp\/v2\/types\/post"}],"author":[{"embeddable":true,"href":"http:\/\/fmriachuelo.it10.com.ar\/index.php\/wp-json\/wp\/v2\/users\/4"}],"replies":[{"embeddable":true,"href":"http:\/\/fmriachuelo.it10.com.ar\/index.php\/wp-json\/wp\/v2\/comments?post=1717"}],"version-history":[{"count":0,"href":"http:\/\/fmriachuelo.it10.com.ar\/index.php\/wp-json\/wp\/v2\/posts\/1717\/revisions"}],"wp:attachment":[{"href":"http:\/\/fmriachuelo.it10.com.ar\/index.php\/wp-json\/wp\/v2\/media?parent=1717"}],"wp:term":[{"taxonomy":"category","embeddable":true,"href":"http:\/\/fmriachuelo.it10.com.ar\/index.php\/wp-json\/wp\/v2\/categories?post=1717"},{"taxonomy":"post_tag","embeddable":true,"href":"http:\/\/fmriachuelo.it10.com.ar\/index.php\/wp-json\/wp\/v2\/tags?post=1717"}],"curies":[{"name":"wp","href":"https:\/\/api.w.org\/{rel}","templated":true}]}}