{"id":1716,"date":"2015-10-05T18:10:00","date_gmt":"2015-10-05T18:10:00","guid":{"rendered":"http:\/\/fmriachuelo.observatorioess.org.ar\/index.php\/2015\/10\/05\/caba-central-de-emergencias-villeras-una-iniciativa-popular-frente-a-las-politicas-de-abandono-del-gobierno-de-la-ciudad\/"},"modified":"2015-10-05T18:10:00","modified_gmt":"2015-10-05T18:10:00","slug":"caba-central-de-emergencias-villeras-una-iniciativa-popular-frente-a-las-politicas-de-abandono-del-gobierno-de-la-ciudad","status":"publish","type":"post","link":"http:\/\/fmriachuelo.it10.com.ar\/index.php\/2015\/10\/05\/caba-central-de-emergencias-villeras-una-iniciativa-popular-frente-a-las-politicas-de-abandono-del-gobierno-de-la-ciudad\/","title":{"rendered":"CABA: CENTRAL DE EMERGENCIAS VILLERAS UNA INICIATIVA POPULAR FRENTE A LAS POL\u00cdTICAS DE ABANDONO DEL GOBIERNO DE LA CIUDAD"},"content":{"rendered":"<p><span style=\"color: red;font-family: Verdana, sans-serif;font-size: large\"><b>LA ORGANIZACI\u00d3N POPULAR CONQUISTA DERECHOS<\/b><\/span><br \/><span style=\"font-family: Verdana, sans-serif\">FRENTE A LA AUSENCIA DE RESPUESTAS DEL ESTADO, LOS BARRIOS POPULARES SE ORGANIZAN<\/span><\/p>\n<div>\n<div style=\"clear: both;text-align: center\"><a href=\"http:\/\/3.bp.blogspot.com\/-zCpR1YEryv8\/VhFrPFiSVjI\/AAAAAAAAGtA\/ds6lfEynkAY\/s1600\/ambulancias.jpg\" style=\"clear: left;float: left;margin-bottom: 1em;margin-right: 1em\"><img loading=\"lazy\" decoding=\"async\" border=\"0\" height=\"137\" src=\"http:\/\/3.bp.blogspot.com\/-zCpR1YEryv8\/VhFrPFiSVjI\/AAAAAAAAGtA\/ds6lfEynkAY\/s200\/ambulancias.jpg\" width=\"200\" \/><\/a><\/div>\n<div style=\"text-align: justify\"><span style=\"font-family: Verdana, sans-serif\">Escuch\u00e1 aqu\u00ed fragmentos de la entrevista realizada en <span style=\"color: red\"><b>AL GRAN PUEBLO SALUD (Lunes 17 hs)<\/b><\/span> a<span style=\"color: #0b5394\"><b> MARINA JOSKI DEL MOVIMIENTO POPULAR LA DIGNIDAD, CORRIENTE VILLERA:<\/b><\/span><\/span><\/p>\n<div style=\"text-align: left\"><span style=\"color: #0b5394\"><b><\/b><\/span><span style=\"color: #0b5394\"><b><span style=\"font-family: Verdana, sans-serif\"><a href=\"http:\/\/www.mediafire.com\/listen\/yym8hac86393gay\/MARINA_-_C%C3%93%C2%81MO_FUNCIONA_LA_CENTRAL_DE_EMERGENCIA_Y_LA_CONSTRUCCIO%C3%8C%C2%81N_POLI%C3%8C%C2%81TICA.mp3\" target=\"_blank\" rel=\"noopener\">MARINA JOSKI &#8211; CO\u0301MO FUNCIONA LA CENTRAL DE EMERGENCIA Y LA CONSTRUCCI\u00d3N POLI\u0301TICA<\/a><\/span><\/b><\/span><\/div>\n<div style=\"text-align: left\"><span style=\"color: #0b5394\"><a href=\"http:\/\/www.mediafire.com\/listen\/0uosw9nks90pmm1\/MARINA_-_C%C3%93%C2%81MO_SURGE_LA_CENTRAL_DE_EMERGENCIAS_VILLERAS.mp3\" target=\"_blank\" rel=\"noopener\"><b><span style=\"font-family: Verdana, sans-serif\">MARINA &nbsp;JOSKI- CO\u0301MO SURGE LA CENTRAL DE EMERGENCIAS VILLERAS<\/span><\/b><\/a><\/span><\/div>\n<div style=\"text-align: left\"><span style=\"color: #0b5394\"><a href=\"http:\/\/www.mediafire.com\/listen\/70p2exl3be63r9h\/MARINA_-_LA_PARTICIPACI%C3%93%C2%81N_POPULAR_CON_SUS_SABERES.mp3\" target=\"_blank\" rel=\"noopener\"><b><span style=\"font-family: Verdana, sans-serif\">MARINA JOSKI &#8211; LA PARTICIPACI\u00d3N POPULAR CON SUS SABERES<\/span><\/b><\/a><\/span><\/div>\n<div style=\"text-align: left\"><span style=\"color: #0b5394\"><b><span style=\"font-family: Verdana, sans-serif\"><a href=\"http:\/\/www.mediafire.com\/listen\/98ivxh1h97z6jyh\/MARINA_-_LO_ESPEC%C3%8D%C2%81FICO_E_INTRANSFERIBLE_DE_LA_CENTRAL_DE_EMERGENCIAS.mp3\" target=\"_blank\" rel=\"noopener\">MARINA JOSKI&nbsp;&#8211; LO ESPECI\u0301FICO E INTRANSFERIBLE DE LA CENTRAL DE EMERGENCIAS<\/a><\/span><\/b><\/span><\/div>\n<div style=\"text-align: left\"><span style=\"color: #0b5394\"><a href=\"http:\/\/www.mediafire.com\/listen\/54yignjkge3aluy\/MARINA_-_RELACI%C3%93N_CON_EL_SISTEMA_P%C3%9ABLICO.mp3\" target=\"_blank\" rel=\"noopener\"><b><span style=\"font-family: Verdana, sans-serif\">MARINA JOSKI- RELACIO\u0301N CON EL SISTEMA PU\u0301BLICO<\/span><\/b><\/a><\/span><\/div>\n<div style=\"text-align: left\"><span style=\"color: #0b5394\"><span style=\"font-family: Verdana, sans-serif\"><a href=\"http:\/\/www.mediafire.com\/listen\/1ioen3xqoors45s\/MARINA_-_RESPUESTA_POPULAR_A_LA_FALTA_DE_URBANIZACI%C3%93N.mp3\" target=\"_blank\" rel=\"noopener\"><b>MARINA JOSKI &#8211; RESPUESTA POPULAR A LA FALTA DE URBANIZACI\u00d3N <\/b><\/a><\/span><\/span><\/div>\n<p><span style=\"font-family: Verdana, sans-serif\"><\/span><br \/><b><span style=\"font-family: Verdana, sans-serif\">[FMR 05\/10\/15] Desde el mes de febrero se ha puesto en marcha una iniciativa de los barrios villeros. Frente a las pol\u00edticas de estigmatizaci\u00f3n y la falta de urbanizaci\u00f3n de las villas, los habitantes de los barrios populares se organizaron y conformaron una \u00abCentral de Emergencias Villeras\u00bb.<\/span><\/b><br \/><a name='more'><\/a><br \/><span style=\"font-family: Verdana, sans-serif\">Para responder a las situaciones de emergencia que se presentan en las distintas villas y que no tienen respuesta por parte del Gobierno de la Ciudad por ausencia de ambulancias de traslado. Organizados por los propios habitantes que conocen el barrio y poseen el saber necesario para poner en marcha una iniciativa que permitir\u00e1 cuidar a los pobladores.&nbsp;<\/span><br \/><span style=\"font-family: Verdana, sans-serif\">La organizaci\u00f3n popular impuls\u00f3 al Estado a reanudar la prestaci\u00f3n del servicio de ambulancias, lo que oblig\u00f3 la restituci\u00f3n de derechos, que se obtuvieron por la lucha popular.&nbsp;<\/span><br \/><span style=\"font-family: Verdana, sans-serif\">Esta Central de Emergencias Villeras funciona en los barrios de la Comuna 8: Silda\u00f1ez, Villa Riachuelo, Villa Soldati, en la Villa 1-11-14 y Bo. Rivadavia, en las villas 31 y 31 bis y en las villas 21-24 y 26.<\/span><br \/><span style=\"font-family: Verdana, sans-serif\">La prestaci\u00f3n de los servicios de emergencias populares ha logrado articular sus servicios con los hospitales zonales, una tarea que llevo arduas gestiones hasta lograrse, lo que permite hoy evacuar las demandas de distintos niveles de complejidad, para los habitantes del barrio.&nbsp;<\/span><br \/><span style=\"font-family: Verdana, sans-serif\">Este trabajo organizado es el resultado de la demanda de urbanizaci\u00f3n y asistencia que sostuvo la Corriente Villera durante 54 d\u00edas de acampe en el Obelisco el a\u00f1o pasado.&nbsp;<\/span><\/div>\n<p><b style=\"color: #0b5394;font-family: Verdana, sans-serif;font-size: small\">PRODUCCI\u00d3N RIACHUELO<\/b><\/div>\n","protected":false},"excerpt":{"rendered":"<p>LA ORGANIZACI\u00d3N POPULAR CONQUISTA DERECHOSFRENTE A LA AUSENCIA DE RESPUESTAS DEL ESTADO, LOS BARRIOS POPULARES SE ORGANIZAN Escuch\u00e1 aqu\u00ed fragmentos de la entrevista realizada en AL GRAN PUEBLO SALUD (Lunes 17 hs) a MARINA JOSKI DEL MOVIMIENTO POPULAR LA DIGNIDAD, CORRIENTE VILLERA: MARINA JOSKI &#8211; CO\u0301MO FUNCIONA LA CENTRAL DE EMERGENCIA Y LA CONSTRUCCI\u00d3N POLI\u0301TICA [&hellip;]<\/p>\n","protected":false},"author":4,"featured_media":0,"comment_status":"open","ping_status":"open","sticky":false,"template":"","format":"standard","meta":{"_monsterinsights_skip_tracking":false,"_monsterinsights_sitenote_active":false,"_monsterinsights_sitenote_note":"","_monsterinsights_sitenote_category":0,"jnews-multi-image_gallery":[],"jnews_single_post":[],"jnews_primary_category":[],"_joinchat":[],"footnotes":""},"categories":[78],"tags":[],"class_list":["post-1716","post","type-post","status-publish","format-standard","hentry","category-economia-popular"],"_links":{"self":[{"href":"http:\/\/fmriachuelo.it10.com.ar\/index.php\/wp-json\/wp\/v2\/posts\/1716","targetHints":{"allow":["GET"]}}],"collection":[{"href":"http:\/\/fmriachuelo.it10.com.ar\/index.php\/wp-json\/wp\/v2\/posts"}],"about":[{"href":"http:\/\/fmriachuelo.it10.com.ar\/index.php\/wp-json\/wp\/v2\/types\/post"}],"author":[{"embeddable":true,"href":"http:\/\/fmriachuelo.it10.com.ar\/index.php\/wp-json\/wp\/v2\/users\/4"}],"replies":[{"embeddable":true,"href":"http:\/\/fmriachuelo.it10.com.ar\/index.php\/wp-json\/wp\/v2\/comments?post=1716"}],"version-history":[{"count":0,"href":"http:\/\/fmriachuelo.it10.com.ar\/index.php\/wp-json\/wp\/v2\/posts\/1716\/revisions"}],"wp:attachment":[{"href":"http:\/\/fmriachuelo.it10.com.ar\/index.php\/wp-json\/wp\/v2\/media?parent=1716"}],"wp:term":[{"taxonomy":"category","embeddable":true,"href":"http:\/\/fmriachuelo.it10.com.ar\/index.php\/wp-json\/wp\/v2\/categories?post=1716"},{"taxonomy":"post_tag","embeddable":true,"href":"http:\/\/fmriachuelo.it10.com.ar\/index.php\/wp-json\/wp\/v2\/tags?post=1716"}],"curies":[{"name":"wp","href":"https:\/\/api.w.org\/{rel}","templated":true}]}}