{"id":17153,"date":"2022-09-08T15:36:04","date_gmt":"2022-09-08T15:36:04","guid":{"rendered":"http:\/\/fmriachuelo.com.ar\/?p=17153"},"modified":"2025-03-11T12:45:31","modified_gmt":"2025-03-11T15:45:31","slug":"la-cooperativa-tecnologica-fray-luis-beltran-cumplio-2-anos","status":"publish","type":"post","link":"http:\/\/fmriachuelo.it10.com.ar\/index.php\/2022\/09\/08\/la-cooperativa-tecnologica-fray-luis-beltran-cumplio-2-anos\/","title":{"rendered":"LA COOPERATIVA TECNOL\u00d3GICA FRAY LUIS BELTRAN CUMPLIO 2 A\u00d1OS"},"content":{"rendered":"<p><strong>[FM Riachuelo 08\/09\/2022]<\/strong> El 7 de septiembre 2022, en homenaje al natalicio de Luis Beltr\u00e1n nac\u00eda la \u00abCooperativa Tecnol\u00f3gica Fray Luis Beltr\u00e1n\u00bb, por esta raz\u00f3n, en  el programa Mateando en el Riachuelo conversamos  con Josu\u00e9 y Oliverio, referentes de la Cooperativa;  quienes compartieron un balance de estos a\u00f1os de trabajo en el barrio.<\/strong><\/p>\n<p>En plena pandemia del COVID- 19, compa\u00f1eros del Movimiento Popular los Pibes entre charlas y debates, vieron la necesidad de abordar la tem\u00e1tica tecnol\u00f3gica ante la brecha digital que se profundizaba en los barrios. As\u00ed fue que comenz\u00f3 la idea de una cooperativa que recicle y arregle las computadoras que se desechaban y que adem\u00e1s se  compartan  estos conocimientos con los vecinos y vecinas del barrio. <em><em>\u00abEn el momento de la pandemia, fue cuando se vio la brecha digital que hay en nuestros barrios. Y es producto de una pol\u00edtica de marginaci\u00f3n al m\u00e1s del 50% de la poblaci\u00f3n y que viene de d\u00e9cadas de profundizaci\u00f3n. Entonces con algunos compa\u00f1eros empezamos a debatir la necesidad de que uno de nuestros espacios empiecen a abordar la tem\u00e1tica tecnol\u00f3gica\u00bb<\/em><\/em> dijo Josu\u00e9 en la entrevista.<\/p>\n<p>                         <img loading=\"lazy\" decoding=\"async\" src=\"http:\/\/fmriachuelo.com.ar\/wp-content\/uploads\/2022\/09\/WhatsApp-Image-2022-09-08-at-12.30.09-300x297.jpeg\" alt=\"\" width=\"300\" height=\"297\" class=\"alignnone size-medium wp-image-17164\" srcset=\"http:\/\/fmriachuelo.it10.com.ar\/wp-content\/uploads\/2022\/09\/WhatsApp-Image-2022-09-08-at-12.30.09-300x297.jpeg 300w, http:\/\/fmriachuelo.it10.com.ar\/wp-content\/uploads\/2022\/09\/WhatsApp-Image-2022-09-08-at-12.30.09-150x150.jpeg 150w, http:\/\/fmriachuelo.it10.com.ar\/wp-content\/uploads\/2022\/09\/WhatsApp-Image-2022-09-08-at-12.30.09-768x759.jpeg 768w, http:\/\/fmriachuelo.it10.com.ar\/wp-content\/uploads\/2022\/09\/WhatsApp-Image-2022-09-08-at-12.30.09-75x75.jpeg 75w, http:\/\/fmriachuelo.it10.com.ar\/wp-content\/uploads\/2022\/09\/WhatsApp-Image-2022-09-08-at-12.30.09-750x742.jpeg 750w, http:\/\/fmriachuelo.it10.com.ar\/wp-content\/uploads\/2022\/09\/WhatsApp-Image-2022-09-08-at-12.30.09.jpeg 899w\" sizes=\"auto, (max-width: 300px) 100vw, 300px\" \/><\/p>\n<p>Hicieron un recorrido de todas las actividades que fueron realizando entre los aciertos y errores del proceso.  Resaltaron la importancia que tuvieron los \u201cTalleres de Referentes Tecnol\u00f3gicos\u201d  en la comunidad. \u00ab<em>En cada espacio, merendero, comedor o cooperativa, tiene que haber un compa que sepa algo de tecnolog\u00eda para poder ayudar en su entorno y en su barrio\u00bb<\/em>, expres\u00f3  Josu\u00e9, explicando el rol del referente tecnol\u00f3gico.<\/p>\n<p>Tambi\u00e9n nos hablaron de la historia de Fray Luis Beltr\u00e1n, quien inspiro el nombre de la cooperativa por su forma de batallar contra el imperio Espa\u00f1ol:<em>\u00abNosotros entendemos la tecnolog\u00eda que hoy es una herramienta de los poderosos, pero eso se puede dar vuelta y se puede transformar a favor de la lucha de los pueblos. Y justamente, hab\u00eda un Frayle en 1810, que batall\u00f3 en la independencia de Chile,  despu\u00e9s con San Mart\u00edn y el Ej\u00e9rcito de los Andes. Este frayle con otros compatriotas arman un taller un taller popular, y ellos le hicieron todo el armamento al ejercito libertador, usando las campanas de la iglesia, en ese momento s\u00edmbolo de los espa\u00f1oles y el imperio. Entonces los ca\u00f1ones con los que se liber\u00f3 Am\u00e9rica era la tecnolog\u00eda del enemigo invertida\u00bb<\/em>, dijo Oliverio.<\/p>\n<p>Para cerrar la entrevista invitaron a los vecinos y vecinas del barrio a participar del festejo que estar\u00e1n realizando en la Feria de la Econom\u00eda Popular, que ser\u00e1 este viernes 9 de septiembre de 13 a 17hs en la Plaza Sol\u00eds del barrio de La Boca<\/p>\n<p>                       <img loading=\"lazy\" decoding=\"async\" src=\"http:\/\/fmriachuelo.com.ar\/wp-content\/uploads\/2022\/09\/WhatsApp-Image-2022-09-08-at-12.34.22-300x296.jpeg\" alt=\"\" width=\"300\" height=\"296\" class=\"alignnone size-medium wp-image-17166\" srcset=\"http:\/\/fmriachuelo.it10.com.ar\/wp-content\/uploads\/2022\/09\/WhatsApp-Image-2022-09-08-at-12.34.22-300x296.jpeg 300w, http:\/\/fmriachuelo.it10.com.ar\/wp-content\/uploads\/2022\/09\/WhatsApp-Image-2022-09-08-at-12.34.22-768x757.jpeg 768w, http:\/\/fmriachuelo.it10.com.ar\/wp-content\/uploads\/2022\/09\/WhatsApp-Image-2022-09-08-at-12.34.22-75x75.jpeg 75w, http:\/\/fmriachuelo.it10.com.ar\/wp-content\/uploads\/2022\/09\/WhatsApp-Image-2022-09-08-at-12.34.22-750x739.jpeg 750w, http:\/\/fmriachuelo.it10.com.ar\/wp-content\/uploads\/2022\/09\/WhatsApp-Image-2022-09-08-at-12.34.22.jpeg 899w\" sizes=\"auto, (max-width: 300px) 100vw, 300px\" \/><\/p>\n","protected":false},"excerpt":{"rendered":"<p>[FM Riachuelo 08\/09\/2022] El 7 de septiembre 2022, en homenaje al natalicio de Luis Beltr\u00e1n nac\u00eda la \u00abCooperativa Tecnol\u00f3gica Fray Luis Beltr\u00e1n\u00bb, por esta raz\u00f3n, en el programa Mateando en el Riachuelo conversamos con Josu\u00e9 y Oliverio, referentes de la Cooperativa; quienes compartieron un balance de estos a\u00f1os de trabajo en el barrio. En plena [&hellip;]<\/p>\n","protected":false},"author":5,"featured_media":17163,"comment_status":"closed","ping_status":"closed","sticky":false,"template":"","format":"standard","meta":{"_monsterinsights_skip_tracking":false,"_monsterinsights_sitenote_active":false,"_monsterinsights_sitenote_note":"","_monsterinsights_sitenote_category":0,"jnews-multi-image_gallery":[],"jnews_single_post":{"format":"standard"},"jnews_primary_category":[],"_joinchat":[],"footnotes":""},"categories":[58],"tags":[64,158],"class_list":["post-17153","post","type-post","status-publish","format-standard","has-post-thumbnail","hentry","category-noticiariachuelo","tag-economia-popular","tag-educacion-popular-3"],"_links":{"self":[{"href":"http:\/\/fmriachuelo.it10.com.ar\/index.php\/wp-json\/wp\/v2\/posts\/17153","targetHints":{"allow":["GET"]}}],"collection":[{"href":"http:\/\/fmriachuelo.it10.com.ar\/index.php\/wp-json\/wp\/v2\/posts"}],"about":[{"href":"http:\/\/fmriachuelo.it10.com.ar\/index.php\/wp-json\/wp\/v2\/types\/post"}],"author":[{"embeddable":true,"href":"http:\/\/fmriachuelo.it10.com.ar\/index.php\/wp-json\/wp\/v2\/users\/5"}],"replies":[{"embeddable":true,"href":"http:\/\/fmriachuelo.it10.com.ar\/index.php\/wp-json\/wp\/v2\/comments?post=17153"}],"version-history":[{"count":1,"href":"http:\/\/fmriachuelo.it10.com.ar\/index.php\/wp-json\/wp\/v2\/posts\/17153\/revisions"}],"predecessor-version":[{"id":22150,"href":"http:\/\/fmriachuelo.it10.com.ar\/index.php\/wp-json\/wp\/v2\/posts\/17153\/revisions\/22150"}],"wp:featuredmedia":[{"embeddable":true,"href":"http:\/\/fmriachuelo.it10.com.ar\/index.php\/wp-json\/wp\/v2\/media\/17163"}],"wp:attachment":[{"href":"http:\/\/fmriachuelo.it10.com.ar\/index.php\/wp-json\/wp\/v2\/media?parent=17153"}],"wp:term":[{"taxonomy":"category","embeddable":true,"href":"http:\/\/fmriachuelo.it10.com.ar\/index.php\/wp-json\/wp\/v2\/categories?post=17153"},{"taxonomy":"post_tag","embeddable":true,"href":"http:\/\/fmriachuelo.it10.com.ar\/index.php\/wp-json\/wp\/v2\/tags?post=17153"}],"curies":[{"name":"wp","href":"https:\/\/api.w.org\/{rel}","templated":true}]}}