{"id":17130,"date":"2022-09-07T14:39:19","date_gmt":"2022-09-07T14:39:19","guid":{"rendered":"http:\/\/fmriachuelo.com.ar\/?p=17130"},"modified":"2025-03-11T12:48:05","modified_gmt":"2025-03-11T15:48:05","slug":"caba-ley-de-tierra-techo-y-trabajo-una-solucion-para-los-barrios-populares","status":"publish","type":"post","link":"http:\/\/fmriachuelo.it10.com.ar\/index.php\/2022\/09\/07\/caba-ley-de-tierra-techo-y-trabajo-una-solucion-para-los-barrios-populares\/","title":{"rendered":"CABA: LEY DE TIERRA TECHO Y TRABAJO UNA SOLUCI\u00d3N PARA LOS BARRIOS POPULARES."},"content":{"rendered":"<p>[FM Riachuelo 02\/08\/2022] Ayer las Organizaci\u00f3n Sociales de la Ciudad de Buenos Aires nucleadas en la Uni\u00f3n de Trabajadores de la Econom\u00eda Popular (UTEP) presentaron en la Legislatura Porte\u00f1a la Ley de Tierra, Techo y Trabajo CABA.<\/p>\n<p>Las intersecci\u00f3n de las avenidas Belgrano y 9 de Julio fue el lugar de encuentro de un centenar de militantes de la Ciudad Aut\u00f3noma de Buenos Aires, que movilizaron en unidad a las puertas de la Legislatura Porte\u00f1a, donde  presentaron el paquete de proyectos de la Ley Tierra, Techo y Trabajo CABA,  que busca ampliar y garantizar los derechos de los Trabajadores y las  Trabajadoras  de la Econom\u00eda Popular por medio del fortalecimiento de su trabajo y de la integraci\u00f3n de los Barrios Populares.<\/p>\n<p>Bajo el grito de \u00abunidad de Los trabajadores al que no le gusta, se jode!\u00bb, la militancia organizada lleg\u00f3 a  la esquina de Diagonal Sur y Per\u00fa para hacer escuchar la voz de mujeres y hombres, pibes y pibas, que padecen el abandono constante de un Gobierno de la Ciudad que hace 15 a\u00f1os le viene dando la espalda a los \u00faltimos de la fila, que adem\u00e1s persigue y hostiga a los trabajadores de la Econom\u00eda Popular. <\/p>\n<p>En el escenario montado a pasitos de la hist\u00f3rica plaza de Mayo se compartieron los puntos de la Ley debatida en cada barriada. Ampliaci\u00f3n de Derechos; Desarrollo de la Econom\u00eda Popular; Barrios Populares; H\u00e1bitat y Planeamiento Urbano; Gesti\u00f3n Integral de Envase y Reciclado; Emergencia en Consumos Problem\u00e1ticos, y Migraci\u00f3n, son algunos de  estos puntos que son impulsados desde los sectores m\u00e1s humildes.<\/p>\n<p>Los diversos referentes que tomaron la palabra remarcaron: la falta de pol\u00edticas p\u00fablicas, pol\u00edticas de trabajo, la falta de abordaje en alimentaci\u00f3n; y la especulaci\u00f3n financiera e inmobiliaria que tiene el Gobierno de Horacio Rodr\u00edguez Larreta. La importancia de la unidad y movilizaci\u00f3n de esta jornada, el rol fundamental que las Organizaciones Sociales tienen en los Barrios Populares, fueron eco en cada intervenci\u00f3n donde se hizo un profundo hincapi\u00e9 en la  urgencia de que esta ley sea efectiva, para tener una ciudad m\u00e1s justa, m\u00e1s igualitaria, sin excluidos; con m\u00e1s derechos para potenciar el entramado productivo de la Econom\u00eda Popular.<\/p>\n","protected":false},"excerpt":{"rendered":"<p>[FM Riachuelo 02\/08\/2022] Ayer las Organizaci\u00f3n Sociales de la Ciudad de Buenos Aires nucleadas en la Uni\u00f3n de Trabajadores de la Econom\u00eda Popular (UTEP) presentaron en la Legislatura Porte\u00f1a la Ley de Tierra, Techo y Trabajo CABA. Las intersecci\u00f3n de las avenidas Belgrano y 9 de Julio fue el lugar de encuentro de un centenar [&hellip;]<\/p>\n","protected":false},"author":5,"featured_media":17131,"comment_status":"closed","ping_status":"closed","sticky":false,"template":"","format":"standard","meta":{"_monsterinsights_skip_tracking":false,"_monsterinsights_sitenote_active":false,"_monsterinsights_sitenote_note":"","_monsterinsights_sitenote_category":0,"jnews-multi-image_gallery":[],"jnews_single_post":{"format":"standard"},"jnews_primary_category":[],"_joinchat":[],"footnotes":""},"categories":[58],"tags":[71,64,147],"class_list":["post-17130","post","type-post","status-publish","format-standard","has-post-thumbnail","hentry","category-noticiariachuelo","tag-de-la-tierra","tag-economia-popular","tag-habitat"],"_links":{"self":[{"href":"http:\/\/fmriachuelo.it10.com.ar\/index.php\/wp-json\/wp\/v2\/posts\/17130","targetHints":{"allow":["GET"]}}],"collection":[{"href":"http:\/\/fmriachuelo.it10.com.ar\/index.php\/wp-json\/wp\/v2\/posts"}],"about":[{"href":"http:\/\/fmriachuelo.it10.com.ar\/index.php\/wp-json\/wp\/v2\/types\/post"}],"author":[{"embeddable":true,"href":"http:\/\/fmriachuelo.it10.com.ar\/index.php\/wp-json\/wp\/v2\/users\/5"}],"replies":[{"embeddable":true,"href":"http:\/\/fmriachuelo.it10.com.ar\/index.php\/wp-json\/wp\/v2\/comments?post=17130"}],"version-history":[{"count":1,"href":"http:\/\/fmriachuelo.it10.com.ar\/index.php\/wp-json\/wp\/v2\/posts\/17130\/revisions"}],"predecessor-version":[{"id":22151,"href":"http:\/\/fmriachuelo.it10.com.ar\/index.php\/wp-json\/wp\/v2\/posts\/17130\/revisions\/22151"}],"wp:featuredmedia":[{"embeddable":true,"href":"http:\/\/fmriachuelo.it10.com.ar\/index.php\/wp-json\/wp\/v2\/media\/17131"}],"wp:attachment":[{"href":"http:\/\/fmriachuelo.it10.com.ar\/index.php\/wp-json\/wp\/v2\/media?parent=17130"}],"wp:term":[{"taxonomy":"category","embeddable":true,"href":"http:\/\/fmriachuelo.it10.com.ar\/index.php\/wp-json\/wp\/v2\/categories?post=17130"},{"taxonomy":"post_tag","embeddable":true,"href":"http:\/\/fmriachuelo.it10.com.ar\/index.php\/wp-json\/wp\/v2\/tags?post=17130"}],"curies":[{"name":"wp","href":"https:\/\/api.w.org\/{rel}","templated":true}]}}