{"id":1712,"date":"2015-10-06T16:37:00","date_gmt":"2015-10-06T16:37:00","guid":{"rendered":"http:\/\/fmriachuelo.observatorioess.org.ar\/index.php\/2015\/10\/06\/caba-la-boca-marcha-a-desarrollo-economico-de-la-ciudad\/"},"modified":"2015-10-06T16:37:00","modified_gmt":"2015-10-06T16:37:00","slug":"caba-la-boca-marcha-a-desarrollo-economico-de-la-ciudad","status":"publish","type":"post","link":"http:\/\/fmriachuelo.it10.com.ar\/index.php\/2015\/10\/06\/caba-la-boca-marcha-a-desarrollo-economico-de-la-ciudad\/","title":{"rendered":"CABA: LA BOCA MARCHA A DESARROLLO ECON\u00d3MICO DE LA CIUDAD"},"content":{"rendered":"<div style=\"text-align: left\"><span style=\"color: red;font-family: Verdana, sans-serif;font-size: large\"><b>ASAMBLEA DE HABITANTES DE LA BOCA<span style=\"font-size: large\"> <\/span>RESUELVE MARCHAR<\/b><\/span><\/div>\n<div style=\"text-align: left\"><span style=\"font-family: Verdana, sans-serif;text-align: justify\"><b>\u00a1NO A LA VENTA DE LOS TERRENOS DE CASA AMARILLA AL CLUB BOCA JUNIORS!<\/b><\/span><\/div>\n<p><span style=\"font-family: Verdana, sans-serif;text-align: justify\">EL MI\u00c9RCOLES 7\/10 MARCHAMOS A DESARROLLO ECON\u00d3MICO<\/span><br \/><span style=\"font-family: Verdana, sans-serif\"><\/span><\/p>\n<div style=\"text-align: justify\"><a href=\"http:\/\/4.bp.blogspot.com\/-cZ7v-sBnA08\/VhP3tFdp3wI\/AAAAAAAAGwY\/Ck7GVsG33PE\/s1600\/la%2Bboca%2Bresiste%2By%2Bp.jpg\" style=\"clear: left;float: left;margin-bottom: 1em;margin-right: 1em\"><img loading=\"lazy\" decoding=\"async\" border=\"0\" height=\"200\" src=\"http:\/\/4.bp.blogspot.com\/-cZ7v-sBnA08\/VhP3tFdp3wI\/AAAAAAAAGwY\/Ck7GVsG33PE\/s200\/la%2Bboca%2Bresiste%2By%2Bp.jpg\" width=\"145\" \/><\/a><span style=\"font-family: Verdana, sans-serif\">Presidido por el macrista Daniel Angelici, el Club Boca Juniors present\u00f3 un proyecto para comprarle terrenos p\u00fablicos a la Ciudad.&nbsp;<\/span><\/div>\n<p><span style=\"font-family: Verdana, sans-serif\"><\/span><\/p>\n<div style=\"text-align: justify\"><span style=\"font-family: Verdana, sans-serif\">A trav\u00e9s de la Corporaci\u00f3n Sur, el Gobierno porte\u00f1o dio r\u00e1pidamente el primer visto bueno y la propuesta deber\u00e1 ser evaluada ahora por el Ministerio de Desarrollo Econ\u00f3mico.&nbsp;<\/span><\/div>\n<p><span style=\"font-family: Verdana, sans-serif\"><\/p>\n<div style=\"text-align: justify\">Si el PRO avala la iniciativa, los vecinos perderemos un gran espacio verde y la posibilidad de que se construyan viviendas sociales para nuestras familias, como originalmente estaba previsto en un sector de estas tierras.<br \/><a name='more'><\/a><\/div>\n<div style=\"text-align: justify\">El 25 de agosto pasado, la actual dirigencia del Club Boca Juniors present\u00f3 un proyecto ante la Corporaci\u00f3n Buenos Aires Sur para la compra de tres manzanas de uso p\u00fablico de La Boca. La iniciativa fue aprobada en tiempo r\u00e9cord (una semana) por el directorio de la Corporaci\u00f3n -Sociedad del Estado propietaria del predio- y ya fue derivada al Ministerio de Desarrollo Econ\u00f3mico porte\u00f1o para su aval definitivo.&nbsp;<\/div>\n<div style=\"text-align: justify\">La Corporaci\u00f3n Sur tiene el poder de disponer sobre estas tierras a partir de que, a trav\u00e9s del decreto 723 del a\u00f1o 2010, Mauricio Macri estipul\u00f3 para ellas una funci\u00f3n p\u00fablica (educativa, de salud, recreativa). Con ese objetivo, el Instituto de Vivienda (IVC) se las entreg\u00f3 a la Corporaci\u00f3n, que ahora aval\u00f3 la propuesta privada de Boca.&nbsp;<\/div>\n<div style=\"text-align: justify\">Si bien el proyecto no lo explicita, Boca Juniors quiere los terrenos para construir un estadio-shopping. As\u00ed lo demuestran tanto la plataforma electoral que el propio Angelici present\u00f3 en las \u00faltimas elecciones como las recurrentes declaraciones p\u00fablicas de los dirigentes del club.&nbsp;<\/div>\n<div style=\"text-align: justify\">Adem\u00e1s, a fines del a\u00f1o pasado el vicepresidente del club y legislador PRO, Oscar Moscariello, present\u00f3 en la Legislatura un proyecto de ley en el que se planteaba cambiar la zonificaci\u00f3n de estas mismas tierras para poder as\u00ed construir un \u00abEstadio y Complejo Deportivo del Club Atl\u00e9tico Boca Juniors\u00bb.&nbsp;<\/div>\n<div style=\"text-align: justify\">Los vecinos de La Boca y los propios simpatizantes del club ya nos manifestamos en contra de la iniciativa cuando Moscariello intent\u00f3 imponerla en la Legislatura.&nbsp;<\/div>\n<div style=\"text-align: justify\">Ahora, ante este nuevo intento de hacerse con estas tierras que son de todos nosotros, vecinos de La Boca y de la Ciudad, decidimos volver a movilizarnos para frenar esta nueva embestida del PRO e impedir que le vendan los terrenos al Club Boca Juniors y all\u00ed se construya un estadio-shopping.&nbsp;<\/div>\n<div style=\"text-align: justify\">Por eso, el pr\u00f3ximo mi\u00e9rcoles 7 de octubre a las 12 hrs marcharemos a las puertas del Ministerio de Desarrollo Econ\u00f3mico \u2013Diagonal Norte 832, esq. Esmeralda-, tal como fue aprobado el 25 de septiembre pasado por m\u00e1s de un centenar de vecinos y organizaciones sociales y pol\u00edticas de La Boca reunidos en Asamblea en Plaza Matheu.<\/div>\n<div style=\"text-align: justify\"><span style=\"font-size: x-small\"><span style=\"color: #0b5394\"><b>LA BOCA RESISTE Y PROPONE\/PRODUCCI\u00d3N RIACHUELO<\/b><\/span><\/span><\/div>\n<p><\/span><\/p>\n","protected":false},"excerpt":{"rendered":"<p>ASAMBLEA DE HABITANTES DE LA BOCA RESUELVE MARCHAR \u00a1NO A LA VENTA DE LOS TERRENOS DE CASA AMARILLA AL CLUB BOCA JUNIORS! EL MI\u00c9RCOLES 7\/10 MARCHAMOS A DESARROLLO ECON\u00d3MICO Presidido por el macrista Daniel Angelici, el Club Boca Juniors present\u00f3 un proyecto para comprarle terrenos p\u00fablicos a la Ciudad.&nbsp; A trav\u00e9s de la Corporaci\u00f3n Sur, [&hellip;]<\/p>\n","protected":false},"author":4,"featured_media":0,"comment_status":"open","ping_status":"open","sticky":false,"template":"","format":"standard","meta":{"_monsterinsights_skip_tracking":false,"_monsterinsights_sitenote_active":false,"_monsterinsights_sitenote_note":"","_monsterinsights_sitenote_category":0,"jnews-multi-image_gallery":[],"jnews_single_post":[],"jnews_primary_category":[],"_joinchat":[],"footnotes":""},"categories":[1],"tags":[],"class_list":["post-1712","post","type-post","status-publish","format-standard","hentry","category-habitat"],"_links":{"self":[{"href":"http:\/\/fmriachuelo.it10.com.ar\/index.php\/wp-json\/wp\/v2\/posts\/1712","targetHints":{"allow":["GET"]}}],"collection":[{"href":"http:\/\/fmriachuelo.it10.com.ar\/index.php\/wp-json\/wp\/v2\/posts"}],"about":[{"href":"http:\/\/fmriachuelo.it10.com.ar\/index.php\/wp-json\/wp\/v2\/types\/post"}],"author":[{"embeddable":true,"href":"http:\/\/fmriachuelo.it10.com.ar\/index.php\/wp-json\/wp\/v2\/users\/4"}],"replies":[{"embeddable":true,"href":"http:\/\/fmriachuelo.it10.com.ar\/index.php\/wp-json\/wp\/v2\/comments?post=1712"}],"version-history":[{"count":0,"href":"http:\/\/fmriachuelo.it10.com.ar\/index.php\/wp-json\/wp\/v2\/posts\/1712\/revisions"}],"wp:attachment":[{"href":"http:\/\/fmriachuelo.it10.com.ar\/index.php\/wp-json\/wp\/v2\/media?parent=1712"}],"wp:term":[{"taxonomy":"category","embeddable":true,"href":"http:\/\/fmriachuelo.it10.com.ar\/index.php\/wp-json\/wp\/v2\/categories?post=1712"},{"taxonomy":"post_tag","embeddable":true,"href":"http:\/\/fmriachuelo.it10.com.ar\/index.php\/wp-json\/wp\/v2\/tags?post=1712"}],"curies":[{"name":"wp","href":"https:\/\/api.w.org\/{rel}","templated":true}]}}