{"id":1709,"date":"2015-10-07T12:46:00","date_gmt":"2015-10-07T12:46:00","guid":{"rendered":"http:\/\/fmriachuelo.observatorioess.org.ar\/index.php\/2015\/10\/07\/escrache-a-felipe-sola-por-la-muerte-de-dario-y-maxi\/"},"modified":"2015-10-07T12:46:00","modified_gmt":"2015-10-07T12:46:00","slug":"escrache-a-felipe-sola-por-la-muerte-de-dario-y-maxi","status":"publish","type":"post","link":"http:\/\/fmriachuelo.it10.com.ar\/index.php\/2015\/10\/07\/escrache-a-felipe-sola-por-la-muerte-de-dario-y-maxi\/","title":{"rendered":"ESCRACHE A FELIPE SOL\u00c1 POR LA MUERTE DE DAR\u00cdO Y MAXI"},"content":{"rendered":"<p><span style=\"color: red;font-family: Verdana, sans-serif;font-size: large\"><b>\u00a1CUANDO NO HAY JUSTICIA, HAY ESCRACHE!<\/b><\/span><\/p>\n<div style=\"clear: both;text-align: center\"><a href=\"http:\/\/1.bp.blogspot.com\/-XRbWsy9JA9o\/VhUTostNwfI\/AAAAAAAAGws\/RMi5jtLXJxM\/s1600\/YO%2BPIDO.jpg\" style=\"clear: left;float: left;margin-bottom: 1em;margin-right: 1em\"><img loading=\"lazy\" decoding=\"async\" border=\"0\" height=\"134\" src=\"http:\/\/1.bp.blogspot.com\/-XRbWsy9JA9o\/VhUTostNwfI\/AAAAAAAAGws\/RMi5jtLXJxM\/s200\/YO%2BPIDO.jpg\" width=\"200\" \/><\/a><\/div>\n<div style=\"font-family: Verdana, sans-serif;text-align: justify\">Difundimos comunicado:<\/div>\n<div style=\"font-family: Verdana, sans-serif;text-align: justify\">CONFERENCIA DE PRENSA 10 Hs Santiago del Estero 866<\/div>\n<div style=\"text-align: justify\"><span style=\"font-family: Verdana, sans-serif\">EXIGIMOS QUE FELIPE SOLA DE LA CARA POR SU RESPONSABILIDAD EN LA MASACRE DE AVELLANEDA<\/span><\/div>\n<p><span style=\"font-family: Verdana, sans-serif\"><\/span><\/p>\n<div style=\"text-align: justify\"><\/div>\n<p><span style=\"font-family: Verdana, sans-serif\"><\/span><\/p>\n<div style=\"text-align: justify\"><span style=\"font-family: Verdana, sans-serif\">DENUNCIAMOS LA AGRESION DE LA PATOTA DE FELIPE SOLA ANTE LA PROTESTA EN LA FACULTAD DE CIENCIAS ECONOMICAS&nbsp;<\/span><br \/><a name='more'><\/a><\/div>\n<p><span style=\"font-family: Verdana, sans-serif\"><\/p>\n<div style=\"text-align: justify\"><b><span style=\"color: red\">SI NO HAY JUSTICIA, HAY ESCRACHE<\/span><\/b><\/div>\n<div style=\"text-align: justify\"><\/div>\n<div style=\"text-align: justify\">Ante un escrache a Felipe Sola, la patota del Frente Renovador agredio a familiares y compa\u00f1eros de Dario Santillan<\/div>\n<div style=\"text-align: justify\">Desde el Frente Popular Dario Santillan denunciamos una vez a Felipe Sola, candidato a gobernar la provincia de Bs As por su responsabilidad en el asesinato de Dario y Maxi el 26 de junio de 2002.<\/div>\n<div style=\"text-align: justify\"><\/div>\n<div style=\"text-align: justify\">Ante el reclamo hecho hoy nuevamente en la facultad de ciencias economicas, los integrantes del Frente Renovador comenzaron a arrojar sillas a nuestros compa\u00f1eros. Este acci\u00f3n violenta no nos llama la atenci\u00f3n de quien se sento a tomar mate con el policia que disparo el 26 de junio. Igual.que Duhalde y Anibal Fern\u00e1ndez, Sola es responsables de la Masacre ordenada en Avellaneda en 2002. <\/div>\n<div style=\"text-align: justify\"><\/div>\n<div style=\"text-align: justify\">Desde el Frente Popular Dar\u00edo Santill\u00e1n repudiamos la presencia de Sol\u00e1, quien en 2002 durante la Masacre de Avellaneda, ocupaba el mismo cargo para el que se postula en estas elecciones.No olvidamos que fue Sol\u00e1 quien en ese entonces felicit\u00f3 y aval\u00f3 p\u00fablicamente el accionar del comisario Alfredo Luis Fanchiotti, condenado junto con Alejandro Acosta de ser los autores materiales de los asesinatos.<\/div>\n<div style=\"text-align: justify\"><\/div>\n<div style=\"text-align: justify\">Repudiamos que no hayan sido citados a declarar ante la Justicia los principales responsables pol\u00edticos, miembros del Poder Ejecutivo al momento de producirse la represi\u00f3n, siendo que se cuenta con sobradas pruebas de la existencia de un plan represivo con reuniones previas, una autor\u00eda ideol\u00f3gica, directivas, responsabilidades y complicidades necesarias.<\/div>\n<div style=\"text-align: justify\"><\/div>\n<div style=\"text-align: justify\">El 26 de junio de 2002, mientras miles de trabajadoras y trabajadores desocupados sal\u00edan a las calles a exigir trabajo, justicia y dignidad, el entonces presidente Eduardo Duhalde, dio la orden de reprimir a los manifestantes en el Puente Pueyrred\u00f3n. Dos j\u00f3venes muertos y m\u00e1s de 30 heridos con balas de plomo fue el saldo de lo que se conoce como la Masacre de Avellaneda. El objetivo pol\u00edtico aparec\u00eda claro: desarticular al movimiento popular que hab\u00eda protagonizando jornadas hist\u00f3ricas como las de diciembre del 2001.<\/div>\n<div style=\"text-align: justify\"><\/div>\n<div style=\"text-align: justify\">Por todo esto, decimos que Duhalde, An\u00edbal Fernandez, Felipe Sol\u00e1 son nuestros candidatos\u2026 \u00a1pero a la c\u00e1rcel! Creemos que es nuestra responsabilidad como pueblo repudiarlos dondequiera que vayan. Pongamos nuestra presencia y nuestra memoria para impedir que los asesinos de la democracia se legitimen en las urnas. All\u00ed estaremos cantando, como en cada repudio a los que tienen las manos manchadas con la sangre del pueblo: \u201ccomo a los nazis les va a pasar, adonde vayan los iremos a buscar\u201d.&nbsp;<\/div>\n<div style=\"text-align: justify\">Felipe Sol\u00e1, Juan Jos\u00e9 \u00c1lvarez, Alfredo Atanasof, An\u00edbal Fern\u00e1ndez, Eduardo Duhalde, y todos los responsables pol\u00edticos de la Masacre de Avellaneda, candidatos\u2026 \u00a1a la c\u00e1rcel!<\/div>\n<div style=\"text-align: justify\"><span style=\"font-size: x-small\"><span style=\"color: #0b5394\"><b>FPDS\/PRODUCCI\u00d3N RIACHUELO<\/b><\/span><\/span><\/div>\n<p><\/span><\/p>\n","protected":false},"excerpt":{"rendered":"<p>\u00a1CUANDO NO HAY JUSTICIA, HAY ESCRACHE! Difundimos comunicado: CONFERENCIA DE PRENSA 10 Hs Santiago del Estero 866 EXIGIMOS QUE FELIPE SOLA DE LA CARA POR SU RESPONSABILIDAD EN LA MASACRE DE AVELLANEDA DENUNCIAMOS LA AGRESION DE LA PATOTA DE FELIPE SOLA ANTE LA PROTESTA EN LA FACULTAD DE CIENCIAS ECONOMICAS&nbsp; SI NO HAY JUSTICIA, HAY [&hellip;]<\/p>\n","protected":false},"author":4,"featured_media":0,"comment_status":"open","ping_status":"open","sticky":false,"template":"","format":"standard","meta":{"_monsterinsights_skip_tracking":false,"_monsterinsights_sitenote_active":false,"_monsterinsights_sitenote_note":"","_monsterinsights_sitenote_category":0,"jnews-multi-image_gallery":[],"jnews_single_post":[],"jnews_primary_category":[],"_joinchat":[],"footnotes":""},"categories":[1],"tags":[],"class_list":["post-1709","post","type-post","status-publish","format-standard","hentry","category-habitat"],"_links":{"self":[{"href":"http:\/\/fmriachuelo.it10.com.ar\/index.php\/wp-json\/wp\/v2\/posts\/1709","targetHints":{"allow":["GET"]}}],"collection":[{"href":"http:\/\/fmriachuelo.it10.com.ar\/index.php\/wp-json\/wp\/v2\/posts"}],"about":[{"href":"http:\/\/fmriachuelo.it10.com.ar\/index.php\/wp-json\/wp\/v2\/types\/post"}],"author":[{"embeddable":true,"href":"http:\/\/fmriachuelo.it10.com.ar\/index.php\/wp-json\/wp\/v2\/users\/4"}],"replies":[{"embeddable":true,"href":"http:\/\/fmriachuelo.it10.com.ar\/index.php\/wp-json\/wp\/v2\/comments?post=1709"}],"version-history":[{"count":0,"href":"http:\/\/fmriachuelo.it10.com.ar\/index.php\/wp-json\/wp\/v2\/posts\/1709\/revisions"}],"wp:attachment":[{"href":"http:\/\/fmriachuelo.it10.com.ar\/index.php\/wp-json\/wp\/v2\/media?parent=1709"}],"wp:term":[{"taxonomy":"category","embeddable":true,"href":"http:\/\/fmriachuelo.it10.com.ar\/index.php\/wp-json\/wp\/v2\/categories?post=1709"},{"taxonomy":"post_tag","embeddable":true,"href":"http:\/\/fmriachuelo.it10.com.ar\/index.php\/wp-json\/wp\/v2\/tags?post=1709"}],"curies":[{"name":"wp","href":"https:\/\/api.w.org\/{rel}","templated":true}]}}