{"id":1708,"date":"2015-10-08T01:10:00","date_gmt":"2015-10-08T01:10:00","guid":{"rendered":"http:\/\/fmriachuelo.observatorioess.org.ar\/index.php\/2015\/10\/08\/vecinos-y-organizaciones-movilizados-contra-los-negociados-inmobiliarios-entre-el-gcba-y-el-club-boca-juniors\/"},"modified":"2015-10-08T01:10:00","modified_gmt":"2015-10-08T01:10:00","slug":"vecinos-y-organizaciones-movilizados-contra-los-negociados-inmobiliarios-entre-el-gcba-y-el-club-boca-juniors","status":"publish","type":"post","link":"http:\/\/fmriachuelo.it10.com.ar\/index.php\/2015\/10\/08\/vecinos-y-organizaciones-movilizados-contra-los-negociados-inmobiliarios-entre-el-gcba-y-el-club-boca-juniors\/","title":{"rendered":"VECINOS Y ORGANIZACIONES MOVILIZADOS CONTRA LOS NEGOCIADOS INMOBILIARIOS ENTRE EL GCBA Y EL CLUB BOCA JUNIORS"},"content":{"rendered":"<div style=\"margin-bottom: 0.0001pt\"><\/div>\n<p><span style=\"font-size: small\"><span style=\"font-family: Verdana,sans-serif\"><b><span style=\"color: red\"><span style=\"font-size: large\"><span lang=\"ES-AR\" style=\"line-height: 115%\">FRENO A LA VENTA DE TERRENOS DE CASA AMARILLA<\/span><\/span><\/span><span style=\"color: red\"><\/span><\/b><\/span><\/span><\/p>\n<div style=\"margin-bottom: 0.0001pt\"><span style=\"font-size: small\"><span style=\"font-family: Verdana,sans-serif\"><b><span style=\"color: red\"><\/span><\/b><\/span><\/span><\/div>\n<div style=\"margin-bottom: 0.0001pt\"><span style=\"font-size: small\"><span style=\"font-family: Verdana,sans-serif\"><b><\/b><\/span><\/span><\/div>\n<div style=\"margin-bottom: 0.0001pt;text-align: justify\"><a href=\"https:\/\/mail.google.com\/mail\/u\/1\/?ui=2&amp;ik=4fd20d0ae8&amp;view=fimg&amp;th=15044f93102caf0d&amp;attid=0.2&amp;disp=emb&amp;realattid=ii_15044672227df086&amp;attbid=ANGjdJ8-YxaiV70j_YsIbSIzy-MF6TMYGBa9m4q88zGOBAPKBgatwQKklwWsDP_crXAlJxdIk-7Ktm4tM-WhLQzh28A6yIej6XPNNDvjwnTnTBe9tvfnA-si_ErIHxk&amp;sz=w942-h552&amp;ats=1444266238419&amp;rm=15044f93102caf0d&amp;zw&amp;atsh=1\" style=\"clear: left;float: left;margin-bottom: 1em;margin-right: 1em\"><img loading=\"lazy\" decoding=\"async\" alt=\"Imagen integrada 1\" border=\"0\" class=\"CToWUd a6T\" height=\"116\" src=\"https:\/\/mail.google.com\/mail\/u\/1\/?ui=2&amp;ik=4fd20d0ae8&amp;view=fimg&amp;th=15044f93102caf0d&amp;attid=0.2&amp;disp=emb&amp;realattid=ii_15044672227df086&amp;attbid=ANGjdJ8-YxaiV70j_YsIbSIzy-MF6TMYGBa9m4q88zGOBAPKBgatwQKklwWsDP_crXAlJxdIk-7Ktm4tM-WhLQzh28A6yIej6XPNNDvjwnTnTBe9tvfnA-si_ErIHxk&amp;sz=w942-h552&amp;ats=1444266238419&amp;rm=15044f93102caf0d&amp;zw&amp;atsh=1\" width=\"200\" \/><\/a><span style=\"font-size: small\"><span style=\"font-family: Verdana,sans-serif\">Escuch\u00e1 <span style=\"font-size: small\"><span style=\"font-size: small\">el momento en que se comunicaba a la asamblea <\/span>lo<\/span>s resultados de la reuni\u00f3n y los compromisos asumidos por el GCBA:<\/span><\/span><\/div>\n<div style=\"margin-bottom: 0.0001pt;text-align: justify\"><span style=\"font-size: small\"><span style=\"font-family: Verdana,sans-serif\"><b><\/b><\/span><\/span><\/div>\n<div style=\"margin-bottom: 0.0001pt;text-align: justify\"><span style=\"font-size: small\"><span style=\"font-family: Verdana,sans-serif\"><\/span><\/span><\/div>\n<div style=\"margin-bottom: 0.0001pt;text-align: left\"><span style=\"font-size: small\"><span style=\"color: #0b5394\"><span style=\"font-family: verdana,sans-serif\"><b><a href=\"http:\/\/www.mediafire.com\/listen\/lx5mnxv94jnkkzw\/10-07-2015_-_NATALIA_QUINTO%2C_PARA_TODOS_TODO_-_RESULTADOS_DE_LA_REUNION_EN_EL_MINISTERIO_DE_DESARROLLO_ECONOMICO.mp3\" target=\"_blank\" rel=\"noopener\">NATALIA QUINTO (LA BOCA RESISTE PROPONE &#8211; PARA TODOS TODO) &#8211; LOS COMPROMISOS DEL GCBA<\/a><\/b><\/span><\/span><\/span><\/div>\n<div style=\"margin-bottom: 0.0001pt\"><span style=\"font-size: small\"><span style=\"font-family: Verdana,sans-serif\"><b><\/b><\/span><\/span><\/div>\n<div style=\"text-align: justify\"><span style=\"font-size: small\"><span style=\"font-family: Verdana,sans-serif\"><b>[FMR Mi\u00e9rcoles 07\/10\/2015] <\/b><b><span lang=\"ES-AR\">Hoy al mediod\u00eda los vecinos de la Boca y la Ciudad marcharon al Ministerio de Desarrollo Econ\u00f3mico en repudio a la venta de terrenos p\u00fablicos de Casa Amarilla al Club Boca Juniors.<\/span> Durante la movilizaci\u00f3n, referentes de distintas organizaciones sociales se  reunieron con Silvia Alves, Directora General de Gesti\u00f3n de Inversiones del  Ministerio de Desarrollo Econ\u00f3mico de la Ciudad de Buenos Aires.<\/b><span lang=\"ES-AR\">&nbsp;<\/span><\/span><\/span><\/div>\n<p><a name='more'><\/a><\/p>\n<div style=\"text-align: justify\"><span style=\"font-size: small\"><a href=\"https:\/\/mail.google.com\/mail\/u\/1\/?ui=2&amp;ik=4fd20d0ae8&amp;view=fimg&amp;th=15044f93102caf0d&amp;attid=0.3&amp;disp=emb&amp;realattid=ii_1504467da20b2745&amp;attbid=ANGjdJ9n4yVWN4Q_7y1YvlNin_m7cR3eneQ8hDO-c7EE8aLrOcHeteDQtzb867C8SNT5qW3NBCK3ODMN2z7WuRcWXskWakfSM0ZfFAdxoHnFEYSPERvdIDRGu-Prei8&amp;sz=w942-h706&amp;ats=1444266238420&amp;rm=15044f93102caf0d&amp;zw&amp;atsh=1\" style=\"clear: left;float: left;margin-bottom: 1em;margin-right: 1em\"><img loading=\"lazy\" decoding=\"async\" alt=\"Imagen integrada 2\" border=\"0\" class=\"CToWUd a6T\" height=\"149\" src=\"https:\/\/mail.google.com\/mail\/u\/1\/?ui=2&amp;ik=4fd20d0ae8&amp;view=fimg&amp;th=15044f93102caf0d&amp;attid=0.3&amp;disp=emb&amp;realattid=ii_1504467da20b2745&amp;attbid=ANGjdJ9n4yVWN4Q_7y1YvlNin_m7cR3eneQ8hDO-c7EE8aLrOcHeteDQtzb867C8SNT5qW3NBCK3ODMN2z7WuRcWXskWakfSM0ZfFAdxoHnFEYSPERvdIDRGu-Prei8&amp;sz=w942-h706&amp;ats=1444266238420&amp;rm=15044f93102caf0d&amp;zw&amp;atsh=1\" width=\"200\" \/><\/a><span style=\"font-family: Verdana,sans-serif\"><span lang=\"ES-AR\">Como resultado de la movilizaci\u00f3n, la funcionaria confirm\u00f3 que la Secretar\u00eda no tomar\u00eda ninguna decisi\u00f3n con respecto a la venta de espacios p\u00fablicos al Club Boca Juniors hasta tanto no se realice una audiencia p\u00fablica y los vecinos puedan ser debidamente consultados acerca del  uso de los terrenos. Para poner en marcha los mecanismos de  participaci\u00f3n Alves se comprometi\u00f3 a generar dentro de los 15 d\u00edas un  encuentro entre los vecinos y organizaciones de la Boca Resiste y  Propone y la Corporaci\u00f3n del Sur.<\/span><\/span><\/span><\/div>\n<div style=\"text-align: justify\"><span style=\"font-size: small\"><span style=\"font-family: Verdana,sans-serif\"> <\/span><\/span><\/div>\n<div style=\"margin-bottom: 0.0001pt;text-align: justify\"><span style=\"font-size: small\"><a href=\"https:\/\/mail.google.com\/mail\/u\/1\/?ui=2&amp;ik=4fd20d0ae8&amp;view=fimg&amp;th=15044f93102caf0d&amp;attid=0.4&amp;disp=emb&amp;realattid=ii_150446a2127acfd2&amp;attbid=ANGjdJ920RqXAMSFMK7vp-5gGzkiYeCF9yp2SAgP4q5EZaWsCRAlnxankS-qGuwqFpwTsDXqGFpP3d-cXWfyGuYYxqrSvo3JVnqpvvtylz_kJZT1tOHhJc2o5vnVv4s&amp;sz=w942-h706&amp;ats=1444266238420&amp;rm=15044f93102caf0d&amp;zw&amp;atsh=1\" style=\"clear: left;float: left;margin-bottom: 1em;margin-right: 1em\"><img loading=\"lazy\" decoding=\"async\" alt=\"Imagen integrada 3\" border=\"0\" class=\"CToWUd a6T\" height=\"149\" src=\"https:\/\/mail.google.com\/mail\/u\/1\/?ui=2&amp;ik=4fd20d0ae8&amp;view=fimg&amp;th=15044f93102caf0d&amp;attid=0.4&amp;disp=emb&amp;realattid=ii_150446a2127acfd2&amp;attbid=ANGjdJ920RqXAMSFMK7vp-5gGzkiYeCF9yp2SAgP4q5EZaWsCRAlnxankS-qGuwqFpwTsDXqGFpP3d-cXWfyGuYYxqrSvo3JVnqpvvtylz_kJZT1tOHhJc2o5vnVv4s&amp;sz=w942-h706&amp;ats=1444266238420&amp;rm=15044f93102caf0d&amp;zw&amp;atsh=1\" width=\"200\" \/><\/a><b style=\"clear: left;float: left;margin-bottom: 1em;margin-right: 1em\"> <\/b><span style=\"font-family: Verdana,sans-serif\"><b>\u200b<\/b><span lang=\"ES-AR\" style=\"line-height: 115%\">Recordemos que el pasado 25 de agosto la dirigencia del Club hab\u00eda presentado un proyecto ante la Corporaci\u00f3n Buenos Aires Sur \u2013sociedad del estado propietaria de las tierras de casa amarilla\u2013 para la compra de tres manzanas. Dichos espacios&nbsp; ser\u00edan utilizados para la construcci\u00f3n de un estadio-shopping. La iniciativa fue aprobada en una semana por la corporaci\u00f3n y derivada al Ministerio de Desarrollo Econ\u00f3mico. <\/span><\/span><\/span><\/div>\n<div style=\"margin-bottom: 0.0001pt;text-align: justify\"><span style=\"font-size: small\"><span style=\"font-family: Verdana,sans-serif\"><\/span><\/span><\/div>\n<div style=\"margin-bottom: 0.0001pt;text-align: justify\"><span style=\"font-size: small\"><b style=\"clear: left;float: left;margin-bottom: 1em;margin-right: 1em\"><br \/><\/b><span style=\"font-family: Verdana,sans-serif\"><\/span><\/span><\/div>\n<div style=\"margin-bottom: 0.0001pt;text-align: justify\"><span style=\"font-size: small\"><span style=\"font-family: Verdana,sans-serif\"><\/span><\/span><\/div>\n<div style=\"text-align: justify\"><span style=\"font-size: small\"><span style=\"font-family: Verdana,sans-serif\"><\/span><\/span><\/div>\n<div style=\"margin-bottom: 0.0001pt;text-align: justify\"><span style=\"font-size: small\"><span style=\"font-family: Verdana,sans-serif\">Escuch\u00e1 el audio donde se transmit\u00eda a la asamblea los resultados de la reuni\u00f3n y los compromisos asumidos por el GCBA:<\/span><\/span><\/div>\n<div style=\"margin-bottom: 0.0001pt;text-align: justify\"><span style=\"font-size: small\"><span style=\"font-family: Verdana,sans-serif\"><b><\/b><\/span><\/span><\/div>\n<div style=\"margin-bottom: 0.0001pt;text-align: justify\"><span style=\"font-size: small\"><span style=\"font-family: Verdana,sans-serif\"><\/span><\/span><\/div>\n<div style=\"margin-bottom: 0.0001pt;text-align: left\"><span style=\"font-size: small\"><span style=\"color: #0b5394\"><span style=\"font-family: verdana,sans-serif\"><b><a href=\"http:\/\/www.mediafire.com\/listen\/lx5mnxv94jnkkzw\/10-07-2015_-_NATALIA_QUINTO%2C_PARA_TODOS_TODO_-_RESULTADOS_DE_LA_REUNION_EN_EL_MINISTERIO_DE_DESARROLLO_ECONOMICO.mp3\" target=\"_blank\" rel=\"noopener\">NATALIA QUINTO (LA BOCA RESISTE PROPONE &#8211; PARA TODOS TODO) &#8211; LOS COMPROMISOS DEL GCBA<\/a><\/b><\/span><\/span><\/span><\/div>\n<div style=\"margin-bottom: 0.0001pt\"><span style=\"font-size: x-small\"><span style=\"font-family: verdana,sans-serif\"><b><span style=\"color: #0b5394\">PRODUCCI\u00d3N RIACHUELO <\/span><\/b><\/span><\/span><\/div>\n","protected":false},"excerpt":{"rendered":"<p>FRENO A LA VENTA DE TERRENOS DE CASA AMARILLA Escuch\u00e1 el momento en que se comunicaba a la asamblea los resultados de la reuni\u00f3n y los compromisos asumidos por el GCBA: NATALIA QUINTO (LA BOCA RESISTE PROPONE &#8211; PARA TODOS TODO) &#8211; LOS COMPROMISOS DEL GCBA [FMR Mi\u00e9rcoles 07\/10\/2015] Hoy al mediod\u00eda los vecinos de [&hellip;]<\/p>\n","protected":false},"author":4,"featured_media":0,"comment_status":"open","ping_status":"open","sticky":false,"template":"","format":"standard","meta":{"_monsterinsights_skip_tracking":false,"_monsterinsights_sitenote_active":false,"_monsterinsights_sitenote_note":"","_monsterinsights_sitenote_category":0,"jnews-multi-image_gallery":[],"jnews_single_post":[],"jnews_primary_category":[],"_joinchat":[],"footnotes":""},"categories":[78],"tags":[],"class_list":["post-1708","post","type-post","status-publish","format-standard","hentry","category-economia-popular"],"_links":{"self":[{"href":"http:\/\/fmriachuelo.it10.com.ar\/index.php\/wp-json\/wp\/v2\/posts\/1708","targetHints":{"allow":["GET"]}}],"collection":[{"href":"http:\/\/fmriachuelo.it10.com.ar\/index.php\/wp-json\/wp\/v2\/posts"}],"about":[{"href":"http:\/\/fmriachuelo.it10.com.ar\/index.php\/wp-json\/wp\/v2\/types\/post"}],"author":[{"embeddable":true,"href":"http:\/\/fmriachuelo.it10.com.ar\/index.php\/wp-json\/wp\/v2\/users\/4"}],"replies":[{"embeddable":true,"href":"http:\/\/fmriachuelo.it10.com.ar\/index.php\/wp-json\/wp\/v2\/comments?post=1708"}],"version-history":[{"count":0,"href":"http:\/\/fmriachuelo.it10.com.ar\/index.php\/wp-json\/wp\/v2\/posts\/1708\/revisions"}],"wp:attachment":[{"href":"http:\/\/fmriachuelo.it10.com.ar\/index.php\/wp-json\/wp\/v2\/media?parent=1708"}],"wp:term":[{"taxonomy":"category","embeddable":true,"href":"http:\/\/fmriachuelo.it10.com.ar\/index.php\/wp-json\/wp\/v2\/categories?post=1708"},{"taxonomy":"post_tag","embeddable":true,"href":"http:\/\/fmriachuelo.it10.com.ar\/index.php\/wp-json\/wp\/v2\/tags?post=1708"}],"curies":[{"name":"wp","href":"https:\/\/api.w.org\/{rel}","templated":true}]}}