{"id":1707,"date":"2015-10-08T08:00:00","date_gmt":"2015-10-08T08:00:00","guid":{"rendered":"http:\/\/fmriachuelo.observatorioess.org.ar\/index.php\/2015\/10\/08\/caba-la-justicia-ordeno-a-la-legislatura-garantizar-el-derecho-al-uso-de-la-tribuna-popular\/"},"modified":"2015-10-08T08:00:00","modified_gmt":"2015-10-08T08:00:00","slug":"caba-la-justicia-ordeno-a-la-legislatura-garantizar-el-derecho-al-uso-de-la-tribuna-popular","status":"publish","type":"post","link":"http:\/\/fmriachuelo.it10.com.ar\/index.php\/2015\/10\/08\/caba-la-justicia-ordeno-a-la-legislatura-garantizar-el-derecho-al-uso-de-la-tribuna-popular\/","title":{"rendered":"CABA: LA JUSTICIA ORDEN\u00d3 A LA LEGISLATURA  GARANTIZAR EL DERECHO AL USO DE LA TRIBUNA POPULAR"},"content":{"rendered":"<p><span style=\"color: red;font-family: Verdana, sans-serif;font-size: large\"><b>GARANTIZAR EL LEG\u00cdTIMO DERECHO CIUDADANO<\/b><\/span><\/p>\n<div style=\"clear: both;text-align: center\"><a href=\"http:\/\/2.bp.blogspot.com\/-hnfTbSbgu-o\/VhXRtQlKtUI\/AAAAAAAAGxc\/Bj4vDQYtBZc\/s1600\/red%2Binterparques.jpg\" style=\"clear: left;float: left;margin-bottom: 1em;margin-right: 1em\"><img loading=\"lazy\" decoding=\"async\" border=\"0\" height=\"200\" src=\"http:\/\/2.bp.blogspot.com\/-hnfTbSbgu-o\/VhXRtQlKtUI\/AAAAAAAAGxc\/Bj4vDQYtBZc\/s200\/red%2Binterparques.jpg\" width=\"200\" \/><\/a><\/div>\n<div style=\"background-color: white;line-height: 22.72px;text-align: center\"><a href=\"http:\/\/2.bp.blogspot.com\/-TPeJ0p7psN4\/VhXRjTDbXeI\/AAAAAAAAGxU\/HckWISIVMCU\/s1600\/logo%2Bodc-08%2B-%2Bpeque%25C3%25B1o%2Bpara%2Bmail.jpg\" style=\"clear: left;float: left;margin-bottom: 1em;margin-right: 1em\"><img loading=\"lazy\" decoding=\"async\" border=\"0\" height=\"136\" src=\"http:\/\/2.bp.blogspot.com\/-TPeJ0p7psN4\/VhXRjTDbXeI\/AAAAAAAAGxU\/HckWISIVMCU\/s200\/logo%2Bodc-08%2B-%2Bpeque%25C3%25B1o%2Bpara%2Bmail.jpg\" width=\"200\" \/><\/a><\/div>\n<p><span style=\"font-family: Verdana, sans-serif\"><\/span><\/p>\n<div style=\"text-align: justify\"><span style=\"font-size: small\"><span style=\"font-family: Verdana,sans-serif\">La Justicia de la Ciudad Aut\u00f3noma de Buenos Aires acaba de ordenar a la Legislatura de la Ciudad a que adopte todas las medidas necesarias para garantizar el ejercicio inmediato de la Tribuna Popular en la Legislatura.<\/span><\/span><\/div>\n<div>\n<div style=\"text-align: justify\"><span style=\"font-size: small\"><span style=\"font-family: Verdana,sans-serif\">Desde la RED INTERPARQUES con el patrocinio del OBSERVATORIO DEL DERECHO A LA CIUDAD acudimos a la Justicia de la Ciudad porque la Legislatura de la Ciudad hace m\u00e1s de 15 a\u00f1os que impide a los ciudadanos hacer ejercicio de la Tribuna Popular.<\/span><\/span><\/div>\n<p><a name='more'><\/a><\/p>\n<div style=\"background-color: white;line-height: 21.3px;margin-bottom: 1.35em;text-align: justify\"><span style=\"font-size: small\"><span style=\"font-family: Verdana,sans-serif\"><span style=\"background-color: transparent;text-align: justify\">Durante el 2014 la Red Interparques y Plazas realiz\u00f3 una fuerte campa\u00f1a llamada &#8216;Parques Sin Bares&#8217; en el marco del debate por el proyecto de ley impulsado por el PRO y apoyado por legisladores de FAUNEN para la instalaci\u00f3n de bares en parques. Como parte de esta campa\u00f1a y haciendo uso de nuestro derecho como ciudadanos solicitamos el uso de tribuna popular el d\u00eda en que se votaba dicha ley. Nuestro derecho fue violado, no nos permitieron hablar y, por esta raz\u00f3n, presentamos la acci\u00f3n de amparo. <\/span>La Tribuna Popular es un derecho que permite a cualquier persona efectuar planteos en forma previa a las sesiones de la Legislatura sobre temas de especial inter\u00e9s para la Ciudad. Es decir, las personas que soliciten hacer uso de la Tribuna Popular podr\u00edan expresar sus posiciones, ideas, problemas o propuestas a la totalidad del Cuerpo Legislativo, a todos los legisladores de la Ciudad reunidos para iniciar una sesi\u00f3n legislativa.<\/span><\/span><br \/><span style=\"font-size: small\"><span style=\"font-family: Verdana,sans-serif\">Este derecho se encuentra reconocido en los arts. 76 y 77 [1] del Reglamento interno de la Legislatura de la Ciudad y son operativos del art. 1 de la Constituci\u00f3n de la Ciudad que establece la Ciudad \u00aborganiza sus instituciones aut\u00f3nomas como democracia participativa\u00bb. La Legislatura de la Ciudad de Buenos Aires neg\u00f3 el ejercicio de este derecho con el argumento de que no se encontraba reglamentado y durante quince (15) a\u00f1os se presentaron distintos proyectos de reglamentaci\u00f3n que no fueron tratados ni aprobados en el recinto.<\/span><\/span><br \/><span style=\"font-size: small\"><span style=\"font-family: Verdana,sans-serif\">La Sala III de la C\u00e1mara en los Contencioso Administrativo y Tributario de la Ciudad, con el excelente voto mayoritario de los Dres. Hugo Zuleta y Gabriela Seijas,  en los autos caratulados \u201cGARCIA MAURICIO HERNAN CONTRA LEGISLATURA DE LA CIUDAD DE BS AS SOBRE AMPARO\u201d, Expte. N\u00b0 A3638-2014\/0, dict\u00f3 sentencia haciendo lugar al amparo iniciado por Mauricio H. Garc\u00eda (integrante de la Asamblea Interparques) y orden\u00f3 a la Legislatura de la Ciudad que adopte las medidas necesarias para garantizar el ejercicio inmediato de la Tribuna Popular regulada en los art\u00edculos 76 y 77 del Reglamento Interno de la Legislatura.<\/span><\/span><\/div>\n<div style=\"text-align: justify\"><span style=\"font-size: small\"><span style=\"font-family: Verdana,sans-serif\">Entre los considerandos de la sentencia expres\u00f3:<\/span><\/span><\/div>\n<div style=\"text-align: justify\"><span style=\"font-size: small\"><span style=\"font-family: Verdana,sans-serif\">\u00abEl M\u00e1ximo Tribunal ha reconocido a todo ciudadano una legitimaci\u00f3n amplia para impugnar actos y normas en aquellas situaciones excepcionales en que se pone en juego la esencia de la forma republicana de gobierno. En el caso el debate involucra el alcance de instituciones constitucionales b\u00e1sicas, lo que no se ve disminuido porque el derecho lesionado tenga como fuente un reglamento de la Legislatura<\/span><\/span><\/div>\n<div style=\"text-align: justify\"><span style=\"font-size: small\"><span style=\"font-family: Verdana,sans-serif\">Todo ciudadano est\u00e1 habilitado para promover acci\u00f3n de amparo tendiente a que la legislatura implemente de manera efectiva los derechos que prev\u00e9 su reglamento interno, atento a que la omisi\u00f3n en esa materia priva de operatividad a normas que regulan el derecho a la participaci\u00f3n p\u00fablica en un Estado organizado como \u201cdemocracia participativa\u201d.<\/span><\/span><\/div>\n<div style=\"text-align: justify\"><span style=\"font-size: small\"><span style=\"font-family: Verdana,sans-serif\"><br \/><\/span><\/span><\/div>\n<div style=\"text-align: justify\"><span style=\"font-size: small\"><span style=\"font-family: Verdana,sans-serif\">\u00ab\u00bfSe encuentra obligada la Legislatura a cumplir su  reglamento?&nbsp;<\/span><\/span><\/div>\n<div style=\"text-align: justify\"><span style=\"font-size: small\"><span style=\"font-family: Verdana,sans-serif\">El juez de grado, el representante de la Legislatura y el Fiscal ante la C\u00e1mara entienden que no. (\u2026) Sabido es que el Estado de Derecho se caracteriza no s\u00f3lo por el reconocimiento y la tutela de los derechos fundamentales, sino tambi\u00e9n por la forma en que ese objetivo se alcanza, esto es, sometimiento del Estado a la ley. El n\u00facleo del principio del Estado de Derecho es que todas las personas y autoridades dentro del Estado, p\u00fablicas o privadas, est\u00e1n obligadas a cumplir y tienen derecho a los beneficios de las leyes sancionadas. Nadie est\u00e1 por encima de la ley y todos est\u00e1n sujetos a la misma ley, administrada por los mismos tribunales. (\u2026)El cuerpo legislativo puede darse su propio reglamento y debe cumplirlo. Si la norma prev\u00e9 que los habitantes de la Ciudad tienen derecho a participar en las sesiones de la legislatura mediante el instituto de la Tribuna Popular, ese derecho importa correlativas obligaciones para las autoridades de la Legislatura, quienes deben garantizar su ejercicio.\u00bb<\/span><\/span><\/div>\n<div style=\"text-align: justify\"><span style=\"font-size: small\"><span style=\"font-family: Verdana,sans-serif\">\u00abEn s\u00edntesis, el reglamento interno de la legislatura es norme vigente, y prev\u00e9 el derecho a participar del debate en sesi\u00f3n plenaria mediante el instituto de la Tribunal Popular. La negativa a implementar esta posibilidad fundada en la omisi\u00f3n de la reglamentaci\u00f3n viola los l\u00edmites razonables para demorar la puesta en vigencia efectiva de las normas. El incumplimiento de la obligaci\u00f3n de la legislatura  de implementar lo necesario para poner en ejecuci\u00f3n su propio reglamento interno en un lapso excesivamente prolongado configura una conducta ilegal y carente de justificaci\u00f3n\u00bb.<\/span><\/span><\/div>\n<div style=\"text-align: justify\"><span style=\"font-size: small\"><span style=\"font-family: Verdana,sans-serif\">Desde la Asamblea Interparques sostenemos que el mal manejo de las plazas y parques de la Ciudad, el constante sacrificio de los espacios verdes, y la restricci\u00f3n al uso del espacio p\u00fablico ti<br \/>\nene entre sus principales causas el impedimento de que la ciudadan\u00eda pueda participar en la toma de decisiones respecto a los espacios p\u00fablicos y verdes. Por eso iniciamos esta acci\u00f3n judicial para profundizar la democracia participativa y que podamos llevar nuestras peticiones y reclamos sobre el estado de los espacios p\u00fablicos a la Legislatura de la Ciudad.<\/span><\/span><\/div>\n<div style=\"text-align: justify\"><span style=\"font-size: small\"><span style=\"font-family: Verdana,sans-serif\">VER <span style=\"color: #0b5394\"><b><a href=\"https:\/\/es.scribd.com\/doc\/283887002\/18-Sentencia-de-Camara-Tribuna-Popular\">SENTENCIA COMPLETA<\/a><\/b><\/span> aqu\u00ed.<\/span><\/span><\/div>\n<div style=\"text-align: justify\"><span style=\"font-size: small\"><span style=\"font-family: Verdana,sans-serif\"><br \/><\/span><\/span><\/div>\n<div style=\"text-align: justify\"><span style=\"font-size: x-small\"><b><span style=\"font-family: Verdana,sans-serif\">Contacto:<\/span><\/b><\/span><\/div>\n<div style=\"text-align: justify\"><span style=\"font-size: x-small\"><b><span style=\"font-family: Verdana,sans-serif\">Observatorio del Derecho a la Ciudad:<\/span><\/b><\/span><\/div>\n<div style=\"text-align: justify\"><span style=\"font-size: x-small\"><b><span style=\"font-family: Verdana,sans-serif\">Jonatan Baldiviezo: (011) 1536553465<\/span><\/b><\/span><\/div>\n<p><span style=\"color: #0b5394\"><span style=\"font-size: x-small\"><span style=\"font-family: Verdana, sans-serif\"><b>ASAMBLEA DEL PARQUE LEZAMA<\/b><\/span><\/span><span style=\"font-family: Verdana, sans-serif\"><span style=\"font-size: x-small\"><b>\/PRODUCCI\u00d3N RIACHUELO <\/b><\/span><\/span><\/span><\/div>\n","protected":false},"excerpt":{"rendered":"<p>GARANTIZAR EL LEG\u00cdTIMO DERECHO CIUDADANO La Justicia de la Ciudad Aut\u00f3noma de Buenos Aires acaba de ordenar a la Legislatura de la Ciudad a que adopte todas las medidas necesarias para garantizar el ejercicio inmediato de la Tribuna Popular en la Legislatura. Desde la RED INTERPARQUES con el patrocinio del OBSERVATORIO DEL DERECHO A LA [&hellip;]<\/p>\n","protected":false},"author":4,"featured_media":0,"comment_status":"open","ping_status":"open","sticky":false,"template":"","format":"standard","meta":{"_monsterinsights_skip_tracking":false,"_monsterinsights_sitenote_active":false,"_monsterinsights_sitenote_note":"","_monsterinsights_sitenote_category":0,"jnews-multi-image_gallery":[],"jnews_single_post":[],"jnews_primary_category":[],"_joinchat":[],"footnotes":""},"categories":[78],"tags":[],"class_list":["post-1707","post","type-post","status-publish","format-standard","hentry","category-economia-popular"],"_links":{"self":[{"href":"http:\/\/fmriachuelo.it10.com.ar\/index.php\/wp-json\/wp\/v2\/posts\/1707","targetHints":{"allow":["GET"]}}],"collection":[{"href":"http:\/\/fmriachuelo.it10.com.ar\/index.php\/wp-json\/wp\/v2\/posts"}],"about":[{"href":"http:\/\/fmriachuelo.it10.com.ar\/index.php\/wp-json\/wp\/v2\/types\/post"}],"author":[{"embeddable":true,"href":"http:\/\/fmriachuelo.it10.com.ar\/index.php\/wp-json\/wp\/v2\/users\/4"}],"replies":[{"embeddable":true,"href":"http:\/\/fmriachuelo.it10.com.ar\/index.php\/wp-json\/wp\/v2\/comments?post=1707"}],"version-history":[{"count":0,"href":"http:\/\/fmriachuelo.it10.com.ar\/index.php\/wp-json\/wp\/v2\/posts\/1707\/revisions"}],"wp:attachment":[{"href":"http:\/\/fmriachuelo.it10.com.ar\/index.php\/wp-json\/wp\/v2\/media?parent=1707"}],"wp:term":[{"taxonomy":"category","embeddable":true,"href":"http:\/\/fmriachuelo.it10.com.ar\/index.php\/wp-json\/wp\/v2\/categories?post=1707"},{"taxonomy":"post_tag","embeddable":true,"href":"http:\/\/fmriachuelo.it10.com.ar\/index.php\/wp-json\/wp\/v2\/tags?post=1707"}],"curies":[{"name":"wp","href":"https:\/\/api.w.org\/{rel}","templated":true}]}}