{"id":1704,"date":"2015-10-08T23:00:00","date_gmt":"2015-10-08T23:00:00","guid":{"rendered":"http:\/\/fmriachuelo.observatorioess.org.ar\/index.php\/2015\/10\/08\/8-de-octubre-nace-en-lobos-el-general-juan-domingo-peron\/"},"modified":"2015-10-08T23:00:00","modified_gmt":"2015-10-08T23:00:00","slug":"8-de-octubre-nace-en-lobos-el-general-juan-domingo-peron","status":"publish","type":"post","link":"http:\/\/fmriachuelo.it10.com.ar\/index.php\/2015\/10\/08\/8-de-octubre-nace-en-lobos-el-general-juan-domingo-peron\/","title":{"rendered":"8 DE OCTUBRE: NACE EN LOBOS EL GENERAL JUAN DOMINGO PER\u00d3N"},"content":{"rendered":"<div style=\"margin-bottom: 10px\"><span style=\"float: left\"><span style=\"color: #ed1e79;font-family: Arial, Helvetica, sans-serif\"><span style=\"font-size: 44.8px;line-height: 58.24px\"><br \/><\/span><\/span><\/span><span style=\"float: left\"><span style=\"color: #ed1e79;font-family: Arial, Helvetica, sans-serif\"><span style=\"font-size: 44.8px;line-height: 58.24px\"><br \/><\/span><\/span><\/span><span style=\"float: left\"><span style=\"font-family: Verdana, sans-serif;font-size: large\"><br \/><\/span><\/span><span style=\"float: left\"><span style=\"font-family: Verdana, sans-serif;font-size: large\"><br \/><\/span><\/span><span style=\"float: left\"><span style=\"font-family: Verdana, sans-serif;font-size: large\"><br \/><\/span><\/span><span style=\"float: left\"><span style=\"font-family: Verdana, sans-serif;font-size: large\"><br \/><\/span><\/span><span style=\"float: left\"><span style=\"font-family: Verdana, sans-serif;font-size: large\"><span style=\"color: red\"><b>Juan Domingo Per\u00f3n: NACE UN L\u00cdDER<\/b><\/span><\/span><\/span><\/div>\n<p><a href=\"http:\/\/3.bp.blogspot.com\/-mfGEmrltjD4\/VhfAuAX5EYI\/AAAAAAAAGzk\/dUUCqqu900s\/s1600\/blogperonjuandomingoperon-3.jpg\" style=\"clear: left;float: left;margin-bottom: 1em;margin-right: 1em\"><img loading=\"lazy\" decoding=\"async\" border=\"0\" height=\"141\" src=\"http:\/\/3.bp.blogspot.com\/-mfGEmrltjD4\/VhfAuAX5EYI\/AAAAAAAAGzk\/dUUCqqu900s\/s200\/blogperonjuandomingoperon-3.jpg\" width=\"200\" \/><\/a><span style=\"font-family: Verdana, sans-serif\">INDISCUTIDAMENTE EL MAYOR L\u00cdDER POPULAR QUE HA DADO LA ARGENTINA<\/span><\/p>\n<div style=\"text-align: justify\"><span style=\"font-family: Verdana, sans-serif\">Presidente de la argentina en tres oportunidades, cre\u00f3 uno de los mayores y m\u00e1s perdurables movimientos pol\u00edticos de la historia mundial. Militar de profesi\u00f3n, m\u00e9dico vocacional y pol\u00edtico aficionado, volc\u00f3 su s\u00f3lida formaci\u00f3n profesional, frecuentemente disimulada bajo un barniz de picard\u00eda criolla, en una prol\u00edfica obra escrita en la que destacan \u00abLa hora de los pueblos\u00bb, \u00abLa fuerza es el derecho de las bestias\u00bb, \u00abLa comunidad organizada\u00bb, \u00abLatinoam\u00e9rica: ahora o nunca\u00bb y \u00abEl modelo argentino para el proyecto nacional\u00bb, <\/span><br \/><a name='more'><\/a><span style=\"font-family: Verdana, sans-serif\">posiblemente su trabajo m\u00e1s importante en el que resume y actualiza sus reflexiones y experiencias de 30 a\u00f1os de intensa vida pol\u00edtica. Breg\u00f3 incansablemente por la independencia econ\u00f3mica, la justicia social y la unidad sudamericana.&nbsp;<\/span><\/div>\n<p><span style=\"color: #0b5394\"><span style=\"font-size: x-small\"><span style=\"font-family: Verdana,sans-serif\"><b>TELAM\/PRODUCCIONES RIACHUELO<\/b><\/span><\/span><\/span><\/p>\n","protected":false},"excerpt":{"rendered":"<p>Juan Domingo Per\u00f3n: NACE UN L\u00cdDER INDISCUTIDAMENTE EL MAYOR L\u00cdDER POPULAR QUE HA DADO LA ARGENTINA Presidente de la argentina en tres oportunidades, cre\u00f3 uno de los mayores y m\u00e1s perdurables movimientos pol\u00edticos de la historia mundial. Militar de profesi\u00f3n, m\u00e9dico vocacional y pol\u00edtico aficionado, volc\u00f3 su s\u00f3lida formaci\u00f3n profesional, frecuentemente disimulada bajo un barniz [&hellip;]<\/p>\n","protected":false},"author":4,"featured_media":0,"comment_status":"open","ping_status":"open","sticky":false,"template":"","format":"standard","meta":{"_monsterinsights_skip_tracking":false,"_monsterinsights_sitenote_active":false,"_monsterinsights_sitenote_note":"","_monsterinsights_sitenote_category":0,"jnews-multi-image_gallery":[],"jnews_single_post":[],"jnews_primary_category":[],"_joinchat":[],"footnotes":""},"categories":[79],"tags":[],"class_list":["post-1704","post","type-post","status-publish","format-standard","hentry","category-nadie-se-salva-solo"],"_links":{"self":[{"href":"http:\/\/fmriachuelo.it10.com.ar\/index.php\/wp-json\/wp\/v2\/posts\/1704","targetHints":{"allow":["GET"]}}],"collection":[{"href":"http:\/\/fmriachuelo.it10.com.ar\/index.php\/wp-json\/wp\/v2\/posts"}],"about":[{"href":"http:\/\/fmriachuelo.it10.com.ar\/index.php\/wp-json\/wp\/v2\/types\/post"}],"author":[{"embeddable":true,"href":"http:\/\/fmriachuelo.it10.com.ar\/index.php\/wp-json\/wp\/v2\/users\/4"}],"replies":[{"embeddable":true,"href":"http:\/\/fmriachuelo.it10.com.ar\/index.php\/wp-json\/wp\/v2\/comments?post=1704"}],"version-history":[{"count":0,"href":"http:\/\/fmriachuelo.it10.com.ar\/index.php\/wp-json\/wp\/v2\/posts\/1704\/revisions"}],"wp:attachment":[{"href":"http:\/\/fmriachuelo.it10.com.ar\/index.php\/wp-json\/wp\/v2\/media?parent=1704"}],"wp:term":[{"taxonomy":"category","embeddable":true,"href":"http:\/\/fmriachuelo.it10.com.ar\/index.php\/wp-json\/wp\/v2\/categories?post=1704"},{"taxonomy":"post_tag","embeddable":true,"href":"http:\/\/fmriachuelo.it10.com.ar\/index.php\/wp-json\/wp\/v2\/tags?post=1704"}],"curies":[{"name":"wp","href":"https:\/\/api.w.org\/{rel}","templated":true}]}}