{"id":170,"date":"2015-08-05T14:20:00","date_gmt":"2015-08-05T14:20:00","guid":{"rendered":"http:\/\/fmriachuelo.observatorioess.org.ar\/index.php\/2015\/08\/05\/asamblea-campesina-e-indigena-del-norte-argentino-acina\/"},"modified":"2025-05-06T12:49:55","modified_gmt":"2025-05-06T15:49:55","slug":"asamblea-campesina-e-indigena-del-norte-argentino-acina","status":"publish","type":"post","link":"http:\/\/fmriachuelo.it10.com.ar\/index.php\/2015\/08\/05\/asamblea-campesina-e-indigena-del-norte-argentino-acina\/","title":{"rendered":"ASAMBLEA CAMPESINA E IND\u00cdGENA DEL NORTE ARGENTINO (ACINA)"},"content":{"rendered":"<div style=\"clear: both;text-align: left\"><span style=\"color: red;font-family: Verdana, sans-serif;font-size: large\"><strong>BUSCAN DESALENTAR LA PRODUCCI\u00d3N POPULAR<\/strong><\/span><\/div>\n<div style=\"clear: both;text-align: left\"><span style=\"font-family: Verdana, sans-serif;text-align: justify\">DIFUNDIMOS&nbsp;<\/span><span style=\"font-family: Verdana, sans-serif;text-align: justify\">COMUNICADO OBREROS DEL SURCO<\/span><\/div>\n<div style=\"text-align: justify\"><a href=\"http:\/\/4.bp.blogspot.com\/-vThT7SH4WVw\/VcIa1QsSxCI\/AAAAAAAAFyo\/hGmfjJ09jfo\/s1600\/del%2Bsurco.jpg\" style=\"clear: left;float: left;margin-bottom: 1em;margin-right: 1em\"><img loading=\"lazy\" decoding=\"async\" border=\"0\" height=\"150\" src=\"http:\/\/4.bp.blogspot.com\/-vThT7SH4WVw\/VcIa1QsSxCI\/AAAAAAAAFyo\/hGmfjJ09jfo\/s200\/del%2Bsurco.jpg\" width=\"200\" \/><\/a><span style=\"font-family: Verdana, sans-serif\"><i>Isleta Norte, 04 de agosto de 2015<\/i> En el d\u00eda de la fecha se re\u00fane la Organizaci\u00f3n Obreros del Surco en car\u00e1cter de Asamblea extraordinaria debido a los hechos de robo y otros casos de delito que fueron sufriendo en forma continua en \u00faltimos tiempos en parajes rurales. <\/span><br \/><a name='more'><\/a><span style=\"font-family: Verdana, sans-serif\">Si bien repudiamos todo tipo de hurto queremos centrarnos en lo que nos toc\u00f3 vivir como organizaci\u00f3n:<\/span><br \/><span style=\"font-family: Verdana, sans-serif\">El 26\/12\/2014, robo de un diafragma de agua perteneciente a la familia Castillo.<br \/> El 09\/06\/2015 incendio de la vivienda del compa\u00f1ero Carlos Guzm\u00e1n.<br \/> Y el \u00faltimo hecho, desaparici\u00f3n de un bote pesquero con motor 15 HP Hidea 4 T matr\u00edcula RECO 01911 Casco C\u00f3ndor 520 y 200 mts de red. Todo esto habilitado por ley pesquera. En \u00e9ste \u00faltimo caso queremos destacar, m\u00e1s all\u00e1 de lo material y econ\u00f3mico, que \u00e9stos elementos eran la fuente de trabajo de las familias de Claudio G\u00f3mez y Pedro G\u00f3mez.<br \/> En los tres casos mencionados, hemos realizado la denuncia correspondiente en la Comisar\u00eda IV, la fiscal\u00eda, Prefectura Naval y Guardia Rural \u201cLos Pumas\u201d.<br \/>Si bien sabemos que la justicia necesita un tiempo para llevar a cabo el esclarecimiento, queremos hacer saber a la comunidad estos casos sucedidos y a su vez pedimos sean solidarios y aporten cualquier dato que ayuden a su esclarecimiento.<br \/><span style=\"font-size: x-small\"><b>Para m\u00e1s datos o cualquier informaci\u00f3n, los contactos son:<br \/> G\u00f3mez, Pedro CEL 03482- 237231<br \/> <\/b><\/span><\/span><span style=\"color: black;font-family: Verdana, sans-serif;font-size: x-small\"><b>G\u00f3mez, Claudio CEL 03482 -409799<br \/> Barrios, Celso CEL 03482- 393893<\/b><\/span><br \/><span style=\"font-family: Verdana, sans-serif\"><b><span style=\"color: #0b5394;font-size: x-small\">ACINA\/PRODUCCI\u00d3N RIACHUELO<\/span><\/b><\/span><span style=\"color: blue;font-family: Verdana, sans-serif\"><\/span><\/div>\n","protected":false},"excerpt":{"rendered":"<p>BUSCAN DESALENTAR LA PRODUCCI\u00d3N POPULAR DIFUNDIMOS&nbsp;COMUNICADO OBREROS DEL SURCO Isleta Norte, 04 de agosto de 2015 En el d\u00eda de la fecha se re\u00fane la Organizaci\u00f3n Obreros del Surco en car\u00e1cter de Asamblea extraordinaria debido a los hechos de robo y otros casos de delito que fueron sufriendo en forma continua en \u00faltimos tiempos en [&hellip;]<\/p>\n","protected":false},"author":4,"featured_media":0,"comment_status":"open","ping_status":"open","sticky":false,"template":"","format":"standard","meta":{"_monsterinsights_skip_tracking":false,"_monsterinsights_sitenote_active":false,"_monsterinsights_sitenote_note":"","_monsterinsights_sitenote_category":0,"jnews-multi-image_gallery":[],"jnews_single_post":{"format":"standard"},"jnews_primary_category":[],"_joinchat":[],"footnotes":""},"categories":[58],"tags":[71,64],"class_list":["post-170","post","type-post","status-publish","format-standard","hentry","category-noticiariachuelo","tag-de-la-tierra","tag-economia-popular"],"_links":{"self":[{"href":"http:\/\/fmriachuelo.it10.com.ar\/index.php\/wp-json\/wp\/v2\/posts\/170","targetHints":{"allow":["GET"]}}],"collection":[{"href":"http:\/\/fmriachuelo.it10.com.ar\/index.php\/wp-json\/wp\/v2\/posts"}],"about":[{"href":"http:\/\/fmriachuelo.it10.com.ar\/index.php\/wp-json\/wp\/v2\/types\/post"}],"author":[{"embeddable":true,"href":"http:\/\/fmriachuelo.it10.com.ar\/index.php\/wp-json\/wp\/v2\/users\/4"}],"replies":[{"embeddable":true,"href":"http:\/\/fmriachuelo.it10.com.ar\/index.php\/wp-json\/wp\/v2\/comments?post=170"}],"version-history":[{"count":1,"href":"http:\/\/fmriachuelo.it10.com.ar\/index.php\/wp-json\/wp\/v2\/posts\/170\/revisions"}],"predecessor-version":[{"id":23870,"href":"http:\/\/fmriachuelo.it10.com.ar\/index.php\/wp-json\/wp\/v2\/posts\/170\/revisions\/23870"}],"wp:attachment":[{"href":"http:\/\/fmriachuelo.it10.com.ar\/index.php\/wp-json\/wp\/v2\/media?parent=170"}],"wp:term":[{"taxonomy":"category","embeddable":true,"href":"http:\/\/fmriachuelo.it10.com.ar\/index.php\/wp-json\/wp\/v2\/categories?post=170"},{"taxonomy":"post_tag","embeddable":true,"href":"http:\/\/fmriachuelo.it10.com.ar\/index.php\/wp-json\/wp\/v2\/tags?post=170"}],"curies":[{"name":"wp","href":"https:\/\/api.w.org\/{rel}","templated":true}]}}