{"id":1697,"date":"2015-10-12T01:36:00","date_gmt":"2015-10-12T01:36:00","guid":{"rendered":"http:\/\/fmriachuelo.observatorioess.org.ar\/index.php\/2015\/10\/12\/tribunales-caba-comision-independiente-justicia-por-dario-y-maxi\/"},"modified":"2015-10-12T01:36:00","modified_gmt":"2015-10-12T01:36:00","slug":"tribunales-caba-comision-independiente-justicia-por-dario-y-maxi","status":"publish","type":"post","link":"http:\/\/fmriachuelo.it10.com.ar\/index.php\/2015\/10\/12\/tribunales-caba-comision-independiente-justicia-por-dario-y-maxi\/","title":{"rendered":"TRIBUNALES CABA: COMISI\u00d3N INDEPENDIENTE JUSTICIA POR DAR\u00cdO Y MAXI"},"content":{"rendered":"<p><span style=\"color: red;font-family: Verdana, sans-serif;font-size: large\"><b>AL BANQUILLO POR LAS RESPONSABILIDADES POL\u00cdTICAS<\/b><\/span><\/p>\n<div style=\"text-align: justify\"><span style=\"font-family: Verdana, sans-serif\">SE INCORPORAN IMPORTANTES MEDIDAS PROBATORIAS EN LA CAUSA QUE INVESTIGA LAS RESPONSABILIDADES INTELECTUALES Y POL\u00cdTICAS DE LA MASACRE DE AVELLANEDA<\/span><\/div>\n<div style=\"text-align: justify\"><\/div>\n<div style=\"text-align: justify\"><a style=\"clear: left;float: left;margin-bottom: 1em;margin-right: 1em\" href=\"http:\/\/4.bp.blogspot.com\/-r3c3BNvbn_M\/Vhm8RjJoj3I\/AAAAAAAAG00\/bx5LTaoV8ig\/s1600\/santillan.jpg\"><img loading=\"lazy\" decoding=\"async\" src=\"http:\/\/4.bp.blogspot.com\/-r3c3BNvbn_M\/Vhm8RjJoj3I\/AAAAAAAAG00\/bx5LTaoV8ig\/s200\/santillan.jpg\" width=\"200\" height=\"133\" border=\"0\" \/><\/a>[Viernes 09\/10\/15] En el d\u00eda de hoy se incorpor\u00f3 un nuevo testimonio en la causa que investiga las responsabilidades pol\u00edticas de la masacre de Avellaneda donde resultaran heridos de bala de plomo m\u00e1s de 30 compa\u00f1eros y compa\u00f1eras y asesinados Maximiliano Kosteki y Dar\u00edo Santill\u00e1n.<\/div>\n<div style=\"text-align: justify\">El ex intendente de Avellaneda, Oscar Laborde se suma as\u00ed a una serie de tres testigos claves para clarificar el escenario en el cual se desarroll\u00f3 aquella cacer\u00eda.<\/div>\n<div style=\"text-align: justify\"><a name=\"more\"><\/a><\/div>\n<div style=\"text-align: justify\">Con el fin de sumar pruebas que conduzcan a esclarecer los hechos ocurridos en la jornada del 26 de junio de 2002, la presentaci\u00f3n de esta serie de testigos cobra especial relevancia, tanto por su presencia en el d\u00eda del hecho como por los roles p\u00fablicos y particulares que desempe\u00f1aban los mismos por aquella fecha.<\/div>\n<div style=\"text-align: justify\"><\/div>\n<div style=\"text-align: justify\">Junto con Eduardo Villalba (ex Secretario de Seguridad de la Municipalidad de Avellaneda) y Fern\u00e1ndez y Mayan (ex Secretario de Gobierno del mismo distrito), el de Laborde se convierte en el tercero de los testimonios presentados hasta la fecha.<\/div>\n<div style=\"text-align: justify\"><\/div>\n<div style=\"text-align: justify\">Culmina as\u00ed una serie de presentaciones en los tribunales de Comodoro Py ante la fiscal Paloma Ochoa y el Juez federal Ariel Lijo. Una nueva demostraci\u00f3n del firme y arduo trabajo que vienen realizando los organismos de DDHH que patrocinan la causa, los familiares y los compa\u00f1eros de los militantes asesinados y el conjunto de las organizaciones del campo popular, por investigar a quienes ordenaron la represi\u00f3n y causaron la muerte de nuestros compa\u00f1eros. Un paso m\u00e1s, producto de la lucha que venimos dando para que la justicia se haga eco y tome parte en condenar a los responsables pol\u00edticos de la Masacre de Avellaneda.<\/div>\n<div style=\"text-align: justify\"><\/div>\n<div style=\"text-align: justify\"><b><span style=\"color: red\"><a href=\"https:\/\/www.facebook.com\/hashtag\/yopidoc%C3%A0rcel?source=feed_text&amp;story_id=160120397667564\">\u202a#\u200eYOPIDOC\u00c0RCEL\u202c<\/a> PARA EDUARDO DUHALDE, AN\u00cdBAL FERN\u00c1NDEZ, FELIPE SOL\u00c1, CARLOS RUCKAUF, JUAN JOS\u00c9 ALVAREZ, JORGE VANOSSI, ALFREDO ATANASOFF, LUIS GENOUD, JORGE MATZKIN Y OSCAR RODR\u00cdGUEZ.<\/span><\/b><\/div>\n<div style=\"text-align: justify\"><span style=\"font-size: x-small\"><span style=\"color: #0b5394\">\u00a0#<b>YOPIDOCARCEL<\/b><span style=\"font-family: Verdana, sans-serif\"><b>\/PRODUCCI\u00d3N RIACHUELO<\/b><\/span><\/span><\/span><\/div>\n","protected":false},"excerpt":{"rendered":"<p>AL BANQUILLO POR LAS RESPONSABILIDADES POL\u00cdTICAS SE INCORPORAN IMPORTANTES MEDIDAS PROBATORIAS EN LA CAUSA QUE INVESTIGA LAS RESPONSABILIDADES INTELECTUALES Y POL\u00cdTICAS DE LA MASACRE DE AVELLANEDA [Viernes 09\/10\/15] En el d\u00eda de hoy se incorpor\u00f3 un nuevo testimonio en la causa que investiga las responsabilidades pol\u00edticas de la masacre de Avellaneda donde resultaran heridos de [&hellip;]<\/p>\n","protected":false},"author":4,"featured_media":0,"comment_status":"open","ping_status":"open","sticky":false,"template":"","format":"standard","meta":{"_monsterinsights_skip_tracking":false,"_monsterinsights_sitenote_active":false,"_monsterinsights_sitenote_note":"","_monsterinsights_sitenote_category":0,"jnews-multi-image_gallery":[],"jnews_single_post":[],"jnews_primary_category":[],"_joinchat":[],"footnotes":""},"categories":[75],"tags":[],"class_list":["post-1697","post","type-post","status-publish","format-standard","hentry","category-trabajo"],"_links":{"self":[{"href":"http:\/\/fmriachuelo.it10.com.ar\/index.php\/wp-json\/wp\/v2\/posts\/1697","targetHints":{"allow":["GET"]}}],"collection":[{"href":"http:\/\/fmriachuelo.it10.com.ar\/index.php\/wp-json\/wp\/v2\/posts"}],"about":[{"href":"http:\/\/fmriachuelo.it10.com.ar\/index.php\/wp-json\/wp\/v2\/types\/post"}],"author":[{"embeddable":true,"href":"http:\/\/fmriachuelo.it10.com.ar\/index.php\/wp-json\/wp\/v2\/users\/4"}],"replies":[{"embeddable":true,"href":"http:\/\/fmriachuelo.it10.com.ar\/index.php\/wp-json\/wp\/v2\/comments?post=1697"}],"version-history":[{"count":0,"href":"http:\/\/fmriachuelo.it10.com.ar\/index.php\/wp-json\/wp\/v2\/posts\/1697\/revisions"}],"wp:attachment":[{"href":"http:\/\/fmriachuelo.it10.com.ar\/index.php\/wp-json\/wp\/v2\/media?parent=1697"}],"wp:term":[{"taxonomy":"category","embeddable":true,"href":"http:\/\/fmriachuelo.it10.com.ar\/index.php\/wp-json\/wp\/v2\/categories?post=1697"},{"taxonomy":"post_tag","embeddable":true,"href":"http:\/\/fmriachuelo.it10.com.ar\/index.php\/wp-json\/wp\/v2\/tags?post=1697"}],"curies":[{"name":"wp","href":"https:\/\/api.w.org\/{rel}","templated":true}]}}