{"id":16959,"date":"2022-08-29T23:20:05","date_gmt":"2022-08-29T23:20:05","guid":{"rendered":"http:\/\/fmriachuelo.com.ar\/?p=16959"},"modified":"2025-03-11T12:51:08","modified_gmt":"2025-03-11T15:51:08","slug":"caso-julia-rosales-5-anos-sin-respuestas","status":"publish","type":"post","link":"http:\/\/fmriachuelo.it10.com.ar\/index.php\/2022\/08\/29\/caso-julia-rosales-5-anos-sin-respuestas\/","title":{"rendered":"CASO JULIA ROSALES: 5 A\u00d1OS SIN RESPUESTAS"},"content":{"rendered":"<p><b>[FM Riachuelo 29\/08\/2022 ]\u00a0<\/b><strong>A 5 a\u00f1os del atentado a Julia Rosales, referenta de la Corriente Clasista y Combativa (CCC), hoy se realiz\u00f3 una movilizaci\u00f3n\u00a0 a la fiscal\u00eda de Vicente L\u00f3pez para exigir el esclarecimiento del hecho y castigo a los culpables.<\/strong><\/p>\n<p><span style=\"font-weight: 400\">El 28 de agosto de 2017, en pleno gobierno de Macri, desde una moto le dispararon a Julia cinco tiros a quemarropa cuando estaba llegando a su casa. El atacante, que despu\u00e9s se supo, hab\u00eda seguido por 20 cuadras a la coordinadora de la CCC de la Zona Norte de la Capital Federal, que huy\u00f3 luego de los disparos. Julia salv\u00f3 su vida gracias a un r\u00e1pido reflejo, protegi\u00e9ndose con sus brazos, siendo herida por tres balazos.<\/span><\/p>\n<p><span style=\"font-weight: 400\">Hoy\u00a0 5 a\u00f1os despu\u00e9s el terrible hecho contin\u00faa impune. Julia adem\u00e1s es una de las tantas compa\u00f1eras allanadas e investigadas en el caso reciente contra la CCC. Mientras tanto la causa por su intento de asesinato sigue paralizada en un contexto de persecuci\u00f3n, estigmatizaci\u00f3n y hostigamiento a los Movimientos Sociales.<\/span><\/p>\n<p><span style=\"font-weight: 400\">Por eso, como cada a\u00f1o,\u00a0 militantes de diversas zonas de la Corriente Clasista y Combativa\u00a0 movilizaron a la fiscal\u00eda de Vicente L\u00f3pez donde se encuentra cajoneada la investigaci\u00f3n que all\u00ed se tramita desde aquel momento; exigiendo que se avance en la causa, se encuentre y castigue a los culpables. Julia, militante hist\u00f3rica de las luchas de nuestro pueblo, fue abrazada por el calor de sus compa\u00f1eros que la acompa\u00f1aron; los aplausos y los gritos de justicia fueron sost\u00e9n para el momento en que se le permiti\u00f3 entrar a la fiscal\u00eda para hacer entrega de una nota pidiendo respuestas al poder judicial.<\/span><\/p>\n<p><i><span style=\"font-weight: 400\">\u201cEsto no lo vamos a olvidar porque este atentado no es a Julia Rosales, es a todas las Organizaciones Sociales, en particular a la Corriente Clasista y Combativa, al Partido Comunista y Revolucionario. Sabemos que esta justicia no es para los pobres, es para los poderosos. Por eso estamos dispuestos a seguir el camino de la lucha hasta que haya justicia para los humildes, con un gobierno donde seamos nosotros los que dirijamos\u201d, expres\u00f3 Julia Rosales a la militancia presente.<\/span><\/i><\/p>\n","protected":false},"excerpt":{"rendered":"<p>[FM Riachuelo 29\/08\/2022 ]\u00a0A 5 a\u00f1os del atentado a Julia Rosales, referenta de la Corriente Clasista y Combativa (CCC), hoy se realiz\u00f3 una movilizaci\u00f3n\u00a0 a la fiscal\u00eda de Vicente L\u00f3pez para exigir el esclarecimiento del hecho y castigo a los culpables. El 28 de agosto de 2017, en pleno gobierno de Macri, desde una moto [&hellip;]<\/p>\n","protected":false},"author":5,"featured_media":16961,"comment_status":"closed","ping_status":"closed","sticky":false,"template":"","format":"standard","meta":{"_monsterinsights_skip_tracking":false,"_monsterinsights_sitenote_active":false,"_monsterinsights_sitenote_note":"","_monsterinsights_sitenote_category":0,"jnews-multi-image_gallery":[],"jnews_single_post":{"format":"standard"},"jnews_primary_category":[],"_joinchat":[],"footnotes":""},"categories":[58],"tags":[151,103,157],"class_list":["post-16959","post","type-post","status-publish","format-standard","has-post-thumbnail","hentry","category-noticiariachuelo","tag-ddhh","tag-movimientos-populares","tag-nadie-se-salva-solo"],"_links":{"self":[{"href":"http:\/\/fmriachuelo.it10.com.ar\/index.php\/wp-json\/wp\/v2\/posts\/16959","targetHints":{"allow":["GET"]}}],"collection":[{"href":"http:\/\/fmriachuelo.it10.com.ar\/index.php\/wp-json\/wp\/v2\/posts"}],"about":[{"href":"http:\/\/fmriachuelo.it10.com.ar\/index.php\/wp-json\/wp\/v2\/types\/post"}],"author":[{"embeddable":true,"href":"http:\/\/fmriachuelo.it10.com.ar\/index.php\/wp-json\/wp\/v2\/users\/5"}],"replies":[{"embeddable":true,"href":"http:\/\/fmriachuelo.it10.com.ar\/index.php\/wp-json\/wp\/v2\/comments?post=16959"}],"version-history":[{"count":1,"href":"http:\/\/fmriachuelo.it10.com.ar\/index.php\/wp-json\/wp\/v2\/posts\/16959\/revisions"}],"predecessor-version":[{"id":22153,"href":"http:\/\/fmriachuelo.it10.com.ar\/index.php\/wp-json\/wp\/v2\/posts\/16959\/revisions\/22153"}],"wp:featuredmedia":[{"embeddable":true,"href":"http:\/\/fmriachuelo.it10.com.ar\/index.php\/wp-json\/wp\/v2\/media\/16961"}],"wp:attachment":[{"href":"http:\/\/fmriachuelo.it10.com.ar\/index.php\/wp-json\/wp\/v2\/media?parent=16959"}],"wp:term":[{"taxonomy":"category","embeddable":true,"href":"http:\/\/fmriachuelo.it10.com.ar\/index.php\/wp-json\/wp\/v2\/categories?post=16959"},{"taxonomy":"post_tag","embeddable":true,"href":"http:\/\/fmriachuelo.it10.com.ar\/index.php\/wp-json\/wp\/v2\/tags?post=16959"}],"curies":[{"name":"wp","href":"https:\/\/api.w.org\/{rel}","templated":true}]}}