{"id":1695,"date":"2015-10-12T21:25:00","date_gmt":"2015-10-12T21:25:00","guid":{"rendered":"http:\/\/fmriachuelo.observatorioess.org.ar\/index.php\/2015\/10\/12\/el-lobby-mediatico-contra-america-latina\/"},"modified":"2015-10-12T21:25:00","modified_gmt":"2015-10-12T21:25:00","slug":"el-lobby-mediatico-contra-america-latina","status":"publish","type":"post","link":"http:\/\/fmriachuelo.it10.com.ar\/index.php\/2015\/10\/12\/el-lobby-mediatico-contra-america-latina\/","title":{"rendered":"EL LOBBY MEDIATICO CONTRA AM\u00c9RICA LATINA"},"content":{"rendered":"<p><span style=\"color: red\"><span style=\"font-size: large\"><b><span style=\"font-family: Verdana,sans-serif\"> EN CONTRA DE LOS PUEBLOS<\/span><\/b><\/span><\/span><\/p>\n<div style=\"clear: both;text-align: center\"><a href=\"http:\/\/2.bp.blogspot.com\/-QA3j_o-f-ko\/Vhwk_ctqxiI\/AAAAAAAAG1g\/727bDfEKBLI\/s1600\/contra-a-latina.jpg\" style=\"clear: left;float: left;margin-bottom: 1em;margin-right: 1em\"><img loading=\"lazy\" decoding=\"async\" border=\"0\" height=\"200\" src=\"http:\/\/2.bp.blogspot.com\/-QA3j_o-f-ko\/Vhwk_ctqxiI\/AAAAAAAAG1g\/727bDfEKBLI\/s200\/contra-a-latina.jpg\" width=\"193\" \/><\/a><\/div>\n<div><span style=\"font-family: Verdana, sans-serif;text-align: justify\">En la vanguardia del lobby en contra de los gobiernos que avanzan en la superaci\u00f3n del neoliberalismo y de sus dogmas, se encuentran algunas publicaciones de proyecci\u00f3n internacional: Financial Times, The Wall Street Journal, The Economist, El Pa\u00eds, entre otras.<\/span><\/div>\n<div><span style=\"font-family: Verdana, sans-serif;text-align: justify\"><\/span><br \/><a name='more'><\/a><\/div>\n<p><span style=\"font-family: Verdana, sans-serif\"><\/span><\/p>\n<div style=\"text-align: justify\"><span style=\"font-family: Verdana, sans-serif\">[Emir Sader]Am\u00e9rica Latina \u2013 o por lo menos algunos de sus gobiernos \u2013 se ha puesto en contra de la corriente dominante desde hace d\u00e9cadas en el plano internacional. Despu\u00e9s de sufrir duramente los efectos de esa corriente, algunos gobiernos se han rebelado en contra de ella y empezado a poner en pr\u00e1ctica pol\u00edticas que contradicen frontalmente la onda neoliberal.<\/span><\/div>\n<p><span style=\"font-family: Verdana, sans-serif\"> <\/p>\n<div style=\"text-align: justify\">Los resultados no han podido ser mejores: mientras aumenta la desigualdad, la pobreza, la miseria, la exclusi\u00f3n social en el mundo, un pa\u00eds como Brasil, que era el pa\u00eds m\u00e1s desigual del continente, ha tenido avances espectaculares en este campo a tal punto de proyectar a Lula como l\u00edder mundial de la lucha en contra del hambre. La Bolivia de Evo Morales, ubicado antes como uno de los pa\u00edses m\u00e1s pobres del continente, junto a Hait\u00ed y Honduras, ha pasado a ser un modelo de crecimiento econ\u00f3mico y de promoci\u00f3n de la justicia social. Los gobiernos de los Kirchner han logrado rescatar Argentina de la peor crisis de su historia, producida por el neoliberalismo, y hacer que el pa\u00eds vuelva a crecer y a distribuir renta. Ecuador se ha vuelto uno de los pa\u00edses latinoamericanos que m\u00e1s crece, con algunos de los mejores \u00edndices sociales.<\/div>\n<div style=\"text-align: justify\">Bastar\u00eda esos ejemplos \u2013 aunque podr\u00edamos citar otros \u2013 para que nos demos cuenta de que son gobiernos que incomodan a los que siguen creyendo en la prioridad de los ajustes fiscales, en las pol\u00edticas de austeridad, en la centralidad del mercado. Am\u00e9rica Latina \u2013 y esos gobiernos en particular \u2013 tienen que ser descalificados, para que se afirme el pensamiento \u00fanico, el Consenso de Washington, seg\u00fan los cuales no habr\u00eda alternativas al neoliberalismo.<\/div>\n<div style=\"text-align: justify\">En la vanguardia del lobby en contra de los gobiernos que avanzan en la superaci\u00f3n del neoliberalismo y de sus dogmas, se encuentran algunas publicaciones de proyecci\u00f3n internacional: Financial Times, The Wall Street Journal, The Economist, El Pa\u00eds, entre otras.<\/div>\n<div style=\"text-align: justify\">Promueven sistem\u00e1ticamente campa\u00f1as para intentar descalificar los avances de esos gobiernos, que chocan con sus posiciones y las de los gobiernos neoliberales.<\/div>\n<div style=\"text-align: justify\">En ellas hasta hay columnistas latinoamericanos que se prestan a esas campa\u00f1as, mientras otros, se acogen al silencio frente a esos ataques sistem\u00e1ticos a los gobiernos de Argentina, Bolivia, Brasil, Venezuela, Uruguay, Ecuador. Si esos gobiernos se consolidan, son verdaderos desmentidos a los postulados de las pol\u00edticas de austeridad que hasta ahora se imponen en Europa, a los preceptos del FMI y del Banco Mundial.<\/div>\n<div style=\"text-align: justify\">Hab\u00eda entonces que destruir sus im\u00e1genes, decir que los avances sociales o fueron enga\u00f1osos o han desaparecido frente a las crisis actuales. Que los problemas enfrentados actualmente por algunos de esos gobiernos representar\u00edan su agotamiento. Que la corrupci\u00f3n, el autoritarismo, el populismo, habr\u00edan condenado esos gobiernos al fracaso.<\/div>\n<div style=\"text-align: justify\">Esas publicaciones en particular, se empecinan en campa\u00f1as en contra de esos gobiernos, de sus l\u00edderes, porque les es insoportable que ellos hayan impuesto el per\u00edodo m\u00e1s largo de estabilidad pol\u00edtica, con gran apoyo social, en una regi\u00f3n donde sus gobiernos \u2013 dictaduras militares y gobiernos neoliberales \u2013 han fracasado rotundamente. Mientras que los gobiernos europeos que mantienen las pol\u00edticas neoliberales, a pesar de sus efectos sociales tr\u00e1gicos, no son condenados por esos \u00f3rganos que, al contrario, los tienen como referencias, a\u00fan con su incapacidad de superar la profunda y prolongada crisis recesiva iniciada en 2008 y sin plazo para terminar.<\/div>\n<div style=\"text-align: justify\">Los lobbies de los medios de comunicaci\u00f3n internacionales son incapaces de comprender por qu\u00e9 los gobiernos que descalifican tanto son capaces de reelegir a sus l\u00edderes o elegir a sus continuadores, mientras que los gobiernos latinoamericanos que ellos intentaron promover como alternativas \u2013 como los de la Alianza del Pac\u00edfico, especialmente M\u00e9xico y Per\u00fa \u2013 tienen gobiernos sin apoyo popular, donde se suceden l\u00edderes desprestigiados. Pero siguen con su trabajo de p\u00e9simo periodismo, que no logra dar cuenta de por qu\u00e9 esos pa\u00edses del continente son excepciones a escala mundial, frente a los retrocesos de los gobiernos que mantienen modelos neoliberales.<\/div>\n<div style=\"text-align: justify\"><span style=\"font-size: x-small\"><span style=\"color: #0b5394\"><b>CUBADEBATE\/PRODUCCI\u00d3N RIACHUELO<\/b><\/span><\/span><\/div>\n<p><\/span><\/p>\n","protected":false},"excerpt":{"rendered":"<p>EN CONTRA DE LOS PUEBLOS En la vanguardia del lobby en contra de los gobiernos que avanzan en la superaci\u00f3n del neoliberalismo y de sus dogmas, se encuentran algunas publicaciones de proyecci\u00f3n internacional: Financial Times, The Wall Street Journal, The Economist, El Pa\u00eds, entre otras. [Emir Sader]Am\u00e9rica Latina \u2013 o por lo menos algunos de [&hellip;]<\/p>\n","protected":false},"author":4,"featured_media":0,"comment_status":"open","ping_status":"open","sticky":false,"template":"","format":"standard","meta":{"_monsterinsights_skip_tracking":false,"_monsterinsights_sitenote_active":false,"_monsterinsights_sitenote_note":"","_monsterinsights_sitenote_category":0,"jnews-multi-image_gallery":[],"jnews_single_post":[],"jnews_primary_category":[],"_joinchat":[],"footnotes":""},"categories":[79],"tags":[],"class_list":["post-1695","post","type-post","status-publish","format-standard","hentry","category-nadie-se-salva-solo"],"_links":{"self":[{"href":"http:\/\/fmriachuelo.it10.com.ar\/index.php\/wp-json\/wp\/v2\/posts\/1695","targetHints":{"allow":["GET"]}}],"collection":[{"href":"http:\/\/fmriachuelo.it10.com.ar\/index.php\/wp-json\/wp\/v2\/posts"}],"about":[{"href":"http:\/\/fmriachuelo.it10.com.ar\/index.php\/wp-json\/wp\/v2\/types\/post"}],"author":[{"embeddable":true,"href":"http:\/\/fmriachuelo.it10.com.ar\/index.php\/wp-json\/wp\/v2\/users\/4"}],"replies":[{"embeddable":true,"href":"http:\/\/fmriachuelo.it10.com.ar\/index.php\/wp-json\/wp\/v2\/comments?post=1695"}],"version-history":[{"count":0,"href":"http:\/\/fmriachuelo.it10.com.ar\/index.php\/wp-json\/wp\/v2\/posts\/1695\/revisions"}],"wp:attachment":[{"href":"http:\/\/fmriachuelo.it10.com.ar\/index.php\/wp-json\/wp\/v2\/media?parent=1695"}],"wp:term":[{"taxonomy":"category","embeddable":true,"href":"http:\/\/fmriachuelo.it10.com.ar\/index.php\/wp-json\/wp\/v2\/categories?post=1695"},{"taxonomy":"post_tag","embeddable":true,"href":"http:\/\/fmriachuelo.it10.com.ar\/index.php\/wp-json\/wp\/v2\/tags?post=1695"}],"curies":[{"name":"wp","href":"https:\/\/api.w.org\/{rel}","templated":true}]}}