{"id":16938,"date":"2022-08-28T22:54:41","date_gmt":"2022-08-28T22:54:41","guid":{"rendered":"http:\/\/fmriachuelo.com.ar\/?p=16938"},"modified":"2025-03-11T12:57:06","modified_gmt":"2025-03-11T15:57:06","slug":"celebracion-en-comunidad-a-la-pachamama","status":"publish","type":"post","link":"http:\/\/fmriachuelo.it10.com.ar\/index.php\/2022\/08\/28\/celebracion-en-comunidad-a-la-pachamama\/","title":{"rendered":"CELEBRACI\u00d3N EN COMUNIDAD A LA PACHAMAMA"},"content":{"rendered":"<p><b>[FM Riachuelo 28\/08\/2022 ] Ayer al mediod\u00eda vecinos del barrio de la boca, organizaciones y militantes del Movimiento Popular Los pibes, hicieron la celebraci\u00f3n a la Pachamama con una gran ceremonia en agradecimiento a la Madre Tierra en el Paseo de la Economia Popular Martin Osos Cisneros.<\/b><\/p>\n<p><span style=\"font-weight: 400\">La Madre Tierra (Pachamama) es la diosa de la fertilidad y de la tierra y, seg\u00fan los creyentes, gran parte de nuestra existencia se la debemos a ella y por ello es venerada en numerosas y diferentes ceremonias, familiares y\u00a0 comunidades de los pueblos.<\/span><\/p>\n<p><span style=\"font-weight: 400\">Ayer en el barrio de la Boca el Paseo de la Econom\u00eda Popular Mart\u00edn Oso Cisneros abri\u00f3 sus puertas a la comunidad del barrio para compartir juntos la ceremonia a la Pachamama, manteniendo encendida la llama de nuestras culturas, rindiendo homenaje en agradecimiento y ofrendas a la madre de la tierra que nos da la vida.<\/span><\/p>\n<p><span style=\"font-weight: 400\">La cita estaba programada para el mediod\u00eda, instante preciso en que el sol empez\u00f3\u00a0 a asomar sus rayos de luz para dar comienzo a esta celebraci\u00f3n. Vecinos, vecinas, militantes del Movimiento Popular Los Pibes y organizaciones del barrio se acercaron con sus ofrendas para compartir juntos esta ancestral reivindicaci\u00f3n a la Pachamama. Como es la costumbre se cav\u00f3 un pozo donde se le da de comer y beber a la Madre Tierra, el sahumado y la ca\u00f1a con ruda no faltaron en esta ceremonia que mantuvo unida a la comunidad del barrio, fortaleciendo los lazos comunitarios que nuestras barriadas tienen en su ADN.<\/span><\/p>\n<p><span style=\"font-weight: 400\">Para finalizar esta gran celebraci\u00f3n\u00a0 se comparti\u00f3 una rica sopa de ma\u00edz en una mesa larga, bailaron para festejar el emotivo momento que se vivi\u00f3. La Fm Riachuelo convers\u00f3 con los presentes donde se remarc\u00f3 la importancia de este festejo y seguir manteniendo presente las culturas de nuestros pueblos Latinoamericanos.<\/span><\/p>\n<p><i><span style=\"font-weight: 400\">\u201cEn estos tiempos que estamos pasando los humildes, los pobres, nos dimos un momento de celebrar a la Madre Tierra que nos provee de todo: del pan, del techo y del trabajo. As\u00ed es como sostenemos lazos, nos juntamos porque hoy lo que necesitamos es la unidad de los pueblos para tener fuerza y dar pelea a los que nos oprimen, es una manera de celebrar la vida\u201d<\/span><\/i><span style=\"font-weight: 400\">, expres\u00f3 Marta Sanagua, referenta del Paseo de la Econom\u00eda Popular Martin Osos Cisneros.<\/span><\/p>\n<p><span style=\"font-weight: 400\">Pedro Avalos, Vicepresidente de la Confederaci\u00f3n Gral. De jubilados y pensionados comparti\u00f3 su mirada y dijo:<\/span><i><span style=\"font-weight: 400\"> \u201cEs imperioso recuperar este sentimiento de saber cuales son nuestras ra\u00edces, de donde somos y para d\u00f3nde vamos. Fue una celebraci\u00f3n muy emotiva, un acto de fe que nos saca para adelante\u201d.<\/span><\/i><\/p>\n<p><span style=\"font-weight: 400\">Ernesto vecino del barrio de la boca, plante\u00f3:<\/span><i><span style=\"font-weight: 400\"> \u201cEs una forma de defender nuestra cultura latinoamericana, recordando a nuestros antepasados, los pueblos originarios. En contra de los imperios que quieren destruirnos permanentemente, sobre todo destruirnos la cabeza. Una emoci\u00f3n me invade \u00a0 hasta las lagrimas haber compartido con los vecinos y compatriotas este momento\u201d.<\/span><\/i><\/p>\n<p>&nbsp;<\/p>\n","protected":false},"excerpt":{"rendered":"<p>[FM Riachuelo 28\/08\/2022 ] Ayer al mediod\u00eda vecinos del barrio de la boca, organizaciones y militantes del Movimiento Popular Los pibes, hicieron la celebraci\u00f3n a la Pachamama con una gran ceremonia en agradecimiento a la Madre Tierra en el Paseo de la Economia Popular Martin Osos Cisneros. La Madre Tierra (Pachamama) es la diosa de [&hellip;]<\/p>\n","protected":false},"author":5,"featured_media":16939,"comment_status":"closed","ping_status":"closed","sticky":false,"template":"","format":"standard","meta":{"_monsterinsights_skip_tracking":false,"_monsterinsights_sitenote_active":false,"_monsterinsights_sitenote_note":"","_monsterinsights_sitenote_category":0,"jnews-multi-image_gallery":[],"jnews_single_post":{"format":"standard"},"jnews_primary_category":[],"_joinchat":[],"footnotes":""},"categories":[58],"tags":[66,154],"class_list":["post-16938","post","type-post","status-publish","format-standard","has-post-thumbnail","hentry","category-noticiariachuelo","tag-cultura-popular","tag-economia-popular-2"],"_links":{"self":[{"href":"http:\/\/fmriachuelo.it10.com.ar\/index.php\/wp-json\/wp\/v2\/posts\/16938","targetHints":{"allow":["GET"]}}],"collection":[{"href":"http:\/\/fmriachuelo.it10.com.ar\/index.php\/wp-json\/wp\/v2\/posts"}],"about":[{"href":"http:\/\/fmriachuelo.it10.com.ar\/index.php\/wp-json\/wp\/v2\/types\/post"}],"author":[{"embeddable":true,"href":"http:\/\/fmriachuelo.it10.com.ar\/index.php\/wp-json\/wp\/v2\/users\/5"}],"replies":[{"embeddable":true,"href":"http:\/\/fmriachuelo.it10.com.ar\/index.php\/wp-json\/wp\/v2\/comments?post=16938"}],"version-history":[{"count":1,"href":"http:\/\/fmriachuelo.it10.com.ar\/index.php\/wp-json\/wp\/v2\/posts\/16938\/revisions"}],"predecessor-version":[{"id":22154,"href":"http:\/\/fmriachuelo.it10.com.ar\/index.php\/wp-json\/wp\/v2\/posts\/16938\/revisions\/22154"}],"wp:featuredmedia":[{"embeddable":true,"href":"http:\/\/fmriachuelo.it10.com.ar\/index.php\/wp-json\/wp\/v2\/media\/16939"}],"wp:attachment":[{"href":"http:\/\/fmriachuelo.it10.com.ar\/index.php\/wp-json\/wp\/v2\/media?parent=16938"}],"wp:term":[{"taxonomy":"category","embeddable":true,"href":"http:\/\/fmriachuelo.it10.com.ar\/index.php\/wp-json\/wp\/v2\/categories?post=16938"},{"taxonomy":"post_tag","embeddable":true,"href":"http:\/\/fmriachuelo.it10.com.ar\/index.php\/wp-json\/wp\/v2\/tags?post=16938"}],"curies":[{"name":"wp","href":"https:\/\/api.w.org\/{rel}","templated":true}]}}