{"id":1691,"date":"2015-10-13T08:00:00","date_gmt":"2015-10-13T08:00:00","guid":{"rendered":"http:\/\/fmriachuelo.observatorioess.org.ar\/index.php\/2015\/10\/13\/caba-desfile-por-la-integracion-cultural-latinoamericana\/"},"modified":"2015-10-13T08:00:00","modified_gmt":"2015-10-13T08:00:00","slug":"caba-desfile-por-la-integracion-cultural-latinoamericana","status":"publish","type":"post","link":"http:\/\/fmriachuelo.it10.com.ar\/index.php\/2015\/10\/13\/caba-desfile-por-la-integracion-cultural-latinoamericana\/","title":{"rendered":"CABA: DESFILE POR LA INTEGRACI\u00d3N CULTURAL LATINOAMERICANA"},"content":{"rendered":"<p><span style=\"color: red\"><b><span style=\"font-size: large\"><span style=\"font-family: Verdana,sans-serif\">CELEBRACI\u00d3N DE LA COMUNIDAD BOLIVIANA EN ARGENTINA<\/span><\/span><\/b><\/span><\/p>\n<div style=\"clear: both;text-align: center\"><span style=\"font-size: small\"><span style=\"font-family: Verdana,sans-serif\"><a href=\"http:\/\/1.bp.blogspot.com\/-UpwBcgEJrcc\/VhxhD17e6EI\/AAAAAAAAG2g\/TgKuNJDRKyw\/s1600\/desfile.jpg\" style=\"clear: left;float: left;margin-bottom: 1em;margin-right: 1em\"><img loading=\"lazy\" decoding=\"async\" border=\"0\" height=\"133\" src=\"http:\/\/1.bp.blogspot.com\/-UpwBcgEJrcc\/VhxhD17e6EI\/AAAAAAAAG2g\/TgKuNJDRKyw\/s200\/desfile.jpg\" width=\"200\" \/><\/a><\/span><\/span><\/div>\n<div style=\"text-align: justify\"><span style=\"font-size: small\"><span style=\"font-family: Verdana,sans-serif\">M\u00e1s de 200 agrupaciones y 15 mil bailarines participaron ayer del desfile por la Integraci\u00f3n Cultural Latinoamericana realizado por la comunidad boliviana. La CTEP se hizo presente, con un puesto de salud, para acompa\u00f1ar el evento de estos trabajadores de la econom\u00eda popular<span style=\"font-size: small\">.<\/span><\/span><\/span><br \/><a name='more'><\/a><br \/><span style=\"font-size: small\"><span style=\"font-family: Verdana,sans-serif\"><span style=\"font-size: small\">E<\/span>xpresaron: celebramos y acompa\u00f1amos a nuestros hermanos y hermanos en este d\u00eda y en cada lucha de su poderosa fuerza de trabajo, agricultores, ladrilleros, costureros, m\u00fasicos y bailarines, etc. Viva la integraci\u00f3n, unidad y organizaci\u00f3n de los trabajadores de la econom\u00eda popular!<\/span><\/span><\/div>\n<div style=\"text-align: justify\"><span style=\"font-size: small\"><span style=\"font-family: Verdana,sans-serif\"><\/span><\/span><\/div>\n<div style=\"text-align: justify\"><span style=\"font-size: small\"><span style=\"font-family: Verdana,sans-serif\">El centro porte\u00f1o fue testigo ayer del desfile por la Integraci\u00f3n Cultural Latinoamericanarealizado por miles de bolivianos residentes en la Argentina. Los coloridos trajes dieron un tono diferente al mediod\u00eda gris del s\u00e1bado, con la presencia de m\u00e1s de 200 agrupaciones y 15 mil bailarines.<\/span><\/span><\/div>\n<div style=\"text-align: justify\"><span style=\"font-size: small\"><span style=\"font-family: Verdana,sans-serif\"><\/span><\/span><\/div>\n<div style=\"text-align: justify\"><span style=\"font-size: small\"><span style=\"font-family: Verdana,sans-serif\">La celebraci\u00f3n comenz\u00f3 cuando las formaciones avanzaron por avenida 9 de Julio, a la altura de Belgrano, hacia Diagonal Norte, y por \u00e9sta hasta la Plaza de Mayo, desembocando en Diagonal Sur.&nbsp;<\/span><\/span><\/div>\n<div style=\"text-align: justify\"><span style=\"font-size: small\"><span style=\"font-family: Verdana,sans-serif\"><\/span><\/span><\/div>\n<div style=\"text-align: justify\"><span style=\"font-size: small\"><span style=\"font-family: Verdana,sans-serif\">El desfile es la celebraci\u00f3n cultural m\u00e1s importante de la comunidad boliviana, en la que se propone profundizar la integraci\u00f3n latinoamericana y estrechar los lazos hist\u00f3ricos, sociales y culturales que unen a las dos naciones.&nbsp;<\/span><\/span><\/div>\n<div style=\"text-align: justify\"><span style=\"font-size: small\"><span style=\"font-family: Verdana,sans-serif\"><\/span><\/span><\/div>\n<div style=\"text-align: justify\"><span style=\"font-size: small\"><span style=\"font-family: Verdana,sans-serif\">Seg\u00fan indic\u00f3 el ministerio de Cultura de la Naci\u00f3n, esta es la fiesta popular boliviana m\u00e1s importante y cont\u00f3 con la participaci\u00f3n de m\u00e1s de 200 agrupaciones y 15 mil bailarines que realizaron coreograf\u00edas, vistieron coloridos trajes y le dieron al centro porte\u00f1o los sonidos t\u00edpicos bolivianos.<\/span><\/span><\/div>\n<div style=\"text-align: justify\"><span style=\"font-size: small\"><span style=\"font-family: Verdana,sans-serif\"><\/span><\/span><\/div>\n<div style=\"text-align: justify\"><span style=\"font-size: small\"><span style=\"font-family: Verdana,sans-serif\">El desfile es organizado desde el a\u00f1o 2011 por diferentes organizaciones representativas de la colectividad boliviana en Argentina, junto con la cartera de Cultura y el Plan Nacional Igualdad Cultural.<\/span><\/span><\/div>\n<div style=\"text-align: justify\"><span style=\"font-size: small\"><span style=\"font-family: Verdana,sans-serif\"><\/span><\/span><\/div>\n<div style=\"text-align: justify\">\n<div><span style=\"color: #0b5394\"><span style=\"font-size: small\"><span style=\"font-family: Verdana,sans-serif\"><span style=\"font-size: x-small\"><b>NUEVA CIUDAD-CTEP ARGENTINA\/PRODUCCI\u00d3N RIACHUELO <\/b><\/span><\/span><\/span><\/span><\/div>\n<\/div>\n","protected":false},"excerpt":{"rendered":"<p>CELEBRACI\u00d3N DE LA COMUNIDAD BOLIVIANA EN ARGENTINA M\u00e1s de 200 agrupaciones y 15 mil bailarines participaron ayer del desfile por la Integraci\u00f3n Cultural Latinoamericana realizado por la comunidad boliviana. La CTEP se hizo presente, con un puesto de salud, para acompa\u00f1ar el evento de estos trabajadores de la econom\u00eda popular.Expresaron: celebramos y acompa\u00f1amos a nuestros [&hellip;]<\/p>\n","protected":false},"author":4,"featured_media":0,"comment_status":"open","ping_status":"open","sticky":false,"template":"","format":"standard","meta":{"_monsterinsights_skip_tracking":false,"_monsterinsights_sitenote_active":false,"_monsterinsights_sitenote_note":"","_monsterinsights_sitenote_category":0,"jnews-multi-image_gallery":[],"jnews_single_post":[],"jnews_primary_category":[],"_joinchat":[],"footnotes":""},"categories":[78,75],"tags":[],"class_list":["post-1691","post","type-post","status-publish","format-standard","hentry","category-economia-popular","category-trabajo"],"_links":{"self":[{"href":"http:\/\/fmriachuelo.it10.com.ar\/index.php\/wp-json\/wp\/v2\/posts\/1691","targetHints":{"allow":["GET"]}}],"collection":[{"href":"http:\/\/fmriachuelo.it10.com.ar\/index.php\/wp-json\/wp\/v2\/posts"}],"about":[{"href":"http:\/\/fmriachuelo.it10.com.ar\/index.php\/wp-json\/wp\/v2\/types\/post"}],"author":[{"embeddable":true,"href":"http:\/\/fmriachuelo.it10.com.ar\/index.php\/wp-json\/wp\/v2\/users\/4"}],"replies":[{"embeddable":true,"href":"http:\/\/fmriachuelo.it10.com.ar\/index.php\/wp-json\/wp\/v2\/comments?post=1691"}],"version-history":[{"count":0,"href":"http:\/\/fmriachuelo.it10.com.ar\/index.php\/wp-json\/wp\/v2\/posts\/1691\/revisions"}],"wp:attachment":[{"href":"http:\/\/fmriachuelo.it10.com.ar\/index.php\/wp-json\/wp\/v2\/media?parent=1691"}],"wp:term":[{"taxonomy":"category","embeddable":true,"href":"http:\/\/fmriachuelo.it10.com.ar\/index.php\/wp-json\/wp\/v2\/categories?post=1691"},{"taxonomy":"post_tag","embeddable":true,"href":"http:\/\/fmriachuelo.it10.com.ar\/index.php\/wp-json\/wp\/v2\/tags?post=1691"}],"curies":[{"name":"wp","href":"https:\/\/api.w.org\/{rel}","templated":true}]}}