{"id":1690,"date":"2015-10-14T01:38:00","date_gmt":"2015-10-14T01:38:00","guid":{"rendered":"http:\/\/fmriachuelo.observatorioess.org.ar\/index.php\/2015\/10\/14\/13-de-octubre-se-conmemoran-dos-anos-del-asesinato-de-dos-ninos-de-la-boca\/"},"modified":"2015-10-14T01:38:00","modified_gmt":"2015-10-14T01:38:00","slug":"13-de-octubre-se-conmemoran-dos-anos-del-asesinato-de-dos-ninos-de-la-boca","status":"publish","type":"post","link":"http:\/\/fmriachuelo.it10.com.ar\/index.php\/2015\/10\/14\/13-de-octubre-se-conmemoran-dos-anos-del-asesinato-de-dos-ninos-de-la-boca\/","title":{"rendered":"13 DE OCTUBRE: SE CONMEMORAN DOS A\u00d1OS DEL ASESINATO DE DOS NI\u00d1OS DE LA BOCA"},"content":{"rendered":"<p><span style=\"font-size: large\"><span style=\"font-family: Verdana,sans-serif\"><span style=\"color: red\"><b>JUSTICIA POR PITU Y POLA<\/b><\/span><\/span><\/span><br \/><span style=\"font-size: small\"><span style=\"font-family: Verdana,sans-serif\">CONTIN\u00daAN LAS POL\u00cdTICAS DE ABANDONO DEL GOBIERNO CIUDADANO<\/span><\/span><br \/><a href=\"http:\/\/2.bp.blogspot.com\/-wihKdgiO8V8\/Vh2vpVTs-LI\/AAAAAAAAG24\/jvwkERsSVIM\/s1600\/papa%2Bpitu%2B.JPG\" style=\"clear: left;float: left;margin-bottom: 1em;margin-right: 1em\"><img loading=\"lazy\" decoding=\"async\" border=\"0\" height=\"131\" src=\"http:\/\/2.bp.blogspot.com\/-wihKdgiO8V8\/Vh2vpVTs-LI\/AAAAAAAAG24\/jvwkERsSVIM\/s200\/papa%2Bpitu%2B.JPG\" width=\"200\" \/><\/a><span style=\"font-size: small\"><span style=\"font-family: Verdana,sans-serif\"><span style=\"font-family: Verdana,sans-serif\"><span style=\"font-family: Verdana, sans-serif\"><span style=\"font-family: Verdana, sans-serif\">Escuch\u00e1 aqu\u00ed fragmentos de la entrevista realizada en <span style=\"color: red\"><b>ROMP\u00c9 EL CERCO INFORMATIVO (lunes a viernes 1<span style=\"font-size: small\">8<\/span> hs)<\/b><\/span> a <span style=\"color: #0b5394\"><b>JORGE HERRERA<\/b><\/span><\/span><\/span><\/span>, padre de los ni\u00f1os que murieron en el incendio intencional en el a\u00f1o 2013<span style=\"font-size: small\">.<\/span><\/span><\/span><br \/><span style=\"font-size: small\"><span style=\"font-family: Verdana,sans-serif\"><span style=\"font-family: Verdana,sans-serif\"><span style=\"font-family: Verdana, sans-serif\"><span style=\"font-family: Verdana, sans-serif\"><span style=\"color: #0b5394\"><b><a href=\"http:\/\/www.mediafire.com\/listen\/pq8wys33pf4b0ok\/JORGE_HERRERA_PAPA_DEL_PITU_Y_EL_POLA.mp3\" target=\"_blank\" rel=\"noopener\">JORGE HERRERA<span style=\"font-size: small\">, PADRE DE PITU Y POLA<\/span><\/a><\/b><\/span><\/span><\/span><\/span><\/span><\/span><\/p>\n<p><a name='more'><\/a><\/p>\n<div style=\"text-align: justify\"><span style=\"font-size: small\"><span style=\"font-family: Verdana,sans-serif\">Al conmemorarse dos a\u00f1os de este criminal hecho entrevistamos, en <\/span><\/span><span style=\"font-size: small\"><span style=\"font-family: Verdana,sans-serif\"><span style=\"font-size: small\"><span style=\"font-family: Verdana,sans-serif\"><span style=\"font-family: Verdana,sans-serif\"><span style=\"font-family: Verdana, sans-serif\"><span style=\"font-family: Verdana, sans-serif\"><span style=\"color: red\"><b>ROMP\u00c9 EL CERCO INFORMATIVO<\/b><\/span><\/span><\/span><\/span><\/span><\/span>, a Jorge Herrera, padre de Pitu y Pola que nos cont\u00f3 que la causa se halla paralizada y ellos, sus familiares, en la misma situaci\u00f3n que los dej\u00f3 el incendio intencional de su mal llamada vivienda. Mientras el lugar, un conventillo hist\u00f3rico se halla en peligro de derrumbe, sin el vallado necesario que pone en riesgo a los vecinos.&nbsp;<\/span><\/span><br \/><span style=\"font-size: small\"><span style=\"font-family: Verdana,sans-serif\">Herrera,&nbsp; en homenaje a sus hijos,&nbsp; est\u00e1 trabajando en el proyecto de un centro cultural que rescate la cultura popular.<\/span><\/span><br \/><span style=\"font-size: small\"><span style=\"font-family: Verdana,sans-serif\">Mientras el Gobierno de la Ciudad favorece los negocios de la especulaci\u00f3n inmobiliaria. Sus vecinos, docentes y amigos acompa\u00f1an a la familia en estos dif\u00edciles momentos, exigiendo justicia por estos asesinatos.<\/span><\/span><\/div>\n<div><span style=\"font-size: small\"><span style=\"font-family: Verdana,sans-serif\"><\/span><\/span> <\/p>\n<div style=\"text-align: justify\"><span style=\"font-size: small\"><span style=\"font-family: Verdana,sans-serif\">[2013-10-24]Otra vez la t\u00e1ctica del desalojo salvaje. Otra vez sin palos, sin balas de goma, sin gendarmes ni federales. Con fuego. S\u00f3lo con fuego. Que no quede nada para ocupar. Ni un techito de chapa para meterse debajo. Ni la sombra del conventillo que arde a cinco cuadras de Caminito.<\/span><\/span><\/div>\n<div style=\"text-align: justify\"><span style=\"font-size: small\"><span style=\"font-family: Verdana,sans-serif\"><\/span><\/span><\/div>\n<div style=\"text-align: justify\"><span style=\"font-size: small\"><span style=\"font-family: Verdana,sans-serif\">A las siete de la ma\u00f1ana del domingo 13 de octubre de 2013 todav\u00eda era la madrugada. Pitu y Pola dorm\u00edan cuando el fuego empez\u00f3 a alzarse feroz,  Ten\u00edan 10 y 12 a\u00f1os, H\u00e9ctor y V\u00edctor viv\u00edan con sus hermanos y sus padres en un conventillo de calle Melo.&nbsp;<\/span><\/span><\/div>\n<div style=\"text-align: justify\"><span style=\"font-size: small\"><span style=\"font-family: Verdana,sans-serif\"><\/span><\/span><\/div>\n<p><span style=\"font-size: small\"><span style=\"font-family: Verdana,sans-serif\">A fuego y sangre. Donde se vive y se muere con la misma indolencia. Donde los especuladores inmobiliarios hacen incendiar los conventillos para quedarse con un terreno vac\u00edo. Donde las familias en brutal desnudez deben ir a buscar un techo a la pieza hacinada que le cobran como un palacio debajo de la autopista. Convencidos desde el vamos que en pocas horas caer\u00e1 la metropolitana y habr\u00e1 que echarse a la espalda la historia y volver otra vez a la calle.<br \/> El domingo murieron el Pitu y el Pola. Once familias acamparon en la calle porque de la ceniza nada resurge. Y el gobierno porte\u00f1o les ofrece un subsidio fam\u00e9lico con la condici\u00f3n de que se vayan. Ya ten\u00edan la promesa del desalojo en dos meses. El fuego fue la herramienta m\u00e1s eficaz: no dej\u00f3 nada. Pero ellos sue\u00f1an con volver a alzar sus chapas en el mismo lugar.<br \/>El domingo cuando el sol empezaba a asomar entre la neblina del r\u00edo, las columnas de humo dibujaban en el cielo el aliento fatal del infierno. No pocos vieron \u201ca un tipo que tir\u00f3 una molotov\u201d. El fuego no fue azar. A la intenci\u00f3n la ayud\u00f3 generosamente la madera, las instalaciones el\u00e9ctricas destruidas, la indefensi\u00f3n generalizada. El lunes hubo un segundo incendio. Mientras la polic\u00eda irrump\u00eda como un rel\u00e1mpago buscando drogas a media cuadra.<br \/>Claro, el s\u00e1bado pasado hab\u00edan protestado contra los desalojos. Treinta familias a punto de ser expulsadas. 5.500 en riesgo por vivir en casillas sin servicios m\u00ednimos. S\u00f3lo en La Boca 5.500 familias viven la zozobra de la inseguridad. No tienen vivienda ni posibilidad m\u00e1s o menos cierta de acceder a un techo medianamente digno. 5.500 familias son cerca de 28.000 personas sosteni\u00e9ndose apenas al borde del abismo. En los \u00faltimos cuatro a\u00f1os doce ni\u00f1os murieron bajo el fuego.<br \/><b>Fragmento del 20-10-2013&nbsp;por Domingo Schiavoni &#8211;&nbsp;<\/b><span style=\"color: blue\"><span style=\"color: black\"><b>Diario Panorama<\/b><\/span><\/span><\/span><\/span><\/div>\n<div><span style=\"font-size: small\"><span style=\"font-family: Verdana,sans-serif\"><span style=\"color: #0b5394\"><b>PRODUCCI\u00d3N RIACHUELO <\/b><\/span><\/span><\/span><\/div>\n<div><\/div>\n","protected":false},"excerpt":{"rendered":"<p>JUSTICIA POR PITU Y POLACONTIN\u00daAN LAS POL\u00cdTICAS DE ABANDONO DEL GOBIERNO CIUDADANOEscuch\u00e1 aqu\u00ed fragmentos de la entrevista realizada en ROMP\u00c9 EL CERCO INFORMATIVO (lunes a viernes 18 hs) a JORGE HERRERA, padre de los ni\u00f1os que murieron en el incendio intencional en el a\u00f1o 2013.JORGE HERRERA, PADRE DE PITU Y POLA Al conmemorarse dos a\u00f1os [&hellip;]<\/p>\n","protected":false},"author":4,"featured_media":0,"comment_status":"open","ping_status":"open","sticky":false,"template":"","format":"standard","meta":{"_monsterinsights_skip_tracking":false,"_monsterinsights_sitenote_active":false,"_monsterinsights_sitenote_note":"","_monsterinsights_sitenote_category":0,"jnews-multi-image_gallery":[],"jnews_single_post":[],"jnews_primary_category":[],"_joinchat":[],"footnotes":""},"categories":[78],"tags":[],"class_list":["post-1690","post","type-post","status-publish","format-standard","hentry","category-economia-popular"],"_links":{"self":[{"href":"http:\/\/fmriachuelo.it10.com.ar\/index.php\/wp-json\/wp\/v2\/posts\/1690","targetHints":{"allow":["GET"]}}],"collection":[{"href":"http:\/\/fmriachuelo.it10.com.ar\/index.php\/wp-json\/wp\/v2\/posts"}],"about":[{"href":"http:\/\/fmriachuelo.it10.com.ar\/index.php\/wp-json\/wp\/v2\/types\/post"}],"author":[{"embeddable":true,"href":"http:\/\/fmriachuelo.it10.com.ar\/index.php\/wp-json\/wp\/v2\/users\/4"}],"replies":[{"embeddable":true,"href":"http:\/\/fmriachuelo.it10.com.ar\/index.php\/wp-json\/wp\/v2\/comments?post=1690"}],"version-history":[{"count":0,"href":"http:\/\/fmriachuelo.it10.com.ar\/index.php\/wp-json\/wp\/v2\/posts\/1690\/revisions"}],"wp:attachment":[{"href":"http:\/\/fmriachuelo.it10.com.ar\/index.php\/wp-json\/wp\/v2\/media?parent=1690"}],"wp:term":[{"taxonomy":"category","embeddable":true,"href":"http:\/\/fmriachuelo.it10.com.ar\/index.php\/wp-json\/wp\/v2\/categories?post=1690"},{"taxonomy":"post_tag","embeddable":true,"href":"http:\/\/fmriachuelo.it10.com.ar\/index.php\/wp-json\/wp\/v2\/tags?post=1690"}],"curies":[{"name":"wp","href":"https:\/\/api.w.org\/{rel}","templated":true}]}}