{"id":169,"date":"2015-08-05T14:29:00","date_gmt":"2015-08-05T14:29:00","guid":{"rendered":"http:\/\/fmriachuelo.observatorioess.org.ar\/index.php\/2015\/08\/05\/movimiento-nacional-campesino-indigena-se-solidariza\/"},"modified":"2025-05-06T12:50:46","modified_gmt":"2025-05-06T15:50:46","slug":"movimiento-nacional-campesino-indigena-se-solidariza","status":"publish","type":"post","link":"http:\/\/fmriachuelo.it10.com.ar\/index.php\/2015\/08\/05\/movimiento-nacional-campesino-indigena-se-solidariza\/","title":{"rendered":"MOVIMIENTO NACIONAL CAMPESINO IND\u00cdGENA SE SOLIDARIZA"},"content":{"rendered":"<p><span style=\"color: red;font-family: Verdana, sans-serif;font-size: large\"><strong>SOLIDARIDAD CON LOS CAMPESINOS PARAGUAYOS<\/strong><\/span><\/p>\n<div style=\"clear: both;text-align: center\"><a href=\"http:\/\/3.bp.blogspot.com\/-6hDV3aX2u3A\/VcIdY_RFPSI\/AAAAAAAAFy0\/Y96T9YUE2_I\/s1600\/P1210013.jpg\" style=\"clear: left;float: left;margin-bottom: 1em;margin-right: 1em\"><img loading=\"lazy\" decoding=\"async\" border=\"0\" height=\"111\" src=\"http:\/\/3.bp.blogspot.com\/-6hDV3aX2u3A\/VcIdY_RFPSI\/AAAAAAAAFy0\/Y96T9YUE2_I\/s200\/P1210013.jpg\" width=\"200\" \/><\/a><\/div>\n<div style=\"text-align: justify\"><span style=\"font-family: Verdana, sans-serif\"> Porque lo que pasa en Paraguay es lo que pasa en toda Am\u00e9rica Latina. Porque los casos de desalojos y atropellos al campesinado para despojarlos de sus tierras se repiten en todas las regiones.<\/span><br \/><a name='more'><\/a><span style=\"font-family: Verdana, sans-serif\">El MNCI estuvo presente, siendo consecuente con la solidaridad internacionalista, como observador del Juicio Curuguaty, que lejos de intentar arrojar luz sobre la Masacre de Marina Kue sucedida el 15 de junio de 2015 donde 17 personas murieron, 11 de ellas campesinas y m\u00e1s de 40 terminaron heridas y que dio paso al Golpe Parlamentario al entonces presidente Fernando Lugo, responsabiliza solo a 13 campesinos de los hechos.<br \/>Tanto entrevistando a los acusados y detenidos en prisi\u00f3n domiciliaria o conversando con Rub\u00e9n Villalaba en la c\u00e1rcel como compartiendo en el territorio donde la comunidad de Marina Kue ha decidido retomar sus tierras el MNCI se solidariz\u00f3 y expres\u00f3 su apoyo a las familias de v\u00edctimas de la Masacre en sus reclamos por la nulidad del juicio por todas las irregularidades del caso, la titulaci\u00f3n de las tierras a las familias de la comunidad y el castigo a los verdaderos responsables<br \/>Marina Kue es del Pueblo<br \/>Somos Tierra para alimentar a los pueblos.<\/span><br \/><span style=\"color: #0b5394;font-family: Verdana, sans-serif;font-size: x-small\"><b>MNCI\/PRODUCCI\u00d3N RIACHUELO<\/b><\/span><\/div>\n","protected":false},"excerpt":{"rendered":"<p>SOLIDARIDAD CON LOS CAMPESINOS PARAGUAYOS Porque lo que pasa en Paraguay es lo que pasa en toda Am\u00e9rica Latina. Porque los casos de desalojos y atropellos al campesinado para despojarlos de sus tierras se repiten en todas las regiones.El MNCI estuvo presente, siendo consecuente con la solidaridad internacionalista, como observador del Juicio Curuguaty, que lejos [&hellip;]<\/p>\n","protected":false},"author":4,"featured_media":0,"comment_status":"open","ping_status":"open","sticky":false,"template":"","format":"standard","meta":{"_monsterinsights_skip_tracking":false,"_monsterinsights_sitenote_active":false,"_monsterinsights_sitenote_note":"","_monsterinsights_sitenote_category":0,"jnews-multi-image_gallery":[],"jnews_single_post":{"format":"standard"},"jnews_primary_category":[],"_joinchat":[],"footnotes":""},"categories":[58],"tags":[70,71],"class_list":["post-169","post","type-post","status-publish","format-standard","hentry","category-noticiariachuelo","tag-de-la-patria-grande","tag-de-la-tierra"],"_links":{"self":[{"href":"http:\/\/fmriachuelo.it10.com.ar\/index.php\/wp-json\/wp\/v2\/posts\/169","targetHints":{"allow":["GET"]}}],"collection":[{"href":"http:\/\/fmriachuelo.it10.com.ar\/index.php\/wp-json\/wp\/v2\/posts"}],"about":[{"href":"http:\/\/fmriachuelo.it10.com.ar\/index.php\/wp-json\/wp\/v2\/types\/post"}],"author":[{"embeddable":true,"href":"http:\/\/fmriachuelo.it10.com.ar\/index.php\/wp-json\/wp\/v2\/users\/4"}],"replies":[{"embeddable":true,"href":"http:\/\/fmriachuelo.it10.com.ar\/index.php\/wp-json\/wp\/v2\/comments?post=169"}],"version-history":[{"count":1,"href":"http:\/\/fmriachuelo.it10.com.ar\/index.php\/wp-json\/wp\/v2\/posts\/169\/revisions"}],"predecessor-version":[{"id":23871,"href":"http:\/\/fmriachuelo.it10.com.ar\/index.php\/wp-json\/wp\/v2\/posts\/169\/revisions\/23871"}],"wp:attachment":[{"href":"http:\/\/fmriachuelo.it10.com.ar\/index.php\/wp-json\/wp\/v2\/media?parent=169"}],"wp:term":[{"taxonomy":"category","embeddable":true,"href":"http:\/\/fmriachuelo.it10.com.ar\/index.php\/wp-json\/wp\/v2\/categories?post=169"},{"taxonomy":"post_tag","embeddable":true,"href":"http:\/\/fmriachuelo.it10.com.ar\/index.php\/wp-json\/wp\/v2\/tags?post=169"}],"curies":[{"name":"wp","href":"https:\/\/api.w.org\/{rel}","templated":true}]}}