{"id":16874,"date":"2022-08-25T23:14:24","date_gmt":"2022-08-25T23:14:24","guid":{"rendered":"http:\/\/fmriachuelo.com.ar\/?p=16874"},"modified":"2025-03-11T13:14:47","modified_gmt":"2025-03-11T16:14:47","slug":"asambleas-por-la-ley-de-tierra-techo-y-trabajo","status":"publish","type":"post","link":"http:\/\/fmriachuelo.it10.com.ar\/index.php\/2022\/08\/25\/asambleas-por-la-ley-de-tierra-techo-y-trabajo\/","title":{"rendered":"ASAMBLEAS POR LA LEY DE TIERRA TECHO Y TRABAJO"},"content":{"rendered":"<p><b>[FM Riachuelo, 25\/08\/2022]<\/b> <b>El 1 de septiembre los trabajadores y trabajadoras nucleados en la Uni\u00f3n de Trabajadores y Trabajadoras de la Econom\u00eda Popular (UTEP), movilizaran a la legislatura porte\u00f1a de la ciudad de Buenos Aires para presentar la Ley por Tierra, Techo y Trabajo. Por este motivo se vienen realizando asambleas barriales para debatir las necesidades y los problemas que enfrentan los sectores populares que habitan en la ciudad, fundamentalmente en su zona sur.<\/b><\/p>\n<p><span style=\"font-weight: 400\">La ma\u00f1ana comenz\u00f3 con un <\/span><b>plenario del Bloque UTEP CABA<\/b><span style=\"font-weight: 400\"> en la sede de Pedro Echag\u00fce 1235 del barrio de Constituci\u00f3n. Diversos referentes de los movimientos populares de la UTEP se reunieron para intercambiar miradas frente a la situaci\u00f3n en los barrios de una de las ciudades m\u00e1s ricas del pa\u00eds, donde a los \u00faltimos de las filas no llegan pol\u00edticas que mejoren las condiciones injustas en las que viven d\u00eda a d\u00eda.<\/span><\/p>\n<p><span style=\"font-weight: 400\">La importancia de que la <\/span><b>Ley por Tierra Techo y Trabajo<\/b><span style=\"font-weight: 400\"> sea presentada en la Legislatura\u00a0 sin perder la lucha en las calles, profundizando la unidad del campo popular para conquistar los derechos que en nuestras barriadas siguen faltando, fue remarcada por cada uno de los referentes que tomaron la palabra.<\/span><\/p>\n<p><span style=\"font-weight: 400\"><img loading=\"lazy\" decoding=\"async\" class=\"size-medium wp-image-16883 alignleft\" src=\"http:\/\/fmriachuelo.com.ar\/wp-content\/uploads\/2022\/08\/WhatsApp-Image-2022-08-26-at-12.21.47-AM-1-300x200.jpeg\" alt=\"\" width=\"300\" height=\"200\" srcset=\"http:\/\/fmriachuelo.it10.com.ar\/wp-content\/uploads\/2022\/08\/WhatsApp-Image-2022-08-26-at-12.21.47-AM-1-300x200.jpeg 300w, http:\/\/fmriachuelo.it10.com.ar\/wp-content\/uploads\/2022\/08\/WhatsApp-Image-2022-08-26-at-12.21.47-AM-1-1024x683.jpeg 1024w, http:\/\/fmriachuelo.it10.com.ar\/wp-content\/uploads\/2022\/08\/WhatsApp-Image-2022-08-26-at-12.21.47-AM-1-768x512.jpeg 768w, http:\/\/fmriachuelo.it10.com.ar\/wp-content\/uploads\/2022\/08\/WhatsApp-Image-2022-08-26-at-12.21.47-AM-1-750x500.jpeg 750w, http:\/\/fmriachuelo.it10.com.ar\/wp-content\/uploads\/2022\/08\/WhatsApp-Image-2022-08-26-at-12.21.47-AM-1-1140x761.jpeg 1140w, http:\/\/fmriachuelo.it10.com.ar\/wp-content\/uploads\/2022\/08\/WhatsApp-Image-2022-08-26-at-12.21.47-AM-1.jpeg 1280w\" sizes=\"auto, (max-width: 300px) 100vw, 300px\" \/>Por la tarde, la <strong>Plaza Matheu del barrio de la Boca<\/strong>, se llen\u00f3 de la militancia de distintas organizaciones sociales que hace a\u00f1os trabajan en y para el barrio. <\/span><b>Roxana Cainzos, del Merendero Madres Sembrando Conciencia<\/b><span style=\"font-weight: 400\">, fue la primera en tomar la palabra, cont\u00f3 de los emprendimientos productivos que realizan y reclam\u00f3: \u201c<\/span><i><span style=\"font-weight: 400\">Estos emprendimientos nos hacen sentir dignos y sentirnos mejor, nos encuentran unidos en el barrio y a trav\u00e9s de la lucha y la organizaci\u00f3n hemos ganado derechos. Pero necesitamos que nos den un apoyo econ\u00f3mico para que estas actividades productivas se sigan desarrollando y generen m\u00e1s trabajo en el barrio.\u201d<\/span><\/i><\/p>\n<p><span style=\"font-weight: 400\"><img loading=\"lazy\" decoding=\"async\" class=\"size-medium wp-image-16890 alignleft\" src=\"http:\/\/fmriachuelo.com.ar\/wp-content\/uploads\/2022\/08\/LUCAS-BOGADO-300x200.jpg\" alt=\"\" width=\"300\" height=\"200\" srcset=\"http:\/\/fmriachuelo.it10.com.ar\/wp-content\/uploads\/2022\/08\/LUCAS-BOGADO-300x200.jpg 300w, http:\/\/fmriachuelo.it10.com.ar\/wp-content\/uploads\/2022\/08\/LUCAS-BOGADO-1024x683.jpg 1024w, http:\/\/fmriachuelo.it10.com.ar\/wp-content\/uploads\/2022\/08\/LUCAS-BOGADO-768x512.jpg 768w, http:\/\/fmriachuelo.it10.com.ar\/wp-content\/uploads\/2022\/08\/LUCAS-BOGADO-750x500.jpg 750w, http:\/\/fmriachuelo.it10.com.ar\/wp-content\/uploads\/2022\/08\/LUCAS-BOGADO-1140x761.jpg 1140w, http:\/\/fmriachuelo.it10.com.ar\/wp-content\/uploads\/2022\/08\/LUCAS-BOGADO.jpg 1280w\" sizes=\"auto, (max-width: 300px) 100vw, 300px\" \/>Luego tom\u00f3 la palabra <\/span><b>Lucas Bogado, integrante del Movimiento Evita Comuna 4<\/b><span style=\"font-weight: 400\">, quien destac\u00f3: <\/span><i><span style=\"font-weight: 400\">\u201c\u00bfQu\u00e9 implica la ley de tierra techo y trabajo ac\u00e1 en la ciudad?, es muy importante que esto se impulse por todas las problem\u00e1ticas que nuestras barriadas sufren y tambi\u00e9n es hora que reconozcan el trabajo que hacemos. Esta es la agenda de los humildes, de los trabajadores que generamos comunidad. Por esto es fundamental la unidad, porque esa unidad nos va a fortalecer en las calles\u201d. <\/span><\/i><span style=\"font-weight: 400\">A estas palabras se sumaron las de <\/span><b>Javier de Barrios de Pie:<\/b><i><span style=\"font-weight: 400\"> \u201cEn este momento necesitamos reconstruir esta comuna, tenemos que salir a conversar con todos los vecinos y contarles sobre esta ley\u201d<\/span><\/i><span style=\"font-weight: 400\">.<\/span><\/p>\n<p><b><img loading=\"lazy\" decoding=\"async\" class=\"size-medium wp-image-16885 alignright\" src=\"http:\/\/fmriachuelo.com.ar\/wp-content\/uploads\/2022\/08\/WhatsApp-Image-2022-08-26-at-12.21.49-AM-1-300x200.jpeg\" alt=\"\" width=\"300\" height=\"200\" srcset=\"http:\/\/fmriachuelo.it10.com.ar\/wp-content\/uploads\/2022\/08\/WhatsApp-Image-2022-08-26-at-12.21.49-AM-1-300x200.jpeg 300w, http:\/\/fmriachuelo.it10.com.ar\/wp-content\/uploads\/2022\/08\/WhatsApp-Image-2022-08-26-at-12.21.49-AM-1-1024x683.jpeg 1024w, http:\/\/fmriachuelo.it10.com.ar\/wp-content\/uploads\/2022\/08\/WhatsApp-Image-2022-08-26-at-12.21.49-AM-1-768x512.jpeg 768w, http:\/\/fmriachuelo.it10.com.ar\/wp-content\/uploads\/2022\/08\/WhatsApp-Image-2022-08-26-at-12.21.49-AM-1-750x500.jpeg 750w, http:\/\/fmriachuelo.it10.com.ar\/wp-content\/uploads\/2022\/08\/WhatsApp-Image-2022-08-26-at-12.21.49-AM-1-1140x761.jpeg 1140w, http:\/\/fmriachuelo.it10.com.ar\/wp-content\/uploads\/2022\/08\/WhatsApp-Image-2022-08-26-at-12.21.49-AM-1.jpeg 1280w\" sizes=\"auto, (max-width: 300px) 100vw, 300px\" \/>Marta de la Corriente Clasista y Combativa,<\/b><span style=\"font-weight: 400\"> se refiri\u00f3 a la persecuci\u00f3n que atraviesan los movimientos populares: <\/span><i><span style=\"font-weight: 400\">\u201cEstamos preocupados porque nos quieren sacar de las calles, es el \u00fanico recurso que tenemos para reclamar lo que necesitamos. Hemos sufrido 23 allanamientos que no solo fueron a casas de referentes,\u00a0 sino a comedores y merenderos, los mismos que alimentaron al pueblo durante la pandemia. A los que habr\u00eda que auditar son aquellos que saquearon el pa\u00eds y hoy presionan para seguir llev\u00e1ndosela. La unidad de todos los movimientos, que hemos luchado para derrotar a Macri, es fundamental porque quieren volver\u201d.<\/span><\/i><\/p>\n<p><i><span style=\"font-weight: 400\"><img loading=\"lazy\" decoding=\"async\" class=\"size-medium wp-image-16886 alignleft\" src=\"http:\/\/fmriachuelo.com.ar\/wp-content\/uploads\/2022\/08\/WhatsApp-Image-2022-08-26-at-12.22.49-AM-300x200.jpeg\" alt=\"\" width=\"300\" height=\"200\" srcset=\"http:\/\/fmriachuelo.it10.com.ar\/wp-content\/uploads\/2022\/08\/WhatsApp-Image-2022-08-26-at-12.22.49-AM-300x200.jpeg 300w, http:\/\/fmriachuelo.it10.com.ar\/wp-content\/uploads\/2022\/08\/WhatsApp-Image-2022-08-26-at-12.22.49-AM-1024x683.jpeg 1024w, http:\/\/fmriachuelo.it10.com.ar\/wp-content\/uploads\/2022\/08\/WhatsApp-Image-2022-08-26-at-12.22.49-AM-768x512.jpeg 768w, http:\/\/fmriachuelo.it10.com.ar\/wp-content\/uploads\/2022\/08\/WhatsApp-Image-2022-08-26-at-12.22.49-AM-750x500.jpeg 750w, http:\/\/fmriachuelo.it10.com.ar\/wp-content\/uploads\/2022\/08\/WhatsApp-Image-2022-08-26-at-12.22.49-AM-1140x761.jpeg 1140w, http:\/\/fmriachuelo.it10.com.ar\/wp-content\/uploads\/2022\/08\/WhatsApp-Image-2022-08-26-at-12.22.49-AM.jpeg 1280w\" sizes=\"auto, (max-width: 300px) 100vw, 300px\" \/>\u201cTenemos un enemigo en com\u00fan que los barrios humildes sufren\u201d<\/span><\/i><span style=\"font-weight: 400\"> dijo\u00a0<\/span><b>M\u00f3nica\u00a0P\u00e9rez, del Movimientos Popular los Pibes, <\/b><span style=\"font-weight: 400\">y agreg\u00f3:. <\/span><i><span style=\"font-weight: 400\">\u201cQuieren nuestros barrios, se dan el lujo de entrar a nuestros barrios mintiendo, prometiendo lo que jam\u00e1s cumplen.\u00a0 Esta unidad la tenemos que reivindicar en todos los barrios, y ser la punta de lanza de los cambios y pelear por nuestros derechos. Tenemos que ser un pu\u00f1o y pelear esta ley de los trabajadores de la econom\u00eda popular. La unidad es para encarar un camino y darle pelea a este gobierno que tiene el monedero\u201d.<\/span><\/i><\/p>\n<p><span style=\"font-weight: 400\">Durante esta asamblea popular, qued\u00f3 claro que no podemos abandonar las calles, pero es imprescindible la unidad, la unidad en la diversidad, porque hay dos trincheras bien definidas, de un lado est\u00e1 el pueblo trabajador y del otro los poderes econ\u00f3micos que quieren seguir lucrando con el hambre del pueblo.<\/span><b> Nandy, militante del MPLP e integrante del colectivo Hip Hop de las Luchas Populares<\/b><span style=\"font-weight: 400\">,<\/span> <span style=\"font-weight: 400\">tom\u00f3 la palabra en el cierre de la jornada<\/span> <span style=\"font-weight: 400\">dando un claro mensaje: <\/span><i><span style=\"font-weight: 400\">\u201cNos queda dar la pelea. <strong>Las cosas no van a cambiar si no lo hacemos nosotros<\/strong>, los que conocemos nuestros barrios, <strong>porque qued\u00f3 demostrado que nadie se salva solo<\/strong>, lo vimos durante la pandemia. Compa\u00f1eros, compa\u00f1eras la unidad por delante, es el objetivo principal\u201d.<\/span><\/i><\/p>\n<p><img loading=\"lazy\" decoding=\"async\" class=\"alignnone size-medium wp-image-16887\" src=\"http:\/\/fmriachuelo.com.ar\/wp-content\/uploads\/2022\/08\/WhatsApp-Image-2022-08-26-at-12.23.12-AM-300x200.jpeg\" alt=\"\" width=\"300\" height=\"200\" srcset=\"http:\/\/fmriachuelo.it10.com.ar\/wp-content\/uploads\/2022\/08\/WhatsApp-Image-2022-08-26-at-12.23.12-AM-300x200.jpeg 300w, http:\/\/fmriachuelo.it10.com.ar\/wp-content\/uploads\/2022\/08\/WhatsApp-Image-2022-08-26-at-12.23.12-AM-1024x683.jpeg 1024w, http:\/\/fmriachuelo.it10.com.ar\/wp-content\/uploads\/2022\/08\/WhatsApp-Image-2022-08-26-at-12.23.12-AM-768x512.jpeg 768w, http:\/\/fmriachuelo.it10.com.ar\/wp-content\/uploads\/2022\/08\/WhatsApp-Image-2022-08-26-at-12.23.12-AM-750x500.jpeg 750w, http:\/\/fmriachuelo.it10.com.ar\/wp-content\/uploads\/2022\/08\/WhatsApp-Image-2022-08-26-at-12.23.12-AM-1140x761.jpeg 1140w, http:\/\/fmriachuelo.it10.com.ar\/wp-content\/uploads\/2022\/08\/WhatsApp-Image-2022-08-26-at-12.23.12-AM.jpeg 1280w\" sizes=\"auto, (max-width: 300px) 100vw, 300px\" \/><img loading=\"lazy\" decoding=\"async\" class=\"alignnone size-medium wp-image-16888\" src=\"http:\/\/fmriachuelo.com.ar\/wp-content\/uploads\/2022\/08\/WhatsApp-Image-2022-08-26-at-12.23.14-AM-300x200.jpeg\" alt=\"\" width=\"300\" height=\"200\" srcset=\"http:\/\/fmriachuelo.it10.com.ar\/wp-content\/uploads\/2022\/08\/WhatsApp-Image-2022-08-26-at-12.23.14-AM-300x200.jpeg 300w, http:\/\/fmriachuelo.it10.com.ar\/wp-content\/uploads\/2022\/08\/WhatsApp-Image-2022-08-26-at-12.23.14-AM-1024x683.jpeg 1024w, http:\/\/fmriachuelo.it10.com.ar\/wp-content\/uploads\/2022\/08\/WhatsApp-Image-2022-08-26-at-12.23.14-AM-768x512.jpeg 768w, http:\/\/fmriachuelo.it10.com.ar\/wp-content\/uploads\/2022\/08\/WhatsApp-Image-2022-08-26-at-12.23.14-AM-750x500.jpeg 750w, http:\/\/fmriachuelo.it10.com.ar\/wp-content\/uploads\/2022\/08\/WhatsApp-Image-2022-08-26-at-12.23.14-AM-1140x761.jpeg 1140w, http:\/\/fmriachuelo.it10.com.ar\/wp-content\/uploads\/2022\/08\/WhatsApp-Image-2022-08-26-at-12.23.14-AM.jpeg 1280w\" sizes=\"auto, (max-width: 300px) 100vw, 300px\" \/><\/p>\n","protected":false},"excerpt":{"rendered":"<p>[FM Riachuelo, 25\/08\/2022] El 1 de septiembre los trabajadores y trabajadoras nucleados en la Uni\u00f3n de Trabajadores y Trabajadoras de la Econom\u00eda Popular (UTEP), movilizaran a la legislatura porte\u00f1a de la ciudad de Buenos Aires para presentar la Ley por Tierra, Techo y Trabajo. Por este motivo se vienen realizando asambleas barriales para debatir las [&hellip;]<\/p>\n","protected":false},"author":5,"featured_media":16875,"comment_status":"closed","ping_status":"closed","sticky":false,"template":"","format":"standard","meta":{"_monsterinsights_skip_tracking":false,"_monsterinsights_sitenote_active":false,"_monsterinsights_sitenote_note":"","_monsterinsights_sitenote_category":0,"jnews-multi-image_gallery":[],"jnews_single_post":{"format":"standard"},"jnews_primary_category":[],"_joinchat":[],"footnotes":""},"categories":[58],"tags":[154,156],"class_list":["post-16874","post","type-post","status-publish","format-standard","has-post-thumbnail","hentry","category-noticiariachuelo","tag-economia-popular-2","tag-tierra-techo-y-trabajo"],"_links":{"self":[{"href":"http:\/\/fmriachuelo.it10.com.ar\/index.php\/wp-json\/wp\/v2\/posts\/16874","targetHints":{"allow":["GET"]}}],"collection":[{"href":"http:\/\/fmriachuelo.it10.com.ar\/index.php\/wp-json\/wp\/v2\/posts"}],"about":[{"href":"http:\/\/fmriachuelo.it10.com.ar\/index.php\/wp-json\/wp\/v2\/types\/post"}],"author":[{"embeddable":true,"href":"http:\/\/fmriachuelo.it10.com.ar\/index.php\/wp-json\/wp\/v2\/users\/5"}],"replies":[{"embeddable":true,"href":"http:\/\/fmriachuelo.it10.com.ar\/index.php\/wp-json\/wp\/v2\/comments?post=16874"}],"version-history":[{"count":1,"href":"http:\/\/fmriachuelo.it10.com.ar\/index.php\/wp-json\/wp\/v2\/posts\/16874\/revisions"}],"predecessor-version":[{"id":22156,"href":"http:\/\/fmriachuelo.it10.com.ar\/index.php\/wp-json\/wp\/v2\/posts\/16874\/revisions\/22156"}],"wp:featuredmedia":[{"embeddable":true,"href":"http:\/\/fmriachuelo.it10.com.ar\/index.php\/wp-json\/wp\/v2\/media\/16875"}],"wp:attachment":[{"href":"http:\/\/fmriachuelo.it10.com.ar\/index.php\/wp-json\/wp\/v2\/media?parent=16874"}],"wp:term":[{"taxonomy":"category","embeddable":true,"href":"http:\/\/fmriachuelo.it10.com.ar\/index.php\/wp-json\/wp\/v2\/categories?post=16874"},{"taxonomy":"post_tag","embeddable":true,"href":"http:\/\/fmriachuelo.it10.com.ar\/index.php\/wp-json\/wp\/v2\/tags?post=16874"}],"curies":[{"name":"wp","href":"https:\/\/api.w.org\/{rel}","templated":true}]}}