{"id":1682,"date":"2015-10-16T02:24:00","date_gmt":"2015-10-16T02:24:00","guid":{"rendered":"http:\/\/fmriachuelo.observatorioess.org.ar\/index.php\/2015\/10\/16\/colonia-agricola-integral-de-abastecimiento-urbano-de-jauregui-proxima-inauguracion\/"},"modified":"2015-10-16T02:24:00","modified_gmt":"2015-10-16T02:24:00","slug":"colonia-agricola-integral-de-abastecimiento-urbano-de-jauregui-proxima-inauguracion","status":"publish","type":"post","link":"http:\/\/fmriachuelo.it10.com.ar\/index.php\/2015\/10\/16\/colonia-agricola-integral-de-abastecimiento-urbano-de-jauregui-proxima-inauguracion\/","title":{"rendered":"COLONIA AGR\u00cdCOLA INTEGRAL DE ABASTECIMIENTO URBANO DE JAUREGUI: PR\u00d3XIMA INAUGURACI\u00d3N"},"content":{"rendered":"<div style=\"clear: both;text-align: justify\"><span style=\"color: red;font-family: Verdana, sans-serif;font-size: large\"><b>PRODUCCI\u00d3N POPULAR<\/b><\/span><\/div>\n<div style=\"clear: both;text-align: center\"><\/div>\n<div style=\"clear: both;text-align: center\"><a href=\"http:\/\/4.bp.blogspot.com\/-tZj8KWWxRkg\/ViBfXwFTOMI\/AAAAAAAAG4c\/5ESesNeAZ9Y\/s1600\/utt1.jpg\" style=\"clear: left;float: left;margin-bottom: 1em;margin-right: 1em\"><img loading=\"lazy\" decoding=\"async\" border=\"0\" height=\"141\" src=\"http:\/\/4.bp.blogspot.com\/-tZj8KWWxRkg\/ViBfXwFTOMI\/AAAAAAAAG4c\/5ESesNeAZ9Y\/s200\/utt1.jpg\" width=\"200\" \/><\/a><\/div>\n","protected":false},"excerpt":{"rendered":"<p>PRODUCCI\u00d3N POPULAR<\/p>\n","protected":false},"author":4,"featured_media":0,"comment_status":"open","ping_status":"open","sticky":false,"template":"","format":"standard","meta":{"_monsterinsights_skip_tracking":false,"_monsterinsights_sitenote_active":false,"_monsterinsights_sitenote_note":"","_monsterinsights_sitenote_category":0,"jnews-multi-image_gallery":[],"jnews_single_post":[],"jnews_primary_category":[],"_joinchat":[],"footnotes":""},"categories":[1],"tags":[],"class_list":["post-1682","post","type-post","status-publish","format-standard","hentry","category-habitat"],"_links":{"self":[{"href":"http:\/\/fmriachuelo.it10.com.ar\/index.php\/wp-json\/wp\/v2\/posts\/1682","targetHints":{"allow":["GET"]}}],"collection":[{"href":"http:\/\/fmriachuelo.it10.com.ar\/index.php\/wp-json\/wp\/v2\/posts"}],"about":[{"href":"http:\/\/fmriachuelo.it10.com.ar\/index.php\/wp-json\/wp\/v2\/types\/post"}],"author":[{"embeddable":true,"href":"http:\/\/fmriachuelo.it10.com.ar\/index.php\/wp-json\/wp\/v2\/users\/4"}],"replies":[{"embeddable":true,"href":"http:\/\/fmriachuelo.it10.com.ar\/index.php\/wp-json\/wp\/v2\/comments?post=1682"}],"version-history":[{"count":0,"href":"http:\/\/fmriachuelo.it10.com.ar\/index.php\/wp-json\/wp\/v2\/posts\/1682\/revisions"}],"wp:attachment":[{"href":"http:\/\/fmriachuelo.it10.com.ar\/index.php\/wp-json\/wp\/v2\/media?parent=1682"}],"wp:term":[{"taxonomy":"category","embeddable":true,"href":"http:\/\/fmriachuelo.it10.com.ar\/index.php\/wp-json\/wp\/v2\/categories?post=1682"},{"taxonomy":"post_tag","embeddable":true,"href":"http:\/\/fmriachuelo.it10.com.ar\/index.php\/wp-json\/wp\/v2\/tags?post=1682"}],"curies":[{"name":"wp","href":"https:\/\/api.w.org\/{rel}","templated":true}]}}