{"id":168,"date":"2015-08-05T14:31:00","date_gmt":"2015-08-05T14:31:00","guid":{"rendered":"http:\/\/fmriachuelo.observatorioess.org.ar\/index.php\/2015\/08\/05\/25-anos-del-mocase-via-campesina\/"},"modified":"2025-05-06T12:52:32","modified_gmt":"2025-05-06T15:52:32","slug":"25-anos-del-mocase-via-campesina","status":"publish","type":"post","link":"http:\/\/fmriachuelo.it10.com.ar\/index.php\/2015\/08\/05\/25-anos-del-mocase-via-campesina\/","title":{"rendered":"25 A\u00d1OS DEL MOCASE VIA CAMPESINA"},"content":{"rendered":"<p><span style=\"font-family: Verdana, sans-serif\"><span style=\"color: red;font-size: large\"><b>\u00a1FELICITACIONES!<\/b><\/span><\/span><br \/><span style=\"font-family: Verdana, sans-serif\"><b>Las celebraciones en nuestras organizaciones son muy importantes, porque ellas delimitan un tiempo hist\u00f3rico de la lucha. Lo mas importante que la fecha en si, es reconocer en esta fecha la caminada que hemos hecho, lo que aprendimos en estos tiempos, los errores y los aciertos. <\/b>25 a\u00f1os es un camino largo, pero corto por lo que a\u00fan falta seguir construyendo desde nuestros pueblos, por una Am\u00e9rica libre y soberana! a seguir en la lucha, FALTA MENOS!<\/span><\/p>\n<div><span style=\"font-family: Verdana, sans-serif;font-size: x-small\"><b>Comunicaci\u00f3n-Prensa<br \/>1132189805<br \/>1133489886<br \/>0384415408668<\/b><\/span><\/div>\n","protected":false},"excerpt":{"rendered":"<p>\u00a1FELICITACIONES!Las celebraciones en nuestras organizaciones son muy importantes, porque ellas delimitan un tiempo hist\u00f3rico de la lucha. Lo mas importante que la fecha en si, es reconocer en esta fecha la caminada que hemos hecho, lo que aprendimos en estos tiempos, los errores y los aciertos. 25 a\u00f1os es un camino largo, pero corto por [&hellip;]<\/p>\n","protected":false},"author":4,"featured_media":0,"comment_status":"open","ping_status":"open","sticky":false,"template":"","format":"standard","meta":{"_monsterinsights_skip_tracking":false,"_monsterinsights_sitenote_active":false,"_monsterinsights_sitenote_note":"","_monsterinsights_sitenote_category":0,"jnews-multi-image_gallery":[],"jnews_single_post":{"format":"standard"},"jnews_primary_category":[],"_joinchat":[],"footnotes":""},"categories":[58],"tags":[174,71],"class_list":["post-168","post","type-post","status-publish","format-standard","hentry","category-noticiariachuelo","tag-cultura-originaria","tag-de-la-tierra"],"_links":{"self":[{"href":"http:\/\/fmriachuelo.it10.com.ar\/index.php\/wp-json\/wp\/v2\/posts\/168","targetHints":{"allow":["GET"]}}],"collection":[{"href":"http:\/\/fmriachuelo.it10.com.ar\/index.php\/wp-json\/wp\/v2\/posts"}],"about":[{"href":"http:\/\/fmriachuelo.it10.com.ar\/index.php\/wp-json\/wp\/v2\/types\/post"}],"author":[{"embeddable":true,"href":"http:\/\/fmriachuelo.it10.com.ar\/index.php\/wp-json\/wp\/v2\/users\/4"}],"replies":[{"embeddable":true,"href":"http:\/\/fmriachuelo.it10.com.ar\/index.php\/wp-json\/wp\/v2\/comments?post=168"}],"version-history":[{"count":1,"href":"http:\/\/fmriachuelo.it10.com.ar\/index.php\/wp-json\/wp\/v2\/posts\/168\/revisions"}],"predecessor-version":[{"id":23873,"href":"http:\/\/fmriachuelo.it10.com.ar\/index.php\/wp-json\/wp\/v2\/posts\/168\/revisions\/23873"}],"wp:attachment":[{"href":"http:\/\/fmriachuelo.it10.com.ar\/index.php\/wp-json\/wp\/v2\/media?parent=168"}],"wp:term":[{"taxonomy":"category","embeddable":true,"href":"http:\/\/fmriachuelo.it10.com.ar\/index.php\/wp-json\/wp\/v2\/categories?post=168"},{"taxonomy":"post_tag","embeddable":true,"href":"http:\/\/fmriachuelo.it10.com.ar\/index.php\/wp-json\/wp\/v2\/tags?post=168"}],"curies":[{"name":"wp","href":"https:\/\/api.w.org\/{rel}","templated":true}]}}