{"id":1674,"date":"2015-10-19T11:55:00","date_gmt":"2015-10-19T11:55:00","guid":{"rendered":"http:\/\/fmriachuelo.observatorioess.org.ar\/index.php\/2015\/10\/19\/la-boca-resiste-y-propone-asamblea-barrial\/"},"modified":"2015-10-19T11:55:00","modified_gmt":"2015-10-19T11:55:00","slug":"la-boca-resiste-y-propone-asamblea-barrial","status":"publish","type":"post","link":"http:\/\/fmriachuelo.it10.com.ar\/index.php\/2015\/10\/19\/la-boca-resiste-y-propone-asamblea-barrial\/","title":{"rendered":"LA BOCA RESISTE Y PROPONE:  ASAMBLEA BARRIAL"},"content":{"rendered":"<p><span style=\"font-family: Verdana,sans-serif\"><span style=\"font-size: small\">MULTISECTORIAL<\/span><\/span><br \/><span style=\"font-family: Verdana,sans-serif\"><span style=\"color: red;font-size: large\"><b>EN DEFENSA DE NUESTROS DERECHOS<\/b><\/span><\/span><\/p>\n<div style=\"clear: both;text-align: center\"><span style=\"font-family: Verdana,sans-serif\"><a href=\"http:\/\/2.bp.blogspot.com\/-vJy5F9FO5Rw\/ViTZdhFaYMI\/AAAAAAAAG6c\/Kmt0sTSFz2k\/s1600\/la%2Bboca%2Bresiste.jpg\" style=\"clear: left;float: left;margin-bottom: 1em;margin-right: 1em\"><img loading=\"lazy\" decoding=\"async\" border=\"0\" height=\"149\" src=\"http:\/\/2.bp.blogspot.com\/-vJy5F9FO5Rw\/ViTZdhFaYMI\/AAAAAAAAG6c\/Kmt0sTSFz2k\/s200\/la%2Bboca%2Bresiste.jpg\" width=\"200\" \/><\/a><\/span><\/div>\n<div style=\"text-align: justify\"><span style=\"font-family: Verdana,sans-serif\">ASAMBLEA LA BOCA RESISTE Y PROPONE 14 DE OCTUBRE &#8211; PLAZA MATHEU.<\/span><\/div>\n<div style=\"text-align: justify\"><span style=\"font-family: Verdana,sans-serif\">Informe Marcha a Ministerio de Desarrollo porte\u00f1o x terrenos Casa Amarilla: Se coincidi\u00f3 en un balance positivo por cantidad de gente movilizada (corte de Diagonal Norte incluido) y porque la encargada del \u00e1rea Silvia Alves atendi\u00f3 a tres representantes de la Asamblea. Alves inform\u00f3 que ten\u00eda la iniciativa de Boca Jrs enviada por Corporaci\u00f3n Sur para expedirse sobre su viabilidad. Dijo que luego vuelve a Corporaci\u00f3n y all\u00ed se resuelve, pero que primero tienen que hacer un llamado a licitaci\u00f3n, y \u00e9ste, seg\u00fan Alves, pasa por la Legislatura. A fin de a\u00f1o, antes del traspaso del 10 de diciembre, la Legislatura funciona al m\u00e1ximo sacando leyes muy r\u00e1pido por las negociaciones de fin de mandato. Estar atentos.<\/span><br \/><a name='more'><\/a><\/div>\n<div style=\"text-align: justify\"><span style=\"font-family: Verdana,sans-serif\">Alves se comprometi\u00f3 a organizar una reuni\u00f3n entre LBRP y el vicepresidente de la Corporaci\u00f3n, Ignacio P\u00e9rez Rivas, que seguramente ser\u00e1 en la semana del 19 de octubre.&nbsp;<\/span><\/div>\n<div style=\"text-align: justify\"><span style=\"font-family: Verdana,sans-serif\">(Agregamos que Silvia Alvez, se comunico esta semana, para informarnos que efectivamente la reuni\u00f3n se realizara en el transcurso de esta semana, informaci\u00f3n que tendremos el d\u00eda lunes o martes).<\/span><\/div>\n<div style=\"text-align: justify\"><span style=\"font-family: Verdana,sans-serif\">INADI: Se resolvi\u00f3 por el momento, no dar curso a la denuncia.<\/span><\/div>\n<div style=\"text-align: justify\"><span style=\"font-family: Verdana,sans-serif\">ATAJO: est\u00e1n analizando la posibilidad de hacer una demanda colectiva por los terrenos.<\/span><\/div>\n<div style=\"text-align: justify\"><span style=\"font-family: Verdana,sans-serif\">Marcha por plan de vivienda: Se estableci\u00f3 una fecha estimada de marcha para diciembre . Y previamente, para el s\u00e1bado 28 de noviembre, un festival cultural en el campito de Casa Amarilla.&nbsp;<\/span><\/div>\n<div style=\"text-align: justify\"><span style=\"font-family: Verdana,sans-serif\">Ambas cosas se ir\u00e1n organizando cada lunes en las asambleas de Plaza Matheu (18 hs) que si llueven se har\u00e1n en Biblioteca popular (iberlucea 1158).&nbsp;<\/span><\/div>\n<div style=\"text-align: justify\"><span style=\"font-family: Verdana,sans-serif\">En cuanto a la marcha de diciembre, entendemos y coincidimos en que la vivienda es el primero y mas b\u00e1sico de los derechos al que tienen que acceder nuestros ni\u00f1os, para poder constituirse en todos sus roles para la vida, la idea es ir reuniendo de parte de cada organizaci\u00f3n, vecino, cooperativa, sus reivindicaciones que deber\u00e1n traer los lunes as\u00ed se empieza a armar un petitorio (se pensaron los ejes Emergencia habitacional (incendios\/desalojos), asentamiento Lamadrid, cooperativas, damnificados Casa Amarilla (preadjudicados y estafados), inquilinos.<\/span><\/div>\n<div style=\"text-align: justify\"><span style=\"font-family: Verdana,sans-serif\"><span style=\"font-size: x-small\"><b><span style=\"color: #0b5394\">LA BOCA RESISTE Y PROPONE\/PRODUCCI\u00d3N RIACHUELO <\/span><\/b><\/span><\/span><\/div>\n<p><\/p>\n","protected":false},"excerpt":{"rendered":"<p>MULTISECTORIALEN DEFENSA DE NUESTROS DERECHOS ASAMBLEA LA BOCA RESISTE Y PROPONE 14 DE OCTUBRE &#8211; PLAZA MATHEU. Informe Marcha a Ministerio de Desarrollo porte\u00f1o x terrenos Casa Amarilla: Se coincidi\u00f3 en un balance positivo por cantidad de gente movilizada (corte de Diagonal Norte incluido) y porque la encargada del \u00e1rea Silvia Alves atendi\u00f3 a tres [&hellip;]<\/p>\n","protected":false},"author":4,"featured_media":0,"comment_status":"open","ping_status":"open","sticky":false,"template":"","format":"standard","meta":{"_monsterinsights_skip_tracking":false,"_monsterinsights_sitenote_active":false,"_monsterinsights_sitenote_note":"","_monsterinsights_sitenote_category":0,"jnews-multi-image_gallery":[],"jnews_single_post":[],"jnews_primary_category":[],"_joinchat":[],"footnotes":""},"categories":[78],"tags":[],"class_list":["post-1674","post","type-post","status-publish","format-standard","hentry","category-economia-popular"],"_links":{"self":[{"href":"http:\/\/fmriachuelo.it10.com.ar\/index.php\/wp-json\/wp\/v2\/posts\/1674","targetHints":{"allow":["GET"]}}],"collection":[{"href":"http:\/\/fmriachuelo.it10.com.ar\/index.php\/wp-json\/wp\/v2\/posts"}],"about":[{"href":"http:\/\/fmriachuelo.it10.com.ar\/index.php\/wp-json\/wp\/v2\/types\/post"}],"author":[{"embeddable":true,"href":"http:\/\/fmriachuelo.it10.com.ar\/index.php\/wp-json\/wp\/v2\/users\/4"}],"replies":[{"embeddable":true,"href":"http:\/\/fmriachuelo.it10.com.ar\/index.php\/wp-json\/wp\/v2\/comments?post=1674"}],"version-history":[{"count":0,"href":"http:\/\/fmriachuelo.it10.com.ar\/index.php\/wp-json\/wp\/v2\/posts\/1674\/revisions"}],"wp:attachment":[{"href":"http:\/\/fmriachuelo.it10.com.ar\/index.php\/wp-json\/wp\/v2\/media?parent=1674"}],"wp:term":[{"taxonomy":"category","embeddable":true,"href":"http:\/\/fmriachuelo.it10.com.ar\/index.php\/wp-json\/wp\/v2\/categories?post=1674"},{"taxonomy":"post_tag","embeddable":true,"href":"http:\/\/fmriachuelo.it10.com.ar\/index.php\/wp-json\/wp\/v2\/tags?post=1674"}],"curies":[{"name":"wp","href":"https:\/\/api.w.org\/{rel}","templated":true}]}}