{"id":16739,"date":"2022-08-16T14:41:11","date_gmt":"2022-08-16T14:41:11","guid":{"rendered":"http:\/\/fmriachuelo.com.ar\/?p=16739"},"modified":"2025-03-11T13:21:09","modified_gmt":"2025-03-11T16:21:09","slug":"fiesta-de-la-ninez-en-la-boca","status":"publish","type":"post","link":"http:\/\/fmriachuelo.it10.com.ar\/index.php\/2022\/08\/16\/fiesta-de-la-ninez-en-la-boca\/","title":{"rendered":"FIESTA DE LA NI\u00d1EZ EN LA BOCA"},"content":{"rendered":"<div class=\"kvgmc6g5 cxmmr5t8 oygrvhab hcukyx3x c1et5uql ii04i59q\">\n<div dir=\"auto\"><b>[FM Riachuelo, 15\/08\/2022]<\/b><strong>\u00a0El s\u00e1bado 13 de agosto se realiz\u00f3 una celebraci\u00f3n por el D\u00eda de la Ni\u00f1ez en Su\u00e1rez 421. Desde las 14 horas hasta las 17 los ni\u00f1os y ni\u00f1as disfrutaron de juegos y sorpresas. La actividad estuvo organizada por el emprendimiento de la Cocina de Su\u00e1rez, con la ayuda y el aporte de varios vecinos y vecinas.<\/strong><\/div>\n<div dir=\"auto\"><img loading=\"lazy\" decoding=\"async\" class=\" wp-image-16741 aligncenter\" src=\"http:\/\/fmriachuelo.com.ar\/wp-content\/uploads\/2022\/08\/WhatsApp-Image-2022-08-15-at-3.33.28-PM-1-300x200.jpeg\" alt=\"\" width=\"458\" height=\"305\" srcset=\"http:\/\/fmriachuelo.it10.com.ar\/wp-content\/uploads\/2022\/08\/WhatsApp-Image-2022-08-15-at-3.33.28-PM-1-300x200.jpeg 300w, http:\/\/fmriachuelo.it10.com.ar\/wp-content\/uploads\/2022\/08\/WhatsApp-Image-2022-08-15-at-3.33.28-PM-1-1024x682.jpeg 1024w, http:\/\/fmriachuelo.it10.com.ar\/wp-content\/uploads\/2022\/08\/WhatsApp-Image-2022-08-15-at-3.33.28-PM-1-768x512.jpeg 768w, http:\/\/fmriachuelo.it10.com.ar\/wp-content\/uploads\/2022\/08\/WhatsApp-Image-2022-08-15-at-3.33.28-PM-1-750x500.jpeg 750w, http:\/\/fmriachuelo.it10.com.ar\/wp-content\/uploads\/2022\/08\/WhatsApp-Image-2022-08-15-at-3.33.28-PM-1-1140x760.jpeg 1140w, http:\/\/fmriachuelo.it10.com.ar\/wp-content\/uploads\/2022\/08\/WhatsApp-Image-2022-08-15-at-3.33.28-PM-1.jpeg 1280w\" sizes=\"auto, (max-width: 458px) 100vw, 458px\" \/><\/div>\n<\/div>\n<div class=\"cxmmr5t8 oygrvhab hcukyx3x c1et5uql o9v6fnle ii04i59q\">\n<div dir=\"auto\"><\/div>\n<div dir=\"auto\">Como todos los a\u00f1os, la cocina de Su\u00e1rez organiza una celebraci\u00f3n para los ni\u00f1os y ni\u00f1as, con juegos, mucha comida y regalos para compartir con el barrio.<\/div>\n<div dir=\"auto\">Varios vecinos realizaron aportes para el evento, por ejemplo Daniel, que trajo varias tortas y magdalenas para sortear.<\/div>\n<\/div>\n<div class=\"cxmmr5t8 oygrvhab hcukyx3x c1et5uql o9v6fnle ii04i59q\">\n<div dir=\"auto\"><\/div>\n<div dir=\"auto\">La FM Riachuelo acompa\u00f1\u00f3 esta celebraci\u00f3n y convers\u00f3 con las y los vecinos que se fueron acercando: \u00abLa verdad estamos muy contentas de que los chicos tengan su lugar, que los vecinos se copen y vengan a juntarse y divertirse. Hace bien que los chicos no est\u00e9n con el celular y disfruten jugar afuera y se conozcan\u00bb, dijo una mam\u00e1, vecina del barrio.<\/div>\n<\/div>\n<div class=\"cxmmr5t8 oygrvhab hcukyx3x c1et5uql o9v6fnle ii04i59q\">\n<div dir=\"auto\"><\/div>\n<div dir=\"auto\">Se realizaron varios sorteos, entre los cuales hab\u00edan 3 computadoras donadas por la cooperativa tecnol\u00f3gica Fray Luis Beltr\u00e1n. <em>\u00abLa verdad es que fue una fiesta muy linda. Muy rica la comida y los chicos la pasaron re bien y adem\u00e1s Jonathan se va re contento porque gan\u00f3 la compu\u00bb<\/em>, dijo la mam\u00e1 de Jonathan, uno de los ganadores del sorteo.<\/div>\n<div dir=\"auto\"><img loading=\"lazy\" decoding=\"async\" class=\" wp-image-16743 aligncenter\" src=\"http:\/\/fmriachuelo.com.ar\/wp-content\/uploads\/2022\/08\/WhatsApp-Image-2022-08-15-at-3.33.28-PM-2-300x200.jpeg\" alt=\"\" width=\"443\" height=\"295\" srcset=\"http:\/\/fmriachuelo.it10.com.ar\/wp-content\/uploads\/2022\/08\/WhatsApp-Image-2022-08-15-at-3.33.28-PM-2-300x200.jpeg 300w, http:\/\/fmriachuelo.it10.com.ar\/wp-content\/uploads\/2022\/08\/WhatsApp-Image-2022-08-15-at-3.33.28-PM-2-1024x682.jpeg 1024w, http:\/\/fmriachuelo.it10.com.ar\/wp-content\/uploads\/2022\/08\/WhatsApp-Image-2022-08-15-at-3.33.28-PM-2-768x512.jpeg 768w, http:\/\/fmriachuelo.it10.com.ar\/wp-content\/uploads\/2022\/08\/WhatsApp-Image-2022-08-15-at-3.33.28-PM-2-750x500.jpeg 750w, http:\/\/fmriachuelo.it10.com.ar\/wp-content\/uploads\/2022\/08\/WhatsApp-Image-2022-08-15-at-3.33.28-PM-2-1140x760.jpeg 1140w, http:\/\/fmriachuelo.it10.com.ar\/wp-content\/uploads\/2022\/08\/WhatsApp-Image-2022-08-15-at-3.33.28-PM-2.jpeg 1280w\" sizes=\"auto, (max-width: 443px) 100vw, 443px\" \/><\/div>\n<\/div>\n<div class=\"cxmmr5t8 oygrvhab hcukyx3x c1et5uql o9v6fnle ii04i59q\">\n<div dir=\"auto\"><\/div>\n<div dir=\"auto\">El payaso Remolacha y la payasa Remolachita hicieron una aparici\u00f3n en la fiesta con chistes y juegos. Otrxs ni\u00f1xs pintaban con cray\u00f3n y temperas en una instalaci\u00f3n l\u00fadica que arm\u00f3 Natalia Barbieri, docente y recre\u00f3loga, que aport\u00f3 en el taller de juegos para las y los hijos de los trabajadores de la FM Riachuelo .<\/div>\n<div dir=\"auto\"><img loading=\"lazy\" decoding=\"async\" class=\" wp-image-16742 aligncenter\" src=\"http:\/\/fmriachuelo.com.ar\/wp-content\/uploads\/2022\/08\/WhatsApp-Image-2022-08-15-at-3.33.26-PM-3-300x200.jpeg\" alt=\"\" width=\"461\" height=\"307\" srcset=\"http:\/\/fmriachuelo.it10.com.ar\/wp-content\/uploads\/2022\/08\/WhatsApp-Image-2022-08-15-at-3.33.26-PM-3-300x200.jpeg 300w, http:\/\/fmriachuelo.it10.com.ar\/wp-content\/uploads\/2022\/08\/WhatsApp-Image-2022-08-15-at-3.33.26-PM-3-1024x682.jpeg 1024w, http:\/\/fmriachuelo.it10.com.ar\/wp-content\/uploads\/2022\/08\/WhatsApp-Image-2022-08-15-at-3.33.26-PM-3-768x512.jpeg 768w, http:\/\/fmriachuelo.it10.com.ar\/wp-content\/uploads\/2022\/08\/WhatsApp-Image-2022-08-15-at-3.33.26-PM-3-750x500.jpeg 750w, http:\/\/fmriachuelo.it10.com.ar\/wp-content\/uploads\/2022\/08\/WhatsApp-Image-2022-08-15-at-3.33.26-PM-3-1140x760.jpeg 1140w, http:\/\/fmriachuelo.it10.com.ar\/wp-content\/uploads\/2022\/08\/WhatsApp-Image-2022-08-15-at-3.33.26-PM-3.jpeg 1280w\" sizes=\"auto, (max-width: 461px) 100vw, 461px\" \/><\/div>\n<\/div>\n<div class=\"cxmmr5t8 oygrvhab hcukyx3x c1et5uql o9v6fnle ii04i59q\">\n<div dir=\"auto\"><\/div>\n<div dir=\"auto\">Tambi\u00e9n participaron de la fiesta los chicos del programa Hip Hop de la Luchas populares, compartiendo algunos temas e improvisaciones para los ni\u00f1os y ni\u00f1as. <em>\u00abEl festejo es una caricia para el barrio. Esto tiene que seguir pasando aunque no haya fechas especiales. Lo que se dio es un ejemplo de lo que es la comunidad, que es feliz a pesar de que nos golpean mucho. Tenemos que retomar esa felicidad del pueblo y el hip hop estuvo porque forma parte de la comunidad\u00bb<\/em>, dijo Nandi integrante de Hip Hop de las Luchas populares y militante del Movimiento Popular Los Pibes.<\/div>\n<div dir=\"auto\"><img loading=\"lazy\" decoding=\"async\" class=\" wp-image-16744 aligncenter\" src=\"http:\/\/fmriachuelo.com.ar\/wp-content\/uploads\/2022\/08\/WhatsApp-Image-2022-08-15-at-3.33.29-PM-1-300x200.jpeg\" alt=\"\" width=\"506\" height=\"337\" srcset=\"http:\/\/fmriachuelo.it10.com.ar\/wp-content\/uploads\/2022\/08\/WhatsApp-Image-2022-08-15-at-3.33.29-PM-1-300x200.jpeg 300w, http:\/\/fmriachuelo.it10.com.ar\/wp-content\/uploads\/2022\/08\/WhatsApp-Image-2022-08-15-at-3.33.29-PM-1-1024x682.jpeg 1024w, http:\/\/fmriachuelo.it10.com.ar\/wp-content\/uploads\/2022\/08\/WhatsApp-Image-2022-08-15-at-3.33.29-PM-1-768x512.jpeg 768w, http:\/\/fmriachuelo.it10.com.ar\/wp-content\/uploads\/2022\/08\/WhatsApp-Image-2022-08-15-at-3.33.29-PM-1-750x500.jpeg 750w, http:\/\/fmriachuelo.it10.com.ar\/wp-content\/uploads\/2022\/08\/WhatsApp-Image-2022-08-15-at-3.33.29-PM-1-1140x760.jpeg 1140w, http:\/\/fmriachuelo.it10.com.ar\/wp-content\/uploads\/2022\/08\/WhatsApp-Image-2022-08-15-at-3.33.29-PM-1.jpeg 1280w\" sizes=\"auto, (max-width: 506px) 100vw, 506px\" \/><\/div>\n<\/div>\n<div class=\"cxmmr5t8 oygrvhab hcukyx3x c1et5uql o9v6fnle ii04i59q\">\n<div dir=\"auto\"><\/div>\n<div dir=\"auto\">Para cerrar el festejo toc\u00f3 para el barrio el grupo de cumbia El Refr\u00e1n, que tambi\u00e9n participa del cronograma de la FM Riachuelo con el programa Cumbia de Barrio.<\/div>\n<\/div>\n","protected":false},"excerpt":{"rendered":"<p>[FM Riachuelo, 15\/08\/2022]\u00a0El s\u00e1bado 13 de agosto se realiz\u00f3 una celebraci\u00f3n por el D\u00eda de la Ni\u00f1ez en Su\u00e1rez 421. Desde las 14 horas hasta las 17 los ni\u00f1os y ni\u00f1as disfrutaron de juegos y sorpresas. La actividad estuvo organizada por el emprendimiento de la Cocina de Su\u00e1rez, con la ayuda y el aporte de [&hellip;]<\/p>\n","protected":false},"author":5,"featured_media":16740,"comment_status":"closed","ping_status":"closed","sticky":false,"template":"","format":"standard","meta":{"_monsterinsights_skip_tracking":false,"_monsterinsights_sitenote_active":false,"_monsterinsights_sitenote_note":"","_monsterinsights_sitenote_category":0,"jnews-multi-image_gallery":[],"jnews_single_post":{"format":"standard"},"jnews_primary_category":[],"_joinchat":[],"footnotes":""},"categories":[58],"tags":[157,162],"class_list":["post-16739","post","type-post","status-publish","format-standard","has-post-thumbnail","hentry","category-noticiariachuelo","tag-nadie-se-salva-solo","tag-salud-comunitaria"],"_links":{"self":[{"href":"http:\/\/fmriachuelo.it10.com.ar\/index.php\/wp-json\/wp\/v2\/posts\/16739","targetHints":{"allow":["GET"]}}],"collection":[{"href":"http:\/\/fmriachuelo.it10.com.ar\/index.php\/wp-json\/wp\/v2\/posts"}],"about":[{"href":"http:\/\/fmriachuelo.it10.com.ar\/index.php\/wp-json\/wp\/v2\/types\/post"}],"author":[{"embeddable":true,"href":"http:\/\/fmriachuelo.it10.com.ar\/index.php\/wp-json\/wp\/v2\/users\/5"}],"replies":[{"embeddable":true,"href":"http:\/\/fmriachuelo.it10.com.ar\/index.php\/wp-json\/wp\/v2\/comments?post=16739"}],"version-history":[{"count":1,"href":"http:\/\/fmriachuelo.it10.com.ar\/index.php\/wp-json\/wp\/v2\/posts\/16739\/revisions"}],"predecessor-version":[{"id":22159,"href":"http:\/\/fmriachuelo.it10.com.ar\/index.php\/wp-json\/wp\/v2\/posts\/16739\/revisions\/22159"}],"wp:featuredmedia":[{"embeddable":true,"href":"http:\/\/fmriachuelo.it10.com.ar\/index.php\/wp-json\/wp\/v2\/media\/16740"}],"wp:attachment":[{"href":"http:\/\/fmriachuelo.it10.com.ar\/index.php\/wp-json\/wp\/v2\/media?parent=16739"}],"wp:term":[{"taxonomy":"category","embeddable":true,"href":"http:\/\/fmriachuelo.it10.com.ar\/index.php\/wp-json\/wp\/v2\/categories?post=16739"},{"taxonomy":"post_tag","embeddable":true,"href":"http:\/\/fmriachuelo.it10.com.ar\/index.php\/wp-json\/wp\/v2\/tags?post=16739"}],"curies":[{"name":"wp","href":"https:\/\/api.w.org\/{rel}","templated":true}]}}