{"id":16696,"date":"2022-08-14T15:40:05","date_gmt":"2022-08-14T15:40:05","guid":{"rendered":"http:\/\/fmriachuelo.com.ar\/?p=16696"},"modified":"2025-03-11T13:24:09","modified_gmt":"2025-03-11T16:24:09","slug":"primer-ano-del-programa-hip-hop-de-las-luchas-populares","status":"publish","type":"post","link":"http:\/\/fmriachuelo.it10.com.ar\/index.php\/2022\/08\/14\/primer-ano-del-programa-hip-hop-de-las-luchas-populares\/","title":{"rendered":"PRIMER A\u00d1O DEL PROGRAMA \u201cHIP HOP DE LAS LUCHAS POPULARES\u201d"},"content":{"rendered":"<p><b>[FM Riachuelo, 14\/08\/2022] El viernes 12 de agosto, el programa Hip Hop de las Luchas Populares, que se emite todos los viernes de 14 a 16 hs por la FM Riachuelo, realiz\u00f3 un festival de Hip Hop en la Plaza Sol\u00eds del barrio de la Boca, con artistas invitadxs y micr\u00f3fono libre a todo aquel que quiera brindar su arte al barrio. El mismo se desarroll\u00f3 porque el 10 de agosto cumplieron un a\u00f1o en el aire de la emisora y esto los empuj\u00f3 a querer festejarlo en comunidad con todo el barrio.<\/b><\/p>\n<p><img loading=\"lazy\" decoding=\"async\" class=\"size-medium wp-image-16712 alignleft\" src=\"http:\/\/fmriachuelo.com.ar\/wp-content\/uploads\/2022\/08\/ALTO-GUISO-300x169.jpeg\" alt=\"\" width=\"300\" height=\"169\" srcset=\"http:\/\/fmriachuelo.it10.com.ar\/wp-content\/uploads\/2022\/08\/ALTO-GUISO-300x169.jpeg 300w, http:\/\/fmriachuelo.it10.com.ar\/wp-content\/uploads\/2022\/08\/ALTO-GUISO-1024x576.jpeg 1024w, http:\/\/fmriachuelo.it10.com.ar\/wp-content\/uploads\/2022\/08\/ALTO-GUISO-768x432.jpeg 768w, http:\/\/fmriachuelo.it10.com.ar\/wp-content\/uploads\/2022\/08\/ALTO-GUISO-750x422.jpeg 750w, http:\/\/fmriachuelo.it10.com.ar\/wp-content\/uploads\/2022\/08\/ALTO-GUISO-1140x641.jpeg 1140w, http:\/\/fmriachuelo.it10.com.ar\/wp-content\/uploads\/2022\/08\/ALTO-GUISO.jpeg 1280w\" sizes=\"auto, (max-width: 300px) 100vw, 300px\" \/><\/p>\n<p><span style=\"font-weight: 400\">El festival, con radio abierta, comenz\u00f3 a las dos de la tarde, extendi\u00e9ndose hasta las seis aproximadamente y fue transmitido en vivo por FM Riachuelo. Durante una bella tarde de sol el barrio se llen\u00f3 de m\u00fasica que invitaba a los vecinos a acercarse en familia y disfrutar del espect\u00e1culo. Participaron lxs hiphoperos Alto Guiso, Nico RPZ, Dylan conductor del programa Fril\u00f3sofos (FMR), CGA, Juanchi, como tantxs otrxs artistas que pasaron durante este a\u00f1o por el programa. Los conductores y a la vez homenajeados Nandi, Terry, Santy, \u00c1ngel y Teo, realizaron la radio abierta y presentaron a lxs artistas y amigxs que se acercaron al lugar.<\/span><\/p>\n<p><span style=\"font-weight: 400\">Este festejo coincidi\u00f3 en horario y lugar con la <\/span><b><i>Feria de la Econom\u00eda Popular del Barrio de La Boca<\/i><\/b><span style=\"font-weight: 400\">, que re\u00fane a varios emprendedores de la zona que brindan sus producciones a precios populares a todo el barrio.<\/span><\/p>\n<p><img loading=\"lazy\" decoding=\"async\" class=\"alignnone size-medium wp-image-16713\" src=\"http:\/\/fmriachuelo.com.ar\/wp-content\/uploads\/2022\/08\/FERIA-1-300x169.jpeg\" alt=\"\" width=\"300\" height=\"169\" srcset=\"http:\/\/fmriachuelo.it10.com.ar\/wp-content\/uploads\/2022\/08\/FERIA-1-300x169.jpeg 300w, http:\/\/fmriachuelo.it10.com.ar\/wp-content\/uploads\/2022\/08\/FERIA-1-1024x576.jpeg 1024w, http:\/\/fmriachuelo.it10.com.ar\/wp-content\/uploads\/2022\/08\/FERIA-1-768x432.jpeg 768w, http:\/\/fmriachuelo.it10.com.ar\/wp-content\/uploads\/2022\/08\/FERIA-1-750x422.jpeg 750w, http:\/\/fmriachuelo.it10.com.ar\/wp-content\/uploads\/2022\/08\/FERIA-1-1140x641.jpeg 1140w, http:\/\/fmriachuelo.it10.com.ar\/wp-content\/uploads\/2022\/08\/FERIA-1.jpeg 1280w\" sizes=\"auto, (max-width: 300px) 100vw, 300px\" \/> <img loading=\"lazy\" decoding=\"async\" class=\"alignnone size-medium wp-image-16714\" src=\"http:\/\/fmriachuelo.com.ar\/wp-content\/uploads\/2022\/08\/FERIA-2-300x169.jpeg\" alt=\"\" width=\"300\" height=\"169\" srcset=\"http:\/\/fmriachuelo.it10.com.ar\/wp-content\/uploads\/2022\/08\/FERIA-2-300x169.jpeg 300w, http:\/\/fmriachuelo.it10.com.ar\/wp-content\/uploads\/2022\/08\/FERIA-2-1024x576.jpeg 1024w, http:\/\/fmriachuelo.it10.com.ar\/wp-content\/uploads\/2022\/08\/FERIA-2-768x432.jpeg 768w, http:\/\/fmriachuelo.it10.com.ar\/wp-content\/uploads\/2022\/08\/FERIA-2-750x422.jpeg 750w, http:\/\/fmriachuelo.it10.com.ar\/wp-content\/uploads\/2022\/08\/FERIA-2-1140x641.jpeg 1140w, http:\/\/fmriachuelo.it10.com.ar\/wp-content\/uploads\/2022\/08\/FERIA-2.jpeg 1280w\" sizes=\"auto, (max-width: 300px) 100vw, 300px\" \/> <img loading=\"lazy\" decoding=\"async\" class=\"alignnone size-medium wp-image-16715\" src=\"http:\/\/fmriachuelo.com.ar\/wp-content\/uploads\/2022\/08\/FERIA-3-300x169.jpeg\" alt=\"\" width=\"300\" height=\"169\" srcset=\"http:\/\/fmriachuelo.it10.com.ar\/wp-content\/uploads\/2022\/08\/FERIA-3-300x169.jpeg 300w, http:\/\/fmriachuelo.it10.com.ar\/wp-content\/uploads\/2022\/08\/FERIA-3-1024x576.jpeg 1024w, http:\/\/fmriachuelo.it10.com.ar\/wp-content\/uploads\/2022\/08\/FERIA-3-768x432.jpeg 768w, http:\/\/fmriachuelo.it10.com.ar\/wp-content\/uploads\/2022\/08\/FERIA-3-750x422.jpeg 750w, http:\/\/fmriachuelo.it10.com.ar\/wp-content\/uploads\/2022\/08\/FERIA-3-1140x641.jpeg 1140w, http:\/\/fmriachuelo.it10.com.ar\/wp-content\/uploads\/2022\/08\/FERIA-3.jpeg 1280w\" sizes=\"auto, (max-width: 300px) 100vw, 300px\" \/> <img loading=\"lazy\" decoding=\"async\" class=\"alignnone size-medium wp-image-16716\" src=\"http:\/\/fmriachuelo.com.ar\/wp-content\/uploads\/2022\/08\/FERIA-300x169.jpeg\" alt=\"\" width=\"300\" height=\"169\" srcset=\"http:\/\/fmriachuelo.it10.com.ar\/wp-content\/uploads\/2022\/08\/FERIA-300x169.jpeg 300w, http:\/\/fmriachuelo.it10.com.ar\/wp-content\/uploads\/2022\/08\/FERIA-1024x576.jpeg 1024w, http:\/\/fmriachuelo.it10.com.ar\/wp-content\/uploads\/2022\/08\/FERIA-768x432.jpeg 768w, http:\/\/fmriachuelo.it10.com.ar\/wp-content\/uploads\/2022\/08\/FERIA-750x422.jpeg 750w, http:\/\/fmriachuelo.it10.com.ar\/wp-content\/uploads\/2022\/08\/FERIA-1140x641.jpeg 1140w, http:\/\/fmriachuelo.it10.com.ar\/wp-content\/uploads\/2022\/08\/FERIA.jpeg 1280w\" sizes=\"auto, (max-width: 300px) 100vw, 300px\" \/><\/p>\n<p><span style=\"font-weight: 400\">FM Riachuelo presente en el lugar convers\u00f3 con vecinxs e integrantes de la feria. Marta Sanagua, integrante de la feria y referente del Paseo de la Econom\u00eda Popular Mart\u00edn Oso Cisneros expres\u00f3:<\/span><\/p>\n<p><i><span style=\"font-weight: 400\">\u201cHoy est\u00e1 muy hermoso, la m\u00fasica que los chicos cantan tienen much\u00edsimo que ver con las realidades que vivimos en los barrios. Estoy muy contenta porque hay mucha juventud y es lo que necesitamos en nuestros barrios, que nuestros pibes y pibas, dentro de su cultura, la cultura urbana, comiencen desde la m\u00fasica a entender y luchar contra el neoliberalismo\u201d<\/span><\/i><\/p>\n<p><span style=\"font-weight: 400\">\u201c<\/span><i><span style=\"font-weight: 400\">Ac\u00e1 estoy festejando el primer a\u00f1os con los compa\u00f1eros del programa y estoy feliz porque no solo representan el movimiento y la lucha, sino que los pibes a trav\u00e9s de su parte art\u00edstica contienen a muchos otrxs que\u00a0 quieren alejarse de esa parte oscura, que siempre existe y los acecha en los barrios, haci\u00e9ndolos sentirse parte de una comunidad que los une, algo tan necesaria en estos momentos\u201d <\/span><\/i><span style=\"font-weight: 400\">relataba emocionado<\/span> <span style=\"font-weight: 400\">El\u00edas \u201cVelasqu\u00edn\u201d, integrante de la Cooperativa Tecnol\u00f3gica Fray Luis Beltr\u00e1n.<\/span><\/p>\n<p><span style=\"font-weight: 400\">Tambi\u00e9n charlamos con Marta y Alejandra, vecinas del barrio. Marta nos dijo: <\/span><i><span style=\"font-weight: 400\">\u201cMe parece muy bueno esto que hacen los pibes, ya que son los que m\u00e1s sufren estas pol\u00edticas que no tienen lugar. Que los pibxs se expresen y encuentren un lugar de pertenencia para tener proyectos para el futuro y pelear por lo que son sus derechos e intentar transformar esta sociedad injusta est\u00e1 muy bueno\u201d, Alejandra agreg\u00f3: \u201cLas letras de las canciones de los pibes reflejan lo que tienen atragantado y quieren gritarlo, es hermoso\u201d.<\/span><\/i><\/p>\n<p><img loading=\"lazy\" decoding=\"async\" class=\"size-medium wp-image-16711 aligncenter\" src=\"http:\/\/fmriachuelo.com.ar\/wp-content\/uploads\/2022\/08\/ARTISTAS-300x169.jpeg\" alt=\"\" width=\"300\" height=\"169\" srcset=\"http:\/\/fmriachuelo.it10.com.ar\/wp-content\/uploads\/2022\/08\/ARTISTAS-300x169.jpeg 300w, http:\/\/fmriachuelo.it10.com.ar\/wp-content\/uploads\/2022\/08\/ARTISTAS-1024x576.jpeg 1024w, http:\/\/fmriachuelo.it10.com.ar\/wp-content\/uploads\/2022\/08\/ARTISTAS-768x432.jpeg 768w, http:\/\/fmriachuelo.it10.com.ar\/wp-content\/uploads\/2022\/08\/ARTISTAS-750x422.jpeg 750w, http:\/\/fmriachuelo.it10.com.ar\/wp-content\/uploads\/2022\/08\/ARTISTAS-1140x641.jpeg 1140w, http:\/\/fmriachuelo.it10.com.ar\/wp-content\/uploads\/2022\/08\/ARTISTAS.jpeg 1280w\" sizes=\"auto, (max-width: 300px) 100vw, 300px\" \/><\/p>\n<p><span style=\"font-weight: 400\">El festival culmin\u00f3 con sorteos y compartiendo una rica torta luego de cantar el merecido \u201ccumplea\u00f1os feliz\u201d.<\/span><\/p>\n<p><a href=\"https:\/\/ar.radiocut.fm\/audiocut\/primer-ano-como-programa-hip-hop-luchas-populares\/\">ESCUCHA ACA EL FESTIVAL COMPLETO<\/a><\/p>\n<p>&nbsp;<\/p>\n<p>&nbsp;<\/p>\n","protected":false},"excerpt":{"rendered":"<p>[FM Riachuelo, 14\/08\/2022] El viernes 12 de agosto, el programa Hip Hop de las Luchas Populares, que se emite todos los viernes de 14 a 16 hs por la FM Riachuelo, realiz\u00f3 un festival de Hip Hop en la Plaza Sol\u00eds del barrio de la Boca, con artistas invitadxs y micr\u00f3fono libre a todo aquel [&hellip;]<\/p>\n","protected":false},"author":5,"featured_media":16710,"comment_status":"closed","ping_status":"closed","sticky":false,"template":"","format":"standard","meta":{"_monsterinsights_skip_tracking":false,"_monsterinsights_sitenote_active":false,"_monsterinsights_sitenote_note":"","_monsterinsights_sitenote_category":0,"jnews-multi-image_gallery":[],"jnews_single_post":{"format":"standard"},"jnews_primary_category":[],"_joinchat":[],"footnotes":""},"categories":[58],"tags":[66,154],"class_list":["post-16696","post","type-post","status-publish","format-standard","has-post-thumbnail","hentry","category-noticiariachuelo","tag-cultura-popular","tag-economia-popular-2"],"_links":{"self":[{"href":"http:\/\/fmriachuelo.it10.com.ar\/index.php\/wp-json\/wp\/v2\/posts\/16696","targetHints":{"allow":["GET"]}}],"collection":[{"href":"http:\/\/fmriachuelo.it10.com.ar\/index.php\/wp-json\/wp\/v2\/posts"}],"about":[{"href":"http:\/\/fmriachuelo.it10.com.ar\/index.php\/wp-json\/wp\/v2\/types\/post"}],"author":[{"embeddable":true,"href":"http:\/\/fmriachuelo.it10.com.ar\/index.php\/wp-json\/wp\/v2\/users\/5"}],"replies":[{"embeddable":true,"href":"http:\/\/fmriachuelo.it10.com.ar\/index.php\/wp-json\/wp\/v2\/comments?post=16696"}],"version-history":[{"count":1,"href":"http:\/\/fmriachuelo.it10.com.ar\/index.php\/wp-json\/wp\/v2\/posts\/16696\/revisions"}],"predecessor-version":[{"id":22163,"href":"http:\/\/fmriachuelo.it10.com.ar\/index.php\/wp-json\/wp\/v2\/posts\/16696\/revisions\/22163"}],"wp:featuredmedia":[{"embeddable":true,"href":"http:\/\/fmriachuelo.it10.com.ar\/index.php\/wp-json\/wp\/v2\/media\/16710"}],"wp:attachment":[{"href":"http:\/\/fmriachuelo.it10.com.ar\/index.php\/wp-json\/wp\/v2\/media?parent=16696"}],"wp:term":[{"taxonomy":"category","embeddable":true,"href":"http:\/\/fmriachuelo.it10.com.ar\/index.php\/wp-json\/wp\/v2\/categories?post=16696"},{"taxonomy":"post_tag","embeddable":true,"href":"http:\/\/fmriachuelo.it10.com.ar\/index.php\/wp-json\/wp\/v2\/tags?post=16696"}],"curies":[{"name":"wp","href":"https:\/\/api.w.org\/{rel}","templated":true}]}}