{"id":16661,"date":"2022-08-14T15:31:38","date_gmt":"2022-08-14T15:31:38","guid":{"rendered":"http:\/\/fmriachuelo.com.ar\/?p=16661"},"modified":"2025-03-11T13:25:26","modified_gmt":"2025-03-11T16:25:26","slug":"mesa-de-debate-san-cayetano-la-unidad-de-un-pueblo-organizado-que-sigue-luchando","status":"publish","type":"post","link":"http:\/\/fmriachuelo.it10.com.ar\/index.php\/2022\/08\/14\/mesa-de-debate-san-cayetano-la-unidad-de-un-pueblo-organizado-que-sigue-luchando\/","title":{"rendered":"MESA DE DEBATE: SAN CAYETANO, LA UNIDAD DE UN PUEBLO ORGANIZADO QUE SIGUE LUCHANDO"},"content":{"rendered":"<p><b>[FM Riachuelo, 14\/08\/2022] En los d\u00edas posteriores a lo que fue la masiva movilizaci\u00f3n de la UTEP por Paz, Pan, Tierra, Techo y Trabajo en el marco del d\u00eda de San Cayetano, nos tomamos el tiempo de reflexionar sobre la actualidad de las Organizaciones Sociales y sus trabajadorxs de la Econom\u00eda Popular, la embestida del poder contra los Movimientos, la unidad en el camino de la fe y la lucha. En el \u00faltimo programa de Cazadoras de Zonceras compartimos una Mesa de debate e intercambio, en el estudio de la FM Riachuelo, con Marta Ferraro, referenta de Agrupaci\u00f3n De Frente y MG 19 y 20 UTEP; Lucas Pedr\u00f3, secretario de cultos de la UTEP y referente de Misioneros de Francisco y Lito Borello, secretario de DDHH de la UTEP y coordinador nacional del Movimiento Popular Los Pibes. All\u00ed tambi\u00e9n debatimos acerca del proyecto de patria que venimos generando desde los Movimientos Populares y su rol en el de la Patria Grande.<\/b><\/p>\n<p>&nbsp;<\/p>\n<p>En este contexto de embestida judicial y medi\u00e1tica contra los Movimientos Populares y a ra\u00edz de los intentos de allanamientos a la Agrupaci\u00f3n De Frente en M\u00e1ximo Paz, Marta Ferraro expres\u00f3:<i> \u00abEl embiste partidario lo hemos tenido desde que existimos por la forma de construcci\u00f3n que tenemos. Es obvio que el poder pol\u00edtico partidario no nos quiere, lo que no nos hab\u00eda pasado nunca es la intervenci\u00f3n del poder judicial. La respuesta fue muy r\u00e1pida, de la UTEP y un mont\u00f3n de organizaciones se solidarizaron con nosotros, y lo que se gener\u00f3, a pesar de que lo construimos todos los d\u00edas, fue un escudo para adentro. La respuesta de los compa\u00f1eros frente a la posibilidad de que sea atacado el espacio fue impresionante. (&#8230;) Para nosotros m\u00e1s que hacernos flaquear nos fortaleci\u00f3 de una forma impresionante, como organizaci\u00f3n y como organizaci\u00f3n dentro de la UTEP.\u00bb<\/i><\/p>\n<p>Luego de lo que fue una movilizaci\u00f3n de alrededor de 500 mil personas este domingo 7 de agosto, la charla se torn\u00f3 hacia la capacidad transformadora de los trabajadores organizados de la Econom\u00eda Popular, que en un contexto de m\u00e1xima confusi\u00f3n medi\u00e1tica y pol\u00edtica, llevamos adelante un proyecto de patria en la que haya Paz, Pan, Tierra, Techo y Trabajo para todos. <i>\u201cNo se puede construir una sociedad sin los trabajadores como columna vertebral y como cabeza, y en eso la movilizaci\u00f3n del domingo, con la posibilidad de unir la espiritualidad y la lucha, vuelve a ser una foto que a los poderosos les molesta. No hay tristeza, hay celebraci\u00f3n de la lucha y de que estamos por el buen camino\u201d<\/i>, manifest\u00f3 Lito Borello.<\/p>\n<p><img loading=\"lazy\" decoding=\"async\" class=\" wp-image-16663 aligncenter\" src=\"http:\/\/fmriachuelo.com.ar\/wp-content\/uploads\/2022\/08\/sanca-300x200.jpg\" alt=\"\" width=\"375\" height=\"250\" srcset=\"http:\/\/fmriachuelo.it10.com.ar\/wp-content\/uploads\/2022\/08\/sanca-300x200.jpg 300w, http:\/\/fmriachuelo.it10.com.ar\/wp-content\/uploads\/2022\/08\/sanca-1024x683.jpg 1024w, http:\/\/fmriachuelo.it10.com.ar\/wp-content\/uploads\/2022\/08\/sanca-768x512.jpg 768w, http:\/\/fmriachuelo.it10.com.ar\/wp-content\/uploads\/2022\/08\/sanca-1536x1024.jpg 1536w, http:\/\/fmriachuelo.it10.com.ar\/wp-content\/uploads\/2022\/08\/sanca-750x500.jpg 750w, http:\/\/fmriachuelo.it10.com.ar\/wp-content\/uploads\/2022\/08\/sanca-1140x760.jpg 1140w, http:\/\/fmriachuelo.it10.com.ar\/wp-content\/uploads\/2022\/08\/sanca.jpg 2048w\" sizes=\"auto, (max-width: 375px) 100vw, 375px\" \/><\/p>\n<p>En este sentido, Lucas Pedr\u00f3 reflexion\u00f3: <i>\u201cHay una clase pol\u00edtica que est\u00e1 desorientada, muy alejada de la realidad y que se siente amenazada por los Movimientos Populares en b\u00fasqueda de una representaci\u00f3n genuina del pueblo. (&#8230;) Hoy recibimos la posta en este contexto con la UTEP, con Organizaciones Populares masivas, bien organizadas, que tenemos que empezar a construir esa representaci\u00f3n social, pol\u00edtica y econ\u00f3mica para que en alg\u00fan momento el gobierno en Argentina sea del pueblo.\u201d<\/i><\/p>\n<p>Marta Ferraro tambi\u00e9n realiz\u00f3 un balance de la movilizaci\u00f3n: <i>\u00abEl domingo a la noche ning\u00fan medio hablaba de la marcha y la verdad que el domingo fue una fiesta y todas las organizaciones est\u00e1bamos marchando juntas. Todos los referentes con todas sus diferencias e igualdades estaban en ese escenario, a eso es a lo que m\u00e1s le temen. Tenemos que construir ese sujeto pol\u00edtico partidario de los Movimientos.\u00bb<\/i><\/p>\n<p>En la l\u00ednea del an\u00e1lisis de la situaci\u00f3n actual que dispar\u00f3 el balance de San Cayetano, Lito Borello aport\u00f3 que: <i>\u201cEsta democracia ya no permite que haya democracia. No es el gobierno del pueblo, no es el modo de que realmente haya una participaci\u00f3n. Las construcciones populares tienen naturalmente una horizontalidad, una participaci\u00f3n y un protagonismo, que no es el que te ofrece el dise\u00f1o de la pol\u00edtica hegem\u00f3nica\u201d<\/i>, y tambi\u00e9n expuso:<i> \u00abTiene que haber una geometr\u00eda de la pol\u00edtica donde no sean los mejores solamente los que lleguen, sino la organizaci\u00f3n popular. Un protagonismo de la organizaci\u00f3n del colectivo porque ah\u00ed es donde mejor somos, donde somos entre todos. Hay que encontrar una geometr\u00eda que no vaya a la individualidad, sino a esa inteligencia colectiva que va construyendo respuestas a cada desaf\u00edo que se nos pone por delante.\u201d<\/i><\/p>\n<p><i>\u00abSi vos trabajaste toda tu vida, sab\u00e9s lo que es estar en el barrio, sab\u00e9s los problemas que tiene y si te toca gobernar vas a gobernar para los trabajadores. Si vos fuiste el hijo de un pol\u00edtico, nunca armaste un curr\u00edculum ni saliste a buscar laburo y sos diputado, hermano no ten\u00e9s ni la menor idea de lo que nos pasa a los trabajadores y las trabajadoras. La fehaciente prueba de que con solo el relato no alcanza son los Movimientos Populares\u00bb<\/i>, sostuvo Lucas Pedr\u00f3 sobre la crisis de representatividad que atravesamos, que anima a pensar en colectivo en las nuevas formas de construcci\u00f3n que vienen gestando los Movimientos Populares.<\/p>\n<p><i>\u00abTenemos que poder construir una ingenier\u00eda de las Organizaciones Populares que, sin perder la vitalidad y la generosidad demostrada en la pandemia, sea la que dise\u00f1e la pol\u00edtica, no solo para recuperar los derechos\u00bb<\/i>, aport\u00f3 Borello en este sentido, y afirm\u00f3 que: <i>\u00abSi no hay construcci\u00f3n de comunidad, no hay producci\u00f3n que valga la pena. La primer producci\u00f3n son los hombres y mujeres de una sociedad en la que podamos construir ese otro mundo posible.\u00bb<\/i><\/p>\n<p><i>\u00abHay que seguir resistiendo y construyendo procesos de alternativa mientras lo otro no termina de morir. Es en el huevo de la serpiente que le construimos la alternativa. Despu\u00e9s hay que hacer un aprendizaje autocr\u00edtico en el que hay que aprender a defender las conquistas, porque as\u00ed como las logramos las podemos perder si no las defendemos\u00bb<\/i>, sostuvo.<\/p>\n<p><img loading=\"lazy\" decoding=\"async\" class=\" wp-image-16664 alignright\" src=\"http:\/\/fmriachuelo.com.ar\/wp-content\/uploads\/2022\/08\/sanca-virgen-300x200.jpg\" alt=\"\" width=\"360\" height=\"240\" srcset=\"http:\/\/fmriachuelo.it10.com.ar\/wp-content\/uploads\/2022\/08\/sanca-virgen-300x200.jpg 300w, http:\/\/fmriachuelo.it10.com.ar\/wp-content\/uploads\/2022\/08\/sanca-virgen-1024x683.jpg 1024w, http:\/\/fmriachuelo.it10.com.ar\/wp-content\/uploads\/2022\/08\/sanca-virgen-768x512.jpg 768w, http:\/\/fmriachuelo.it10.com.ar\/wp-content\/uploads\/2022\/08\/sanca-virgen-1536x1024.jpg 1536w, http:\/\/fmriachuelo.it10.com.ar\/wp-content\/uploads\/2022\/08\/sanca-virgen-750x500.jpg 750w, http:\/\/fmriachuelo.it10.com.ar\/wp-content\/uploads\/2022\/08\/sanca-virgen-1140x760.jpg 1140w, http:\/\/fmriachuelo.it10.com.ar\/wp-content\/uploads\/2022\/08\/sanca-virgen.jpg 2048w\" sizes=\"auto, (max-width: 360px) 100vw, 360px\" \/><\/p>\n<p>San Cayetano es un momento en el que se reafirma que la fe y la lucha no son cosas separadas, donde los trabajadores organizados las juntamos y exponemos un proyecto de pa\u00eds justo, libre y soberano. Por esta raz\u00f3n, en la mesa de debate tambi\u00e9n se habl\u00f3 de la espiritualidad como una parte fundamental de la lucha. En esta l\u00ednea, Pedr\u00f3 expres\u00f3: <i>\u00abLos luchadores y las luchadoras tenemos un sentido de trascendencia, de que estamos en este mundo para transformar algo, y que cuando nos vayamos de este mundo nuestras acciones van a quedar y la construcci\u00f3n va a permanecer. Otros y otras tomar\u00e1n esa posta y la llevar\u00e1n a la victoria. La revoluci\u00f3n no es una cosa de un mes o de un d\u00eda, es un proceso y es una tarea intergeneracional. (&#8230;) Romper ese sentido trascendental propio, romper la conexi\u00f3n con la naturaleza y romper la conexi\u00f3n con la comunidad nos lleva al individualismo, y el individualismo es la muerte del esp\u00edritu. Cuando culturalmente creemos eso, nos lleva a la debacle ambiental y social que el sistema intenta construir. Ah\u00ed est\u00e1 la batalla cultural, entre lo colectivo, lo espiritual y el individualismo, lo artificial, lo superficial. Es el choque de estas dos maneras de ver el mundo.\u201d<\/i><\/p>\n<p>Adem\u00e1s, en una mirada regional de la continuaci\u00f3n de esta lucha, Borello observ\u00f3: <i>\u201cEl proceso de lucha que est\u00e1 haciendo la espiritualidad en Am\u00e9rica Latina es formidable y rector. Creo que el pr\u00f3ximo 7 de agosto va a encontrar a una Am\u00e9rica Latina en un momento puntual de mucha puja pol\u00edtica, porque tambi\u00e9n se est\u00e1 caminando de una manera distinta, porque si no cada vez m\u00e1s nos env\u00edan a la muerte. Hay que empezar a pensar en una gran celebraci\u00f3n en donde vayamos llegando a alg\u00fan lugar como podamos, hay que patear el tablero, no nos pueden poner el l\u00edmite del dinero\u201d.<\/i><\/p>\n<p><i><img loading=\"lazy\" decoding=\"async\" class=\" wp-image-16665 alignleft\" src=\"http:\/\/fmriachuelo.com.ar\/wp-content\/uploads\/2022\/08\/mesa-300x225.jpg\" alt=\"\" width=\"339\" height=\"254\" srcset=\"http:\/\/fmriachuelo.it10.com.ar\/wp-content\/uploads\/2022\/08\/mesa-300x225.jpg 300w, http:\/\/fmriachuelo.it10.com.ar\/wp-content\/uploads\/2022\/08\/mesa-1024x768.jpg 1024w, http:\/\/fmriachuelo.it10.com.ar\/wp-content\/uploads\/2022\/08\/mesa-768x576.jpg 768w, http:\/\/fmriachuelo.it10.com.ar\/wp-content\/uploads\/2022\/08\/mesa-750x563.jpg 750w, http:\/\/fmriachuelo.it10.com.ar\/wp-content\/uploads\/2022\/08\/mesa.jpg 1032w\" sizes=\"auto, (max-width: 339px) 100vw, 339px\" \/><\/i><\/p>\n<p>Para finalizar, Ferraro sentenci\u00f3: <i>\u00abNo hay posibilidad de pensar en otro mundo posible si no cambiamos el paradigma de construcci\u00f3n, y claramente no se va a poder cambiar desde el capitalismo. Hay que cambiar la matriz de consumo para eso: cu\u00e1nto necesitamos para vivir y para ser felices.\u00bb\u00a0<\/i><\/p>\n<p><i>\u201cLa construcci\u00f3n es todos los d\u00edas, todos los d\u00edas ellos nos van a poner piedras en el camino y todos los d\u00edas nosotros vamos a tener que sacar esas piedras para dar otro paso\u201d.<\/i><\/p>\n<p>&nbsp;<\/p>\n<p>&nbsp;<\/p>\n<p><a href=\"https:\/\/soundcloud.com\/prensa-fm-riachuelo\/11-08-2022-mesa-de-debate-san-cayetano-la-unidad-de-un-pueblo-organizado-que-sigue-luchando?utm_source=clipboard&amp;utm_medium=text&amp;utm_campaign=social_sharing\" target=\"_blank\" rel=\"noopener\">Escuch\u00e1 la mesa de debate completa haciendo click ac\u00e1<\/a><\/p>\n","protected":false},"excerpt":{"rendered":"<p>[FM Riachuelo, 14\/08\/2022] En los d\u00edas posteriores a lo que fue la masiva movilizaci\u00f3n de la UTEP por Paz, Pan, Tierra, Techo y Trabajo en el marco del d\u00eda de San Cayetano, nos tomamos el tiempo de reflexionar sobre la actualidad de las Organizaciones Sociales y sus trabajadorxs de la Econom\u00eda Popular, la embestida del [&hellip;]<\/p>\n","protected":false},"author":5,"featured_media":16662,"comment_status":"closed","ping_status":"closed","sticky":false,"template":"","format":"standard","meta":{"_monsterinsights_skip_tracking":false,"_monsterinsights_sitenote_active":false,"_monsterinsights_sitenote_note":"","_monsterinsights_sitenote_category":0,"jnews-multi-image_gallery":[],"jnews_single_post":{"format":"standard"},"jnews_primary_category":[],"_joinchat":[],"footnotes":""},"categories":[58],"tags":[157,146,172],"class_list":["post-16661","post","type-post","status-publish","format-standard","has-post-thumbnail","hentry","category-noticiariachuelo","tag-nadie-se-salva-solo","tag-religiosidad-popular","tag-san-cayetano"],"_links":{"self":[{"href":"http:\/\/fmriachuelo.it10.com.ar\/index.php\/wp-json\/wp\/v2\/posts\/16661","targetHints":{"allow":["GET"]}}],"collection":[{"href":"http:\/\/fmriachuelo.it10.com.ar\/index.php\/wp-json\/wp\/v2\/posts"}],"about":[{"href":"http:\/\/fmriachuelo.it10.com.ar\/index.php\/wp-json\/wp\/v2\/types\/post"}],"author":[{"embeddable":true,"href":"http:\/\/fmriachuelo.it10.com.ar\/index.php\/wp-json\/wp\/v2\/users\/5"}],"replies":[{"embeddable":true,"href":"http:\/\/fmriachuelo.it10.com.ar\/index.php\/wp-json\/wp\/v2\/comments?post=16661"}],"version-history":[{"count":1,"href":"http:\/\/fmriachuelo.it10.com.ar\/index.php\/wp-json\/wp\/v2\/posts\/16661\/revisions"}],"predecessor-version":[{"id":22164,"href":"http:\/\/fmriachuelo.it10.com.ar\/index.php\/wp-json\/wp\/v2\/posts\/16661\/revisions\/22164"}],"wp:featuredmedia":[{"embeddable":true,"href":"http:\/\/fmriachuelo.it10.com.ar\/index.php\/wp-json\/wp\/v2\/media\/16662"}],"wp:attachment":[{"href":"http:\/\/fmriachuelo.it10.com.ar\/index.php\/wp-json\/wp\/v2\/media?parent=16661"}],"wp:term":[{"taxonomy":"category","embeddable":true,"href":"http:\/\/fmriachuelo.it10.com.ar\/index.php\/wp-json\/wp\/v2\/categories?post=16661"},{"taxonomy":"post_tag","embeddable":true,"href":"http:\/\/fmriachuelo.it10.com.ar\/index.php\/wp-json\/wp\/v2\/tags?post=16661"}],"curies":[{"name":"wp","href":"https:\/\/api.w.org\/{rel}","templated":true}]}}