{"id":1665,"date":"2015-10-21T07:30:00","date_gmt":"2015-10-21T07:30:00","guid":{"rendered":"http:\/\/fmriachuelo.observatorioess.org.ar\/index.php\/2015\/10\/21\/caba-suspenden-concursos-para-cargos-en-el-centro-de-salud-ameghino\/"},"modified":"2015-10-21T07:30:00","modified_gmt":"2015-10-21T07:30:00","slug":"caba-suspenden-concursos-para-cargos-en-el-centro-de-salud-ameghino","status":"publish","type":"post","link":"http:\/\/fmriachuelo.it10.com.ar\/index.php\/2015\/10\/21\/caba-suspenden-concursos-para-cargos-en-el-centro-de-salud-ameghino\/","title":{"rendered":"CABA: SUSPENDEN CONCURSOS PARA CARGOS EN EL CENTRO DE SALUD AMEGHINO"},"content":{"rendered":"<p><span style=\"font-family: Verdana, sans-serif;font-size: large\"><span style=\"color: red\"><b>SALUD EN LA CIUDAD: EN TERAPIA INTENSIVA <\/b><\/span><\/span><\/p>\n<div>\n<div dir=\"ltr\">\n<div>\n<div dir=\"ltr\">\n<div dir=\"ltr\">\n<div>\n<div dir=\"ltr\">\n<div><span style=\"font-family: arial, sans-serif\"><span style=\"background-color: white;line-height: 22.72px\">EN DEFENSA DEL CENTRO DE SALUD, BASTA DE NINGUNEOS A LOS NOMBRADOS, BECARIOS Y CONCURRENTES. EN DEFENSA DE LOS CONCURSOS SUSPENDIDOS Y LOS 8 PUESTOS QUE SE LLEV\u00d3 LA ACTUAL GESTI\u00d3N.&nbsp;<\/span><\/span><\/div>\n<div><a href=\"http:\/\/4.bp.blogspot.com\/-4DMc3P1u5Ac\/Vib5GRPXyxI\/AAAAAAAAG9s\/D_guzjMJCl4\/s1600\/ameghino.JPG\" style=\"clear: left;float: left;margin-bottom: 1em;margin-right: 1em;text-align: center\"><img loading=\"lazy\" decoding=\"async\" border=\"0\" height=\"200\" src=\"http:\/\/4.bp.blogspot.com\/-4DMc3P1u5Ac\/Vib5GRPXyxI\/AAAAAAAAG9s\/D_guzjMJCl4\/s200\/ameghino.JPG\" width=\"150\" \/><\/a><span style=\"font-family: arial, sans-serif\"><span style=\"background-color: white;line-height: 22.72px\"><b>E<\/b><\/span><\/span><span style=\"font-family: Verdana, sans-serif\">l d\u00eda viernes pasado en el Centro de Salud Mental N\u00ba 3 Arturo Ameghino fue suspendida la recepci\u00f3n de los CV, para el CONCURSO que fue llamado para cubrir 3 cargos de Psic\u00f3logos, el d\u00eda mi\u00e9rcoles 7\/10.<br \/>El motivo esgrimido por las autoridades fue que se trat\u00f3 de un ERROR ADMINISTRATIVO.<br \/>Sin embargo no se produjo el reinicio el proceso de Concursos y no hubo respuestas.<br \/>Por lo tanto, tenemos que inferir que el obst\u00e1culo es pol\u00edtico:<br \/>EL MI\u00c9RCOLES 21, A LAS 11,30 hs.  NOS REUNIREMOS en el SAL\u00d3N DE LA ASOCIACI\u00d3N<br \/>PARA DEFENDER estos CONCURSOS SUSPENDIDOS y EXIGIR QUE NOS DEVUELVAN las 8 VACANTES que SE LLEVARON (DIR. GRAL. S.M Dra. GROSSO).<br \/>COMPA\u00d1EROS:<br \/><b><span style=\"color: red\">DEFENDAMOS EL HOSPITAL.<br \/>BASTA DE NINGUNEO A LOS NOMBRADOS, A LOS BECARIOS Y CONCURRENTES.<br \/>TODOS JUNTOS EL MI\u00c9RCOLES.<br \/>BATUCADA. TRAER PERCUSI\u00d3N!<\/span><\/b><br \/><b><span style=\"font-size: x-small\">Liliana Hilario                              Elena Wainryb<br \/>Presidenta                                    Secretaria<br \/>Facebook: Arturo Ameghino Asociacion<br \/><a href=\"mailto:asocprofcsm3@gmail.com\">asocprofcsm3@gmail.com<\/a><br \/>Liliana Hilario 15 5013 0200<br \/>Elena Wainryb <br \/>ASOCIACI\u00d3N DE PROFESIONALES DEL CSMN3 DR. A. AMEGHINO<\/span><\/b><\/span><\/div>\n<div><span style=\"color: #0b5394;font-family: Verdana, sans-serif;font-size: x-small\"><b>PRODUCCI\u00d3N RIACHUELO<\/b><\/span><\/div>\n<\/div>\n<\/div>\n<\/div>\n<\/div>\n<\/div>\n<\/div>\n<\/div>\n","protected":false},"excerpt":{"rendered":"<p>SALUD EN LA CIUDAD: EN TERAPIA INTENSIVA EN DEFENSA DEL CENTRO DE SALUD, BASTA DE NINGUNEOS A LOS NOMBRADOS, BECARIOS Y CONCURRENTES. EN DEFENSA DE LOS CONCURSOS SUSPENDIDOS Y LOS 8 PUESTOS QUE SE LLEV\u00d3 LA ACTUAL GESTI\u00d3N.&nbsp; El d\u00eda viernes pasado en el Centro de Salud Mental N\u00ba 3 Arturo Ameghino fue suspendida la [&hellip;]<\/p>\n","protected":false},"author":4,"featured_media":0,"comment_status":"open","ping_status":"open","sticky":false,"template":"","format":"standard","meta":{"_monsterinsights_skip_tracking":false,"_monsterinsights_sitenote_active":false,"_monsterinsights_sitenote_note":"","_monsterinsights_sitenote_category":0,"jnews-multi-image_gallery":[],"jnews_single_post":[],"jnews_primary_category":[],"_joinchat":[],"footnotes":""},"categories":[78],"tags":[],"class_list":["post-1665","post","type-post","status-publish","format-standard","hentry","category-economia-popular"],"_links":{"self":[{"href":"http:\/\/fmriachuelo.it10.com.ar\/index.php\/wp-json\/wp\/v2\/posts\/1665","targetHints":{"allow":["GET"]}}],"collection":[{"href":"http:\/\/fmriachuelo.it10.com.ar\/index.php\/wp-json\/wp\/v2\/posts"}],"about":[{"href":"http:\/\/fmriachuelo.it10.com.ar\/index.php\/wp-json\/wp\/v2\/types\/post"}],"author":[{"embeddable":true,"href":"http:\/\/fmriachuelo.it10.com.ar\/index.php\/wp-json\/wp\/v2\/users\/4"}],"replies":[{"embeddable":true,"href":"http:\/\/fmriachuelo.it10.com.ar\/index.php\/wp-json\/wp\/v2\/comments?post=1665"}],"version-history":[{"count":0,"href":"http:\/\/fmriachuelo.it10.com.ar\/index.php\/wp-json\/wp\/v2\/posts\/1665\/revisions"}],"wp:attachment":[{"href":"http:\/\/fmriachuelo.it10.com.ar\/index.php\/wp-json\/wp\/v2\/media?parent=1665"}],"wp:term":[{"taxonomy":"category","embeddable":true,"href":"http:\/\/fmriachuelo.it10.com.ar\/index.php\/wp-json\/wp\/v2\/categories?post=1665"},{"taxonomy":"post_tag","embeddable":true,"href":"http:\/\/fmriachuelo.it10.com.ar\/index.php\/wp-json\/wp\/v2\/tags?post=1665"}],"curies":[{"name":"wp","href":"https:\/\/api.w.org\/{rel}","templated":true}]}}