{"id":16640,"date":"2022-08-12T16:59:59","date_gmt":"2022-08-12T16:59:59","guid":{"rendered":"http:\/\/fmriachuelo.com.ar\/?p=16640"},"modified":"2025-03-11T13:27:50","modified_gmt":"2025-03-11T16:27:50","slug":"la-recuperacion-de-los-valores-ancestrales-y-el-derecho-al-territorio","status":"publish","type":"post","link":"http:\/\/fmriachuelo.it10.com.ar\/index.php\/2022\/08\/12\/la-recuperacion-de-los-valores-ancestrales-y-el-derecho-al-territorio\/","title":{"rendered":"LA RECUPERACI\u00d3N DE LOS VALORES ANCESTRALES Y  EL DERECHO AL TERRITORIO."},"content":{"rendered":"<p><b>Este 9 de agosto, fue el D\u00eda Internacional de las Poblaciones Ind\u00edgenas, que tiene la finalidad de generar conciencia y promover el debate social sobre los problemas sin resolver que afectan a estas comunidades. La Organizaci\u00f3n de las Naciones Unidas (ONU) calcula que a nivel mundial unos 370 millones de personas integran comunidades originarias, y en el Censo de 2022 en la Argentina unos <\/b><b>1.790 comunidades ind\u00edgenas pertenecen a 39 pueblos en nuestro pa\u00eds<\/b><b>. En el aire de la FM Riachuelo conversamos con Miguel \u00c1ngel Cuellar, de la comunidad Ava Guaran\u00ed de Misi\u00f3n San Francisco del cruce Pichanal de la Provincia de Salta.<\/b><\/p>\n<p>&nbsp;<\/p>\n<p><span style=\"font-weight: 400\">L<\/span><span style=\"font-weight: 400\">a propia historia de vida de Miguel \u00c1ngel es la historia del saqueo y del despojo a las naciones originarias, un modelo de dominaci\u00f3n instaurado por la colonia pero que persiste silenciosamente, hasta nuestros d\u00edas:<\/span><i><span style=\"font-weight: 400\"> \u201cPareciera muy lejano cuando digo que viv\u00edamos en otro sector. Estamos hablando de hace 50 a\u00f1os, en el a\u00f1o 1970, que el imperio antes manejado por los patrones terratenientes de la provincia de Salta nos corrieron de nuestros lugares. Esto pas\u00f3 hace muy poco: no podemos ir a los libros porque tenemos todav\u00eda a las abuelas ac\u00e1 y ellas nos lo cuentan. En este \u00e9xodo que vivimos, nos sacaron de nuestro h\u00e1bitat y nuestra naturaleza, donde hace miles de a\u00f1os viv\u00edamos. En nuestro lugar donde ahora estamos viviendo, en el cruce de Pichanal, es una especie de reserva porque en este territorio no podemos practicar lo que nosotros hac\u00edamos hace miles de a\u00f1os. Ni hablar de practicar nuestra cosmovisi\u00f3n, nuestra religi\u00f3n, nuestra espiritualidad y hasta nuestro idioma Guaran\u00ed que cada vez somos menos los que lo hablamos. Una vez que nos sacaron de nuestros territorios nos trajeron a esta ciudad moderna y fuimos perdiendo nuestros valores ancestrales que nosotros llamamos \u00d1andereko\u201d<\/span><\/i><\/p>\n<p><img loading=\"lazy\" decoding=\"async\" class=\"wp-image-16643 alignright\" src=\"http:\/\/fmriachuelo.com.ar\/wp-content\/uploads\/2022\/08\/WhatsApp-Image-2022-08-09-at-4.04.34-PM-226x300.jpeg\" alt=\"\" width=\"222\" height=\"294\" srcset=\"http:\/\/fmriachuelo.it10.com.ar\/wp-content\/uploads\/2022\/08\/WhatsApp-Image-2022-08-09-at-4.04.34-PM-226x300.jpeg 226w, http:\/\/fmriachuelo.it10.com.ar\/wp-content\/uploads\/2022\/08\/WhatsApp-Image-2022-08-09-at-4.04.34-PM-770x1024.jpeg 770w, http:\/\/fmriachuelo.it10.com.ar\/wp-content\/uploads\/2022\/08\/WhatsApp-Image-2022-08-09-at-4.04.34-PM-768x1021.jpeg 768w, http:\/\/fmriachuelo.it10.com.ar\/wp-content\/uploads\/2022\/08\/WhatsApp-Image-2022-08-09-at-4.04.34-PM-750x997.jpeg 750w, http:\/\/fmriachuelo.it10.com.ar\/wp-content\/uploads\/2022\/08\/WhatsApp-Image-2022-08-09-at-4.04.34-PM.jpeg 963w\" sizes=\"auto, (max-width: 222px) 100vw, 222px\" \/><\/p>\n<p><i><span style=\"font-weight: 400\">.<\/span><\/i><\/p>\n<p><span style=\"font-weight: 400\">Pero adem\u00e1s de una situaci\u00f3n hist\u00f3rica, Miguel \u00c1ngel denuncia un presente complejo a\u00fan atravesado por la l\u00f3gica de la opresi\u00f3n y la violencia sobre los pueblos originarios, fogoneada en general por intereses econ\u00f3micos de los grandes due\u00f1os del pa\u00eds. A pesar de los rechazos de las comunidades ind\u00edgenas los grandes empresarios llamados terratenientes est\u00e1n por empezar con una <\/span><span style=\"font-weight: 400\">obra <\/span><span style=\"font-weight: 400\">que se extender\u00e1 por 26 km, desde el empalme con la ruta nacional 50 hasta el empalme con la ruta nacional 34. Los trabajos previstos incluyen la obra b\u00e1sica, obras de arte, ejecuci\u00f3n de pavimentaci\u00f3n y la construcci\u00f3n de un puente de 300 metros sobre el r\u00edo Bermejo. Las <\/span><b>comunidades ind\u00edgenas vienen denunciando<\/b><span style=\"font-weight: 400\"> durante meses que el procedimiento llevado a cabo por <\/span><b>el gobierno salte\u00f1o no respeta la existencia de las comunidades en el lugar. <\/b><span style=\"font-weight: 400\">En esa l\u00ednea, las comunidades aseguran que <\/span><b>no se cumpli\u00f3 con el derecho a la consulta previa, libre e informada, <\/b><span style=\"font-weight: 400\">y que se insiste en desconocer a las comunidades, ya que la obra pasar\u00eda por territorio ind\u00edgena.<\/span><\/p>\n<p>&nbsp;<\/p>\n<p><span style=\"font-weight: 400\">La agresi\u00f3n al territorio es tambi\u00e9n una agresi\u00f3n a la cultura originaria, a las pr\u00e1cticas y modos de vida que conectan a las comunidades con la posibilidad de lograr un buen vivir: <\/span><i><span style=\"font-weight: 400\">\u201cHemos perdido mucho de nuestra Cultura pero estamos tratando hoy en d\u00eda de recuperar lo que es nuestro, de ponerle agua a esta semilla, que nuestra cultura florezca y que el mundo conozca lo que sabemos hacer. Que sea en pos de que esta sociedad que en muchos casos\u00a0 est\u00e1 perdida por esta falta de valores, y a la que podemos aportar ya que nuestra cultura est\u00e1 justamente basada en muchos valores, respeto y mucho amor (Mborerekua, Mboroah) todos esos pilares fundamentales que tienen que ver con el respeto hacia todos los que nos rodean. Nuestras culturas se basaron en eso y queremos que en base a nuestras costumbres (\u00d1andereko) la que hemos practicado hace miles de a\u00f1os, podamos ayudar a nuestra sociedad a poder cambiar el rumbo.\u201d<\/span><\/i><\/p>\n<p><img loading=\"lazy\" decoding=\"async\" class=\"size-medium wp-image-16645 alignleft\" src=\"http:\/\/fmriachuelo.com.ar\/wp-content\/uploads\/2022\/08\/WhatsApp-Image-2022-08-09-at-4.05.00-PM-300x226.jpeg\" alt=\"\" width=\"300\" height=\"226\" srcset=\"http:\/\/fmriachuelo.it10.com.ar\/wp-content\/uploads\/2022\/08\/WhatsApp-Image-2022-08-09-at-4.05.00-PM-300x226.jpeg 300w, http:\/\/fmriachuelo.it10.com.ar\/wp-content\/uploads\/2022\/08\/WhatsApp-Image-2022-08-09-at-4.05.00-PM-1024x771.jpeg 1024w, http:\/\/fmriachuelo.it10.com.ar\/wp-content\/uploads\/2022\/08\/WhatsApp-Image-2022-08-09-at-4.05.00-PM-768x578.jpeg 768w, http:\/\/fmriachuelo.it10.com.ar\/wp-content\/uploads\/2022\/08\/WhatsApp-Image-2022-08-09-at-4.05.00-PM-1536x1156.jpeg 1536w, http:\/\/fmriachuelo.it10.com.ar\/wp-content\/uploads\/2022\/08\/WhatsApp-Image-2022-08-09-at-4.05.00-PM-750x564.jpeg 750w, http:\/\/fmriachuelo.it10.com.ar\/wp-content\/uploads\/2022\/08\/WhatsApp-Image-2022-08-09-at-4.05.00-PM-1140x858.jpeg 1140w, http:\/\/fmriachuelo.it10.com.ar\/wp-content\/uploads\/2022\/08\/WhatsApp-Image-2022-08-09-at-4.05.00-PM.jpeg 1600w\" sizes=\"auto, (max-width: 300px) 100vw, 300px\" \/><\/p>\n<p><i><span style=\"font-weight: 400\">\u201cLos cuatro pilares fundamentales de \u00d1andereko son los s\u00edmbolos de la comunidad\u00a0 Guarani, en donde los abuelos son los pilares fundamentales de la sabidur\u00eda ancestral. El Mboroau es el amor sublime, el Mborerekua es la solidaridad, el Yoparareko\u00a0 es la unidad Social y\u00a0 el Yopoep+ es la reciprocidad con todo los que nos rodea; en la cual est\u00e1 asentada nuestra cosmovisi\u00f3n\u00a0 guaran\u00ed nuestros valores nuestra espiritualidad en t\u00e9rminos generales lo denominamos \u00d1andereko Yaguata Pave Meteirami\u201d, <\/span><\/i><span style=\"font-weight: 400\">agreg\u00f3 Miguel \u00c1ngel para dar cierre a la entrevista.<\/span><\/p>\n<p>&nbsp;<\/p>\n<p><span style=\"font-weight: 400\">La lucha de las Comunidades ind\u00edgenas por los territorios, es para poder recuperar las culturas ancestrales el idioma, su religi\u00f3n y sus sabidur\u00edas.<\/span><\/p>\n<p>&nbsp;<\/p>\n<p><strong>Escucha la Entrevista Completa\u00a0<\/strong><b>ac\u00e1<\/b><\/p>\n<p>https:\/\/ar.radiocut.fm\/audiocut\/recuperacion-valores-ancestrales-y-derecho-al-territorio\/<\/p>\n","protected":false},"excerpt":{"rendered":"<p>Este 9 de agosto, fue el D\u00eda Internacional de las Poblaciones Ind\u00edgenas, que tiene la finalidad de generar conciencia y promover el debate social sobre los problemas sin resolver que afectan a estas comunidades. La Organizaci\u00f3n de las Naciones Unidas (ONU) calcula que a nivel mundial unos 370 millones de personas integran comunidades originarias, y [&hellip;]<\/p>\n","protected":false},"author":5,"featured_media":16642,"comment_status":"closed","ping_status":"closed","sticky":false,"template":"","format":"image","meta":{"_monsterinsights_skip_tracking":false,"_monsterinsights_sitenote_active":false,"_monsterinsights_sitenote_note":"","_monsterinsights_sitenote_category":0,"jnews-multi-image_gallery":[],"jnews_single_post":{"format":"image"},"jnews_primary_category":[],"_joinchat":[],"footnotes":""},"categories":[58],"tags":[174,119,147],"class_list":["post-16640","post","type-post","status-publish","format-image","has-post-thumbnail","hentry","category-noticiariachuelo","tag-cultura-originaria","tag-derechos-humanos","tag-habitat","post_format-post-format-image"],"_links":{"self":[{"href":"http:\/\/fmriachuelo.it10.com.ar\/index.php\/wp-json\/wp\/v2\/posts\/16640","targetHints":{"allow":["GET"]}}],"collection":[{"href":"http:\/\/fmriachuelo.it10.com.ar\/index.php\/wp-json\/wp\/v2\/posts"}],"about":[{"href":"http:\/\/fmriachuelo.it10.com.ar\/index.php\/wp-json\/wp\/v2\/types\/post"}],"author":[{"embeddable":true,"href":"http:\/\/fmriachuelo.it10.com.ar\/index.php\/wp-json\/wp\/v2\/users\/5"}],"replies":[{"embeddable":true,"href":"http:\/\/fmriachuelo.it10.com.ar\/index.php\/wp-json\/wp\/v2\/comments?post=16640"}],"version-history":[{"count":1,"href":"http:\/\/fmriachuelo.it10.com.ar\/index.php\/wp-json\/wp\/v2\/posts\/16640\/revisions"}],"predecessor-version":[{"id":22165,"href":"http:\/\/fmriachuelo.it10.com.ar\/index.php\/wp-json\/wp\/v2\/posts\/16640\/revisions\/22165"}],"wp:featuredmedia":[{"embeddable":true,"href":"http:\/\/fmriachuelo.it10.com.ar\/index.php\/wp-json\/wp\/v2\/media\/16642"}],"wp:attachment":[{"href":"http:\/\/fmriachuelo.it10.com.ar\/index.php\/wp-json\/wp\/v2\/media?parent=16640"}],"wp:term":[{"taxonomy":"category","embeddable":true,"href":"http:\/\/fmriachuelo.it10.com.ar\/index.php\/wp-json\/wp\/v2\/categories?post=16640"},{"taxonomy":"post_tag","embeddable":true,"href":"http:\/\/fmriachuelo.it10.com.ar\/index.php\/wp-json\/wp\/v2\/tags?post=16640"}],"curies":[{"name":"wp","href":"https:\/\/api.w.org\/{rel}","templated":true}]}}