{"id":166,"date":"2015-08-05T18:00:00","date_gmt":"2015-08-05T18:00:00","guid":{"rendered":"http:\/\/fmriachuelo.observatorioess.org.ar\/index.php\/2015\/08\/05\/amia-comienza-el-juicio-por-las-irregularidades-en-la-investigacion-del-atentado\/"},"modified":"2025-05-06T12:54:14","modified_gmt":"2025-05-06T15:54:14","slug":"amia-comienza-el-juicio-por-las-irregularidades-en-la-investigacion-del-atentado","status":"publish","type":"post","link":"http:\/\/fmriachuelo.it10.com.ar\/index.php\/2015\/08\/05\/amia-comienza-el-juicio-por-las-irregularidades-en-la-investigacion-del-atentado\/","title":{"rendered":"AMIA: COMIENZA EL JUICIO POR LAS IRREGULARIDADES EN LA INVESTIGACI\u00d3N DEL ATENTADO"},"content":{"rendered":"<div style=\"margin: 1.2pt 0cm;text-align: center\">\n<div style=\"text-align: left\"><span style=\"color: black;font-family: Verdana, sans-serif;font-size: small;font-style: normal;font-variant: normal;font-weight: normal;letter-spacing: normal;line-height: normal;text-align: justify;text-indent: 0px\"><\/span><\/div>\n<div style=\"color: black;font-family: 'Times New Roman';font-size: medium;font-style: normal;font-variant: normal;font-weight: normal;letter-spacing: normal;line-height: normal;text-align: left;text-indent: 0px\"><span style=\"font-family: Verdana, sans-serif\">AGRUPACI\u00d3N POR EL ESCLARECIMIENTO&nbsp;<\/span><span style=\"font-family: Verdana, sans-serif;text-align: justify\">DE LA MASACRE IMPUNE DE LA AMIA<\/span><\/div>\n<div style=\"text-align: left\"><span style=\"color: red;font-size: large\"><b><span lang=\"ES-AR\"><span style=\"font-family: Verdana, sans-serif\">A . P . E . M . I . A.<\/span><\/span><\/b><span style=\"font-family: Verdana, sans-serif\"><\/span><\/span><\/div>\n<\/div>\n<div style=\"text-align: justify\"><\/p>\n<div style=\"text-align: left\"><span style=\"font-family: Verdana, sans-serif;text-align: justify\">A POCAS HORAS DEL INICIO DEL NUEVO JUICIO AMIA&nbsp;<\/span><span style=\"font-family: Verdana, sans-serif;text-align: justify\">UNA CONFESI\u00d3N INESPERADA<\/span><\/div>\n<p><span style=\"font-family: Verdana, sans-serif\">El subsecretario de Pol\u00edtica Criminal del Ministerio de Justicia de la Naci\u00f3n y coordinador de la Unidad Especial de Investigaci\u00f3n del atentado a la AMIA, hizo un grav\u00edsimo reconocimiento que nadie se atrevi\u00f3 a desmentir.  <br \/>En una entrevista con el diario La Naci\u00f3n (03\/08\/2015) el Dr. Luciano Hazan sostuvo que el atentado a la AMIA es un \u00abcrimen de Estado, en el que los tres poderes se complotaron de manera organizada\u00bb.<br \/>Se trata de una confesi\u00f3n impactante a pocas horas del inicio de un nuevo juicio oral por las irregularidades cometidas durante la investigaci\u00f3n del atentado a la AMIA.<br \/> <\/span><br \/><a name='more'><\/a><span style=\"font-family: Verdana, sans-serif\">Su reconocimiento va de la mano del esfuerzo de la prensa oficial por presentar al juicio como si fuera un nuevo \u201cjuicio hist\u00f3rico\u201d o como si se tratara de juzgar \u201cel verdadero encubrimiento del atentado\u201d, tal como pretendi\u00f3 la Presidente en sus mensajes y discursos oficiales.<br \/>La verdad es bien distinta: se trata, apenas, de juzgar a Menem, Anzorreguy, Galeano, etc. por las  \u201cirregularidades\u201d cometidas contra la fallida investigaci\u00f3n judicial de los primeros a\u00f1os, y no por ser art\u00edfices y parte de un \u201ccrimen de Estado\u201d o de un complot de los tres poderes. Ni siquiera se los acusa de ser parte de un plan oficial de encubrimiento del atentado terrorista contra la AMIA bajo el amparo del Estado nacional. <br \/>El reconocimiento del Subsecretario del Ministerio es doblemente grave porque, por un lado el Estado lleva muchos a\u00f1os protegi\u00e9ndose de nuestra acusaci\u00f3n por su responsabilidad criminal en el atentado y su posterior encubrimiento; y por el otro, los acusados no estar\u00e1n sentados por este crimen de Estado ni \u00e9l los acus\u00f3 por ning\u00fan complot, pese a ser quien dirige la querella en nombre del Ministerio de Justicia.<br \/>Con sus dichos, el Dr. Hazan puso al pr\u00f3ximo juicio oral en su verdadero lugar hist\u00f3rico: se trata de un juicio muy limitado y mezquino, con el objetivo expl\u00edcito de no juzgar ni el complot de los tres poderes ni el encubrimiento criminal. Estamos en presencia, entonces, de una nueva manipulaci\u00f3n que no supera el fracaso del \u201cjuicio hist\u00f3rico\u201d anterior. Sin esclarecer ni juzgar este crimen de Estado, carece de sentido afirmar que \u201clas instituciones estar\u00e1n juzgando a las instituciones\u201d.<br \/>APEMIA s\u00ed sostiene esta acusaci\u00f3n contra el Estado y por ello fuimos reconocidos como querellantes.<br \/> Defenderemos esta acusaci\u00f3n pol\u00edtico-jur\u00eddica convencidos de que s\u00f3lo la conformaci\u00f3n de una Comisi\u00f3n Investigadora Independiente y la apertura de los archivos secretos nos permitir\u00e1 superar tantos a\u00f1os de manipulaci\u00f3n, mentiras y encubrimiento de los tres poderes.<br \/>Una Comisi\u00f3n Investigadora Independiente ayudar\u00e1 a superar el reconocido fracaso judicial para  avanzar en la investigaci\u00f3n y esclarecimiento de las responsabilidades criminales del Estado nacional, e impulsar el juicio y castigo para los culpables que tanta impunidad y dolor han provocado contra nuestro pueblo con este ataque del terrorismo de Estado en democracia.<br \/>Buenos Aires, 05 de agosto de 2015.<\/span><\/p>\n<div style=\"margin: 1.2pt 0cm\"><\/div>\n<div style=\"text-align: justify\"><span style=\"font-family: Verdana, sans-serif\"><strong>ANTE EL COMIENZO DE UN NUEVO JUICIO ORAL<\/strong><br \/>Con una demora de casi 16 a\u00f1os, el pr\u00f3ximo jueves 06 de agosto comenzar\u00e1 el juicio oral por las irregularidades cometidas durante la investigaci\u00f3n del atentado a la AMIA.<br \/>El juicio tuvo un impulso pol\u00edtico decisivo durante los \u00faltimos meses, especialmente despu\u00e9s de la muerte del fiscal Nisman y el reconocido fracaso del Memorando con Ir\u00e1n, propuesto para esclarecer las responsabilidades criminales del atentado.<br \/> Las presiones y debates p\u00fablicos tuvieron a la Presidenta de la Naci\u00f3n y al Presidente de la Corte Suprema como protagonistas. A ellos se sumaron las negociaciones, tambi\u00e9n p\u00fablicas, que los jueces de Casaci\u00f3n tuvieron con los miembros del Tribunal Oral Federal N\u00ba 2 para fijar una fecha de inicio contra reloj.<br \/>En el marco de la campa\u00f1a electoral, en los \u00faltimos d\u00edas se desarrolla una campa\u00f1a de prensa oficial que presenta al juicio oral como si fuera \u201cpor el verdadero encubrimiento del atentado\u201d.<br \/>La verdad es bien distinta: se trata, apenas, de juzgar a Menem, Anzorreguy, Galeano, etc. por las  \u201cirregularidades\u201d cometidas contra la fallida investigaci\u00f3n judicial de los primeros a\u00f1os, y no por ser art\u00edfices y parte de un plan oficial de encubrimiento del atentado terrorista contra la AMIA bajo el amparo del Estado nacional.<br \/> Por ello, para el caso de ser condenados les corresponder\u00eda una pena menor, a la altura de un delito \u201cpersonal\u201d como puede ser el abuso de autoridad, pero no el reconocimiento y condena por ser parte del plan criminal orquestado desde la c\u00fapula del Estado.<br \/>El pr\u00f3ximo juicio, entonces, tendr\u00e1 esta limitaci\u00f3n. Pero como parte de los dichos de campa\u00f1a, el vocero del Ministerio de Justicia reconoci\u00f3 que el atentado a la AMIA es, en verdad, un \u00abcrimen de Estado, en el que los tres poderes se complotaron de manera organizada\u00bb (La Naci\u00f3n 03\/08\/2015). S\u00f3lo que los acusados no lo est\u00e1n por este crimen de Estado, ni el Ministerio de Justicia los acus\u00f3 por ning\u00fan complot. Ello despu\u00e9s de 21 a\u00f1os de proteger a los acusados de cualquier cr\u00edtica como la nuestra por un plan criminal y 10 a\u00f1os despu\u00e9s de firmar el decreto 812\/2005 que reconoci\u00f3 que el Estado era el \u201cencubridor agravado\u201d.<br \/>A\u00fan con estas limitaciones, desde APEMIA nos empe\u00f1aremos como la \u00fanica querella que s\u00ed sostiene esta acusaci\u00f3n. Decimos que se trat\u00f3 de un plan de encubrimiento criminal y, por tanto, que son co-responsables del crimen mismo. Con esta opini\u00f3n fuimos reconocidos como querellantes. Y estaremos all\u00ed para defender esta acusaci\u00f3n pol\u00edtico-jur\u00eddica convencidos de que s\u00f3lo la conformaci\u00f3n de una Comisi\u00f3n Investigadora Independiente nos permitir\u00e1 superar tantos a\u00f1os de manipulaci\u00f3n, mentiras y encubrimiento de los tres poderes, avanzar en la investigaci\u00f3n y esclarecimiento de las responsabilidades criminales del Estado nacional, e impulsar el juicio y castigo para los culpables que tanto dolor e impunidad trajeron a nuestro pueblo.<br \/>Los invitamos a acompa\u00f1arnos el pr\u00f3ximo jueves 06 de agosto, a las 9:30 hs en la sala AMIA de los tribunales federales, sitos en Comodoro Py 2002. Sugerimos presentarse con anticipaci\u00f3n.<br \/><a href=\"mailto:apemia2002@yahoo.com.ar\">apemia2002@yahoo.com.ar<\/a><\/span><\/div>\n<div style=\"margin: 1.2pt 0cm\"><span style=\"color: #0b5394;font-family: Verdana, sans-serif;font-size: x-small\"><b>APEMIA\/PRODUCCI\u00d3N RIACHUELO<\/b><\/span><\/div>\n<\/div>\n","protected":false},"excerpt":{"rendered":"<p>AGRUPACI\u00d3N POR EL ESCLARECIMIENTO&nbsp;DE LA MASACRE IMPUNE DE LA AMIA A . P . E . M . I . A. A POCAS HORAS DEL INICIO DEL NUEVO JUICIO AMIA&nbsp;UNA CONFESI\u00d3N INESPERADA El subsecretario de Pol\u00edtica Criminal del Ministerio de Justicia de la Naci\u00f3n y coordinador de la Unidad Especial de Investigaci\u00f3n del atentado a [&hellip;]<\/p>\n","protected":false},"author":4,"featured_media":0,"comment_status":"open","ping_status":"open","sticky":false,"template":"","format":"standard","meta":{"_monsterinsights_skip_tracking":false,"_monsterinsights_sitenote_active":false,"_monsterinsights_sitenote_note":"","_monsterinsights_sitenote_category":0,"jnews-multi-image_gallery":[],"jnews_single_post":{"format":"standard"},"jnews_primary_category":[],"_joinchat":[],"footnotes":""},"categories":[58],"tags":[119],"class_list":["post-166","post","type-post","status-publish","format-standard","hentry","category-noticiariachuelo","tag-derechos-humanos"],"_links":{"self":[{"href":"http:\/\/fmriachuelo.it10.com.ar\/index.php\/wp-json\/wp\/v2\/posts\/166","targetHints":{"allow":["GET"]}}],"collection":[{"href":"http:\/\/fmriachuelo.it10.com.ar\/index.php\/wp-json\/wp\/v2\/posts"}],"about":[{"href":"http:\/\/fmriachuelo.it10.com.ar\/index.php\/wp-json\/wp\/v2\/types\/post"}],"author":[{"embeddable":true,"href":"http:\/\/fmriachuelo.it10.com.ar\/index.php\/wp-json\/wp\/v2\/users\/4"}],"replies":[{"embeddable":true,"href":"http:\/\/fmriachuelo.it10.com.ar\/index.php\/wp-json\/wp\/v2\/comments?post=166"}],"version-history":[{"count":1,"href":"http:\/\/fmriachuelo.it10.com.ar\/index.php\/wp-json\/wp\/v2\/posts\/166\/revisions"}],"predecessor-version":[{"id":23875,"href":"http:\/\/fmriachuelo.it10.com.ar\/index.php\/wp-json\/wp\/v2\/posts\/166\/revisions\/23875"}],"wp:attachment":[{"href":"http:\/\/fmriachuelo.it10.com.ar\/index.php\/wp-json\/wp\/v2\/media?parent=166"}],"wp:term":[{"taxonomy":"category","embeddable":true,"href":"http:\/\/fmriachuelo.it10.com.ar\/index.php\/wp-json\/wp\/v2\/categories?post=166"},{"taxonomy":"post_tag","embeddable":true,"href":"http:\/\/fmriachuelo.it10.com.ar\/index.php\/wp-json\/wp\/v2\/tags?post=166"}],"curies":[{"name":"wp","href":"https:\/\/api.w.org\/{rel}","templated":true}]}}