{"id":165,"date":"2015-08-05T23:50:00","date_gmt":"2015-08-05T23:50:00","guid":{"rendered":"http:\/\/fmriachuelo.observatorioess.org.ar\/index.php\/2015\/08\/05\/salta-reprimen-a-cartoneros-que-se-estaban-manifestando\/"},"modified":"2025-05-06T12:58:49","modified_gmt":"2025-05-06T15:58:49","slug":"salta-reprimen-a-cartoneros-que-se-estaban-manifestando","status":"publish","type":"post","link":"http:\/\/fmriachuelo.it10.com.ar\/index.php\/2015\/08\/05\/salta-reprimen-a-cartoneros-que-se-estaban-manifestando\/","title":{"rendered":"SALTA: REPRIMEN A CARTONEROS QUE SE ESTABAN MANIFESTANDO"},"content":{"rendered":"<div style=\"clear: both;text-align: left\"><span style=\"color: red;font-family: Verdana, sans-serif;font-size: large\"><strong>EN DEMANDA DE MEJORES CONDICIONES DE TRABAJO<\/strong><\/span><\/div>\n<div style=\"clear: both;text-align: left\"><span style=\"font-family: Verdana\">REPRIMEN A CARTONEROS EN UN VERTEDERO DE BASURA<\/span><\/div>\n<div style=\"clear: both;text-align: center\"><span style=\"color: red;font-family: Verdana, sans-serif;font-size: large\"><strong><\/strong><\/span><\/div>\n<p><span style=\"color: red;font-family: Verdana, sans-serif;font-size: large\"><strong><\/strong><\/span><\/p>\n<div style=\"clear: both;text-align: left\"><a href=\"http:\/\/2.bp.blogspot.com\/-Nhd3XVIo76E\/VcKg_XiSDaI\/AAAAAAAAFzg\/A3hn1ZN9sV0\/s1600\/CART.jpg\" style=\"clear: left;float: left;margin-bottom: 1em;margin-right: 1em;text-align: center\"><img loading=\"lazy\" decoding=\"async\" border=\"0\" height=\"150\" src=\"http:\/\/2.bp.blogspot.com\/-Nhd3XVIo76E\/VcKg_XiSDaI\/AAAAAAAAFzg\/A3hn1ZN9sV0\/s200\/CART.jpg\" width=\"200\" \/><\/a><span style=\"font-family: Verdana, sans-serif\">Este martes (4&nbsp;de agosto)&nbsp;cartoneros de las cooperativas \u201cCEFERINO NAMUNCURA\u201d y \u201cMAT-REC\u201d dieron inicio a un corte del acceso al Vertedero San Javier de Salta en reclamo de \u201cmejoras en las condiciones de trabajo\u201d y ante \u201clos aprietes sufridos por parte del funcionario municipal Normando Zu\u00f1iga\u201d. Durante la madrugada del mi\u00e9rcoles fueron reprimidos.<\/span><\/div>\n<p><a name='more'><\/a><span style=\"font-family: Verdana, sans-serif\">Ante la medida de fuerza de los trabajadores de la econom\u00eda popular, la primera respuesta gubernamental fue enviar a la infanter\u00eda para amenazar con reprimir. Durante el transcurso de la madrugada se desat\u00f3 una violenta represi\u00f3n con varios detenidos y heridos.<br \/>Los cartoneros denunciaron mediante un comunicado que fueron \u201cfuertemente reprimidos por infanter\u00eda, con balas de goma y much\u00edsima violencia\u201d.<br \/>Seg\u00fan explicaron desde la Federaci\u00f3n Argentina de Cartoneros y Recicladores (FACyR), que integra la Confederaci\u00f3n de Trabajadores de la Econom\u00eda Popular (CTEP), el corte se llev\u00f3 a cabo \u201cpara denunciar las graves condiciones de trabajo a las que nos vemos expuestos diariamente, no tenemos acceso a otra fuente de trabajo y queremos que se nos respete como personas y se nos reconozcan nuestros derechos como trabajadores porque este es el medio que nos hace posible comer todos los d\u00edas\u201d.<br \/>El objetivo inicial era mantener el bloqueo \u201cpor tiempo indefinido\u201d hasta que \u201csean escuchadas y resueltas\u201d sus demandas.<br \/>Por estos d\u00edas se est\u00e1 llevando a cabo la renovaci\u00f3n del convenio entre el Municipio de Salta y las cooperativas que trabajan en los vertederos de basura separando los residuos. En ese marco es que los cartoneros reclaman poder acceder al monotributo social as\u00ed como tambi\u00e9n a seguros por accidente de trabajo.<br \/>A su vez exigen a las autoridades mejores condiciones sanitarias, como que por ejemplo no se arrojen residuos patol\u00f3gicos mezclados con el resto de la basura y algunos insumos b\u00e1sicos como indumentaria, guantes, barbijos, botas, etc.<br \/>Respecto a la situaci\u00f3n del bloque en el vertedero San Javier antes de la represi\u00f3n, desde la FACyR comentaron que \u201centre las m\u00e1s de 300 personas que participamos de la medida de fuerza se encuentran presentes compa\u00f1eras con sus hijos y tambi\u00e9n gente mayor\u201d. Por eso decidieron hacer responsable \u201cal Gobierno de la provincia de Salta y sobre todo al Gobierno Municipal de lo que suceda esta noche [por la madrugada del mi\u00e9rcoles] con la integridad f\u00edsica de todos los aqu\u00ed presentes\u201d.<br \/>\u201cSiempre estamos dispuestos al di\u00e1logo, pero ante las amenazas y las malas condiciones de trabajo nos vemos obligados a luchar por nuestra fuente de trabajo. Estamos seguros que la sociedad salte\u00f1a entender\u00e1 la grave situaci\u00f3n que estamos sufriendo\u201d, concluyeron.<br \/>Sergio S\u00e1nchez, presidente de la FACyR dijo: \u201cVenimos reclamando mejoras de trabajo porque nos ven\u00edan apretando desde el municipio, pero no hab\u00eda respuesta. Ayer [por el martes] hicimos el corte para mejorar las condiciones en las que vivimos y trabajamos en el vertedero. En vez de recibir una respuesta, nos persiguen y tiran balas\u201d.<br \/>Frente a la represi\u00f3n, este mi\u00e9rcoles por la ma\u00f1ana el Movimiento de Trabajadores Excluidos (MTE-Cartoneros) junto a otras organizaciones pol\u00edticas y sociales se moviliz\u00f3 en la Ciudad de Buenos Aires hasta la casa de Salta (Diagonal Norte al 900) y ocup\u00f3 el edificio para repudiar la represi\u00f3n.<br \/><span style=\"color: #0b5394;font-size: x-small\"><b>PERIODISMO POPULAR\/PRODUCCI\u00d3N RIACHUELO<\/b><\/span><\/span><\/p>\n","protected":false},"excerpt":{"rendered":"<p>EN DEMANDA DE MEJORES CONDICIONES DE TRABAJO REPRIMEN A CARTONEROS EN UN VERTEDERO DE BASURA Este martes (4&nbsp;de agosto)&nbsp;cartoneros de las cooperativas \u201cCEFERINO NAMUNCURA\u201d y \u201cMAT-REC\u201d dieron inicio a un corte del acceso al Vertedero San Javier de Salta en reclamo de \u201cmejoras en las condiciones de trabajo\u201d y ante \u201clos aprietes sufridos por parte [&hellip;]<\/p>\n","protected":false},"author":4,"featured_media":0,"comment_status":"open","ping_status":"open","sticky":false,"template":"","format":"standard","meta":{"_monsterinsights_skip_tracking":false,"_monsterinsights_sitenote_active":false,"_monsterinsights_sitenote_note":"","_monsterinsights_sitenote_category":0,"jnews-multi-image_gallery":[],"jnews_single_post":{"format":"standard"},"jnews_primary_category":[],"_joinchat":[],"footnotes":""},"categories":[58],"tags":[64,148,89],"class_list":["post-165","post","type-post","status-publish","format-standard","hentry","category-noticiariachuelo","tag-economia-popular","tag-trabajo","tag-violencia-institucional"],"_links":{"self":[{"href":"http:\/\/fmriachuelo.it10.com.ar\/index.php\/wp-json\/wp\/v2\/posts\/165","targetHints":{"allow":["GET"]}}],"collection":[{"href":"http:\/\/fmriachuelo.it10.com.ar\/index.php\/wp-json\/wp\/v2\/posts"}],"about":[{"href":"http:\/\/fmriachuelo.it10.com.ar\/index.php\/wp-json\/wp\/v2\/types\/post"}],"author":[{"embeddable":true,"href":"http:\/\/fmriachuelo.it10.com.ar\/index.php\/wp-json\/wp\/v2\/users\/4"}],"replies":[{"embeddable":true,"href":"http:\/\/fmriachuelo.it10.com.ar\/index.php\/wp-json\/wp\/v2\/comments?post=165"}],"version-history":[{"count":1,"href":"http:\/\/fmriachuelo.it10.com.ar\/index.php\/wp-json\/wp\/v2\/posts\/165\/revisions"}],"predecessor-version":[{"id":23877,"href":"http:\/\/fmriachuelo.it10.com.ar\/index.php\/wp-json\/wp\/v2\/posts\/165\/revisions\/23877"}],"wp:attachment":[{"href":"http:\/\/fmriachuelo.it10.com.ar\/index.php\/wp-json\/wp\/v2\/media?parent=165"}],"wp:term":[{"taxonomy":"category","embeddable":true,"href":"http:\/\/fmriachuelo.it10.com.ar\/index.php\/wp-json\/wp\/v2\/categories?post=165"},{"taxonomy":"post_tag","embeddable":true,"href":"http:\/\/fmriachuelo.it10.com.ar\/index.php\/wp-json\/wp\/v2\/tags?post=165"}],"curies":[{"name":"wp","href":"https:\/\/api.w.org\/{rel}","templated":true}]}}