{"id":1646,"date":"2015-10-27T14:55:00","date_gmt":"2015-10-27T14:55:00","guid":{"rendered":"http:\/\/fmriachuelo.observatorioess.org.ar\/index.php\/2015\/10\/27\/caba-en-la-boca-el-cesac-no-9-ha-limitado-sus-prestaciones\/"},"modified":"2015-10-27T14:55:00","modified_gmt":"2015-10-27T14:55:00","slug":"caba-en-la-boca-el-cesac-no-9-ha-limitado-sus-prestaciones","status":"publish","type":"post","link":"http:\/\/fmriachuelo.it10.com.ar\/index.php\/2015\/10\/27\/caba-en-la-boca-el-cesac-no-9-ha-limitado-sus-prestaciones\/","title":{"rendered":"CABA: EN LA BOCA EL CESAC N\u00ba 9 HA LIMITADO SUS PRESTACIONES"},"content":{"rendered":"<div style=\"clear: both;text-align: center\"><a href=\"http:\/\/4.bp.blogspot.com\/-JAo4kYPZrws\/Vi-PvGpooDI\/AAAAAAAAHCU\/SNZCfwwslPs\/s1600\/centro%2Bsalud.jpg\" style=\"clear: left;float: left;margin-bottom: 1em;margin-right: 1em\"><img loading=\"lazy\" decoding=\"async\" border=\"0\" height=\"320\" src=\"http:\/\/4.bp.blogspot.com\/-JAo4kYPZrws\/Vi-PvGpooDI\/AAAAAAAAHCU\/SNZCfwwslPs\/s320\/centro%2Bsalud.jpg\" width=\"180\" \/><\/a><\/div>\n<p><span style=\"background-color: white;font-family: helvetica, arial, sans-serif;line-height: 17.5636px\"><span style=\"color: red;font-size: large\"><b>VACIAMIENTO ASISTENCIAL<\/b><\/span><\/span><br \/><span style=\"background-color: white;font-family: helvetica, arial, sans-serif;line-height: 17.5636px\"><span style=\"color: red;font-size: large\"><b><br \/><\/b><\/span><\/span><\/p>\n<div style=\"text-align: justify\"><span style=\"background-color: white;color: #141823;font-family: helvetica, arial, sans-serif;font-size: 14px;line-height: 17.5636px\">[Martina Noailles, 27\/10\/15]El Centro de Salud 9 de La Boca informa que casi no hay leche del Programa Materno Infantil y que ya no se realizar\u00e1n extracciones de sangre por reducci\u00f3n de personal. Los vecinos sabemos que adem\u00e1s hay meses de espera para turnos por ejemplo de psic\u00f3logos, m\u00e1s que necesarios en un barrio donde se multiplican los incendios, los desalojos, los pibes muertos, todos hechos traum\u00e1ticos para las familias y sus ni\u00f1os. Este es s\u00f3lo un ejemplo de la pol\u00edtica macrista en la Ciudad. Qu<\/span><span style=\"background-color: white;color: #141823;font-family: helvetica, arial, sans-serif;font-size: 14px;line-height: 17.5636px\">e esto ocurra es responsabilidad de Mauricio Macri y su equipo. El vaciamiento de dispositivos sociales, de salud y educativos en los barrios del sur porte\u00f1o, los m\u00e1s vulnerables y por eso, los que m\u00e1s los necesitan, es moneda corriente. Pero porque es cotidiano no debe ser naturalizado. Tenemos derechos, vecinos, y tenemos que seguir luchando para que no sean vulnerados por un Estado que s\u00f3lo piensa en transformar a nuestro barrio en una inmobiliaria gigante.<\/span><\/div>\n","protected":false},"excerpt":{"rendered":"<p>VACIAMIENTO ASISTENCIAL [Martina Noailles, 27\/10\/15]El Centro de Salud 9 de La Boca informa que casi no hay leche del Programa Materno Infantil y que ya no se realizar\u00e1n extracciones de sangre por reducci\u00f3n de personal. Los vecinos sabemos que adem\u00e1s hay meses de espera para turnos por ejemplo de psic\u00f3logos, m\u00e1s que necesarios en un [&hellip;]<\/p>\n","protected":false},"author":4,"featured_media":0,"comment_status":"open","ping_status":"open","sticky":false,"template":"","format":"standard","meta":{"_monsterinsights_skip_tracking":false,"_monsterinsights_sitenote_active":false,"_monsterinsights_sitenote_note":"","_monsterinsights_sitenote_category":0,"jnews-multi-image_gallery":[],"jnews_single_post":[],"jnews_primary_category":[],"_joinchat":[],"footnotes":""},"categories":[78],"tags":[],"class_list":["post-1646","post","type-post","status-publish","format-standard","hentry","category-economia-popular"],"_links":{"self":[{"href":"http:\/\/fmriachuelo.it10.com.ar\/index.php\/wp-json\/wp\/v2\/posts\/1646","targetHints":{"allow":["GET"]}}],"collection":[{"href":"http:\/\/fmriachuelo.it10.com.ar\/index.php\/wp-json\/wp\/v2\/posts"}],"about":[{"href":"http:\/\/fmriachuelo.it10.com.ar\/index.php\/wp-json\/wp\/v2\/types\/post"}],"author":[{"embeddable":true,"href":"http:\/\/fmriachuelo.it10.com.ar\/index.php\/wp-json\/wp\/v2\/users\/4"}],"replies":[{"embeddable":true,"href":"http:\/\/fmriachuelo.it10.com.ar\/index.php\/wp-json\/wp\/v2\/comments?post=1646"}],"version-history":[{"count":0,"href":"http:\/\/fmriachuelo.it10.com.ar\/index.php\/wp-json\/wp\/v2\/posts\/1646\/revisions"}],"wp:attachment":[{"href":"http:\/\/fmriachuelo.it10.com.ar\/index.php\/wp-json\/wp\/v2\/media?parent=1646"}],"wp:term":[{"taxonomy":"category","embeddable":true,"href":"http:\/\/fmriachuelo.it10.com.ar\/index.php\/wp-json\/wp\/v2\/categories?post=1646"},{"taxonomy":"post_tag","embeddable":true,"href":"http:\/\/fmriachuelo.it10.com.ar\/index.php\/wp-json\/wp\/v2\/tags?post=1646"}],"curies":[{"name":"wp","href":"https:\/\/api.w.org\/{rel}","templated":true}]}}