{"id":1643,"date":"2015-10-28T14:50:00","date_gmt":"2015-10-28T14:50:00","guid":{"rendered":"http:\/\/fmriachuelo.observatorioess.org.ar\/index.php\/2015\/10\/28\/comunicacion-popular-una-posicion-frente-a-la-segunda-vuelta-electoral\/"},"modified":"2015-10-28T14:50:00","modified_gmt":"2015-10-28T14:50:00","slug":"comunicacion-popular-una-posicion-frente-a-la-segunda-vuelta-electoral","status":"publish","type":"post","link":"http:\/\/fmriachuelo.it10.com.ar\/index.php\/2015\/10\/28\/comunicacion-popular-una-posicion-frente-a-la-segunda-vuelta-electoral\/","title":{"rendered":"COMUNICACI\u00d3N POPULAR: UNA POSICI\u00d3N FRENTE A LA SEGUNDA VUELTA ELECTORAL"},"content":{"rendered":"<p><span style=\"color: red;font-family: Verdana, sans-serif;font-size: large\"><b>RETROCEDER NUNCA, MACRI JAM\u00c1S<\/b><\/span><br \/><span style=\"color: red;font-family: Verdana, sans-serif;font-size: large\"><b><br \/><\/b><\/span><\/p>\n<div style=\"clear: both;text-align: center\"><a href=\"http:\/\/4.bp.blogspot.com\/-xzY9qiELwr8\/VjDUTOLiMkI\/AAAAAAAAHDc\/N8hnocig3GI\/s1600\/la%2Bpoderosa.jpg\" style=\"clear: left;float: left;margin-bottom: 1em;margin-right: 1em\"><img loading=\"lazy\" decoding=\"async\" border=\"0\" height=\"123\" src=\"http:\/\/4.bp.blogspot.com\/-xzY9qiELwr8\/VjDUTOLiMkI\/AAAAAAAAHDc\/N8hnocig3GI\/s320\/la%2Bpoderosa.jpg\" width=\"320\" \/><\/a><\/div>\n<p><span style=\"font-family: Verdana, sans-serif;text-align: justify\">[FMR 28\/10\/15] La Garganta Poderosa se pronunci\u00f3 con un editorial sobre el resultado de las elecciones y la proxima segunda vuelta. Un an\u00e1lisis desde las tripas.<\/span><br \/><span style=\"font-family: Verdana, sans-serif;text-align: justify\"><br \/><\/span><span style=\"font-family: Verdana, sans-serif;text-align: justify\">\u00bfY ahora? \u00bfY ahora qu\u00e9 pensamos? \u00bfY ahora qu\u00e9 decimos? Lo mismo, lo mismo que gritamos y lo mismo que sentimos todas esas veces que nos quisieron etiquetar, antes, durante y despu\u00e9s de votar: que lleg\u00f3 la hora de urbanizar, que basta de topadoras para dialogar, que no existe la teor\u00eda del derrame, que tampoco existe el SAME, que las Aerol\u00edneas son argentinas, que Barrick Gold no viole m\u00e1s minas, que la memoria no est\u00e1 tan gorda, que unos locos reprimieron a pacientes del Borda, que una inmobiliaria gobierna la Capital, que creerse una especie aria les pega mal, que estatizar tiene banca en los barrios, que no vale nacionalizar para empresarios, que Granados unifica en el espanto, que uniformados significa Monsanto,&#8230;<\/span><br \/><span style=\"font-family: Verdana, sans-serif;text-align: justify\"><br \/><\/span><\/p>\n<div style=\"text-align: justify\"><span style=\"color: #351c75;font-family: Verdana, sans-serif\"><b><a href=\"http:\/\/lapoderosa.org.ar\/?p=12401\" target=\"_blank\" rel=\"noopener\">http:\/\/lapoderosa.org.ar\/?p=12401<\/a><\/b><\/span><\/div>\n<p><span style=\"text-align: justify\"><span style=\"font-family: Verdana, sans-serif\"><br \/><\/span><\/span><\/p>\n","protected":false},"excerpt":{"rendered":"<p>RETROCEDER NUNCA, MACRI JAM\u00c1S [FMR 28\/10\/15] La Garganta Poderosa se pronunci\u00f3 con un editorial sobre el resultado de las elecciones y la proxima segunda vuelta. Un an\u00e1lisis desde las tripas.\u00bfY ahora? \u00bfY ahora qu\u00e9 pensamos? \u00bfY ahora qu\u00e9 decimos? Lo mismo, lo mismo que gritamos y lo mismo que sentimos todas esas veces que nos [&hellip;]<\/p>\n","protected":false},"author":4,"featured_media":0,"comment_status":"open","ping_status":"open","sticky":false,"template":"","format":"standard","meta":{"_monsterinsights_skip_tracking":false,"_monsterinsights_sitenote_active":false,"_monsterinsights_sitenote_note":"","_monsterinsights_sitenote_category":0,"jnews-multi-image_gallery":[],"jnews_single_post":[],"jnews_primary_category":[],"_joinchat":[],"footnotes":""},"categories":[1],"tags":[],"class_list":["post-1643","post","type-post","status-publish","format-standard","hentry","category-habitat"],"_links":{"self":[{"href":"http:\/\/fmriachuelo.it10.com.ar\/index.php\/wp-json\/wp\/v2\/posts\/1643","targetHints":{"allow":["GET"]}}],"collection":[{"href":"http:\/\/fmriachuelo.it10.com.ar\/index.php\/wp-json\/wp\/v2\/posts"}],"about":[{"href":"http:\/\/fmriachuelo.it10.com.ar\/index.php\/wp-json\/wp\/v2\/types\/post"}],"author":[{"embeddable":true,"href":"http:\/\/fmriachuelo.it10.com.ar\/index.php\/wp-json\/wp\/v2\/users\/4"}],"replies":[{"embeddable":true,"href":"http:\/\/fmriachuelo.it10.com.ar\/index.php\/wp-json\/wp\/v2\/comments?post=1643"}],"version-history":[{"count":0,"href":"http:\/\/fmriachuelo.it10.com.ar\/index.php\/wp-json\/wp\/v2\/posts\/1643\/revisions"}],"wp:attachment":[{"href":"http:\/\/fmriachuelo.it10.com.ar\/index.php\/wp-json\/wp\/v2\/media?parent=1643"}],"wp:term":[{"taxonomy":"category","embeddable":true,"href":"http:\/\/fmriachuelo.it10.com.ar\/index.php\/wp-json\/wp\/v2\/categories?post=1643"},{"taxonomy":"post_tag","embeddable":true,"href":"http:\/\/fmriachuelo.it10.com.ar\/index.php\/wp-json\/wp\/v2\/tags?post=1643"}],"curies":[{"name":"wp","href":"https:\/\/api.w.org\/{rel}","templated":true}]}}