{"id":1641,"date":"2015-10-29T07:30:00","date_gmt":"2015-10-29T07:30:00","guid":{"rendered":"http:\/\/fmriachuelo.observatorioess.org.ar\/index.php\/2015\/10\/29\/delegacion-de-asociaciones-israelitas-argentinas-daia-amenaza-contra-la-libertad-de-expresion-del-director-de-resumen-latinoamericano\/"},"modified":"2015-10-29T07:30:00","modified_gmt":"2015-10-29T07:30:00","slug":"delegacion-de-asociaciones-israelitas-argentinas-daia-amenaza-contra-la-libertad-de-expresion-del-director-de-resumen-latinoamericano","status":"publish","type":"post","link":"http:\/\/fmriachuelo.it10.com.ar\/index.php\/2015\/10\/29\/delegacion-de-asociaciones-israelitas-argentinas-daia-amenaza-contra-la-libertad-de-expresion-del-director-de-resumen-latinoamericano\/","title":{"rendered":"DELEGACI\u00d3N DE ASOCIACIONES ISRAELITAS ARGENTINAS, DAIA: AMENAZA CONTRA LA LIBERTAD DE EXPRESI\u00d3N DEL DIRECTOR DE RESUMEN LATINOAMERICANO"},"content":{"rendered":"<p><span style=\"color: red;font-family: Verdana, sans-serif;font-size: large\"><b>\u00a1SOLIDARIDAD!<\/b><\/span><\/p>\n<div style=\"text-align: justify\"><a href=\"http:\/\/1.bp.blogspot.com\/-d-uk31f5QkA\/Vi7XKmGHvWI\/AAAAAAAAHB0\/s_exNZ4JGe0\/s1600\/resumen.jpg\" style=\"clear: left;margin-bottom: 1em;margin-right: 1em;text-align: center\"><img loading=\"lazy\" decoding=\"async\" border=\"0\" height=\"36\" src=\"http:\/\/1.bp.blogspot.com\/-d-uk31f5QkA\/Vi7XKmGHvWI\/AAAAAAAAHB0\/s_exNZ4JGe0\/s320\/resumen.jpg\" width=\"320\" \/><\/a>&nbsp;<span style=\"font-family: Verdana, sans-serif\">[FMR 28\/10\/15]En el programa <span style=\"color: red\"><b>Romp\u00e9 el Cerco Informativo <\/b>(L a V a las 18 hs.)<\/span>&nbsp;realizamos una entrevista a Carlos Aznares que pod\u00e9s escuchar a continuaci\u00f3n:&nbsp;<\/span><\/div>\n<div style=\"text-align: justify\"><span style=\"font-family: Verdana, sans-serif\"><a href=\"http:\/\/www.mediafire.com\/download\/m6rhunuqqmpzqpb\/11-27-2015_-_CARLOS_AZNAREZ_%2C_RESUMEN_LATINOAMERICANO_-_DENUNCIA_PENAL_DE_LA_DAIA_POR_APOYO_A_PALESTINA.wav\" target=\"_blank\" rel=\"noopener\"><span style=\"color: #351c75\">DENUNCIA PENAL CONTRA<b> CARLOS AZNARES Y RESUMEN LATINOAMERICANO <\/b>POR EJERCER EL DERECHO A LA INFORMACI\u00d3N<\/span><\/a><\/span><\/div>\n<p><span style=\"color: red;font-family: Verdana, sans-serif;text-align: justify\"><b>Fm Riachuelo<\/b><\/span><span style=\"font-family: Verdana, sans-serif;text-align: justify\"> se solidariza con el periodista <\/span><b style=\"font-family: Verdana, sans-serif;text-align: justify\">Carlos Aznares &nbsp;y el peri\u00f3dico Resumen Latinoamericano<\/b><span style=\"font-family: Verdana, sans-serif;text-align: justify\">&nbsp;amenazados con una causa penal &nbsp;por reproducir la informaci\u00f3n sobre la causa de la injusticia que recae sobre Palestina y su pueblo. Una vez m\u00e1s el ejercicio del derecho a la informaci\u00f3n es llevado a la justicia.<\/span><br \/><span style=\"font-family: Verdana, sans-serif\"><\/span><br \/><a name='more'><\/a><span style=\"font-family: Verdana, sans-serif;text-align: justify\">Repudiamos intento de criminalizar al periodista Carlos Azn\u00e1rez y coartar su libertad de expresi\u00f3n&nbsp;<\/span><br \/><span style=\"font-family: Verdana, sans-serif\"><\/span><\/p>\n<div style=\"text-align: justify\"><span style=\"font-family: Verdana, sans-serif\"><br \/><\/span><\/div>\n<p><span style=\"font-family: Verdana, sans-serif\"><\/span><\/p>\n<div style=\"text-align: justify\"><span style=\"font-family: Verdana, sans-serif\">Los abajo firmantes alertamos sobre la apertura por parte de la Delegaci\u00f3n de Asociaciones Israelitas de Argentina (DAIA) de una causa penal contra el periodista y director de \u201cResumen Latinoamericano\u201d, Carlos Azn\u00e1rez, a quien se trata de hostigar en su derecho a informar y expresar p\u00fablicamente su solidaridad con el pueblo palestino.<\/span><\/div>\n<p><span style=\"font-family: Verdana, sans-serif\"><\/p>\n<div style=\"text-align: justify\"><\/div>\n<div style=\"text-align: justify\">El atropello adquiere m\u00e1s gravedad y significaci\u00f3n cuando en funci\u00f3n del procedimiento judicial se intenta secuestrar -a trav\u00e9s de una intimaci\u00f3n a Google-  todos los correos del periodista y del medio al que representa desde julio de 2014 hasta la fecha.  Esta medida de por s\u00ed vulnera el derecho a la privacidad y protecci\u00f3n de las fuentes de informaci\u00f3n que posee cualquier profesional de la comunicaci\u00f3n en nuestro pa\u00eds y en el mundo.<\/div>\n<div style=\"text-align: justify\"><\/div>\n<div style=\"text-align: justify\">Es por ello que REPUDIAMOS esta actitud persecutoria que embiste expl\u00edcitamente contra derechos amparados en la Constituci\u00f3n Nacional, y expresamos nuestra SOLIDARIDAD con el periodista y p\u00fablico militante de los Derechos Humanos, Carlos Azn\u00e1rez, esperando que cesen las medidas judiciales que hoy lo afectan. Deseamos tambi\u00e9n que hechos como este no se repitan contra ning\u00fan otro trabajador o trabajadora de prensa cuya funci\u00f3n inherente es informar, expresando libremente sus ideas.<\/div>\n<p><\/span>         <\/p>\n<div style=\"background: white;text-align: justify\"><\/div>\n<p><span style=\"font-family: Verdana, sans-serif;text-align: justify\"><b>La DAIA abre una causa penal contra el Director de \u00abResumen Latinoamericano\u00bb por ser solidario con el pueblo palestino<\/b><\/span><br \/><span style=\"font-family: Verdana, sans-serif\"><\/span><\/p>\n<div style=\"text-align: justify\"><span style=\"font-family: Verdana, sans-serif\">[Por Carlos Azn\u00e1rez]<\/span><\/div>\n<p><span style=\"font-family: Verdana, sans-serif\"><\/span><\/p>\n<div style=\"background: white\">\n<\/div>\n<p><span style=\"font-family: Verdana, sans-serif\"><\/span><\/p>\n<div style=\"text-align: justify\"><span style=\"font-family: Verdana, sans-serif\">Esta vez me toca escribir en primera persona ya que, como director -desde hace 22 a\u00f1os- de la plataforma comunicacional \u201cResumen Latinoamericano\u201d (peri\u00f3dico, radio y TV) me veo lamentablemente inserto en una acci\u00f3n contra el derecho a opinar, a informar y a manifestarme, que est\u00e1 expl\u00edcitamente amparado por la Constituci\u00f3n Nacional.&nbsp;<\/span><\/div>\n<p><span style=\"font-family: Verdana, sans-serif\"><\/span><\/p>\n<div style=\"text-align: justify\"><span style=\"font-family: Verdana, sans-serif\"><br \/><\/span><\/div>\n<p><span style=\"font-family: Verdana, sans-serif\"><\/span><\/p>\n<div style=\"text-align: justify\"><span style=\"font-family: Verdana, sans-serif\">\u00bfC\u00f3mo comenz\u00f3 todo? D\u00edas atr\u00e1s, recib\u00ed en mi casilla de correos un mail de la empresa Google (escrito en ingl\u00e9s) en el que me informaba que \u201cen el plazo de diez d\u00edas\u201d Google deber\u00eda facilitar el acceso a todos mis correos, en funci\u00f3n de una intimaci\u00f3n formulada por el Juzgado de Primera Instancia en lo Penal, Contravencional y de Faltas N. 28 donde est\u00e1 radicada la causa Causa N. 7271\/15.  De esta singular manera me enter\u00e9 de un incre\u00edble atropello a mi privacidad como periodista ya que se trata de los correos que habitualmente utilizo para intercambiar informaci\u00f3n con otros colegas o con diferentes medios de comunicaci\u00f3n, am\u00e9n de las l\u00f3gicas direcciones personales que cualquiera pueda tener en su casilla. Dicha intromisi\u00f3n se basa en una denuncia penal formulada por la Delegaci\u00f3n de Asociaciones Israelitas Argentinas (DAIA), que me acusa lisa y llanamente por ser solidario con el pueblo palestino.<\/span><\/div>\n<p><span style=\"font-family: Verdana, sans-serif\"><\/span><\/p>\n<div style=\"text-align: justify\"><span style=\"font-family: Verdana, sans-serif\"><br \/><\/span><\/div>\n<p><span style=\"font-family: Verdana, sans-serif\"><\/span><\/p>\n<div style=\"text-align: justify\"><span style=\"font-family: Verdana, sans-serif\">La DAIA y sus abogados,  se personaron ante la Fiscal\u00eda N\u00ba 25 para acusarme de \u201corganizaci\u00f3n y propaganda discriminatoria\u201d , blandiendo el  argumento del \u201cantisemitismo\u201d. Las razones esgrimidas para tama\u00f1o procedimiento son m\u00e1s que burdas y me ofenden como ciudadano y como  periodista.&nbsp;<\/span><\/div>\n<p><span style=\"font-family: Verdana, sans-serif\"><\/p>\n<div style=\"text-align: justify\"><\/div>\n<div style=\"text-align: justify\">La DAIA se refiere a mi participaci\u00f3n en una actividad solidaria con el pueblo palestino en agosto del a\u00f1o 2014, cuando toneladas de bombas israel\u00edes ca\u00edan sobre Gaza y provocaban miles de muertos inocentes -con un alto porcentaje de ni\u00f1os y ni\u00f1as- entre la poblaci\u00f3n de esa ciudad, as\u00ed como hoy ocurre en Cisjordania. En esa ocasi\u00f3n, como en tantas otras, debido a mi tarea profesional, ejercida tanto en el peri\u00f3dico Resumen Latinoamericano como colaborando con los canales internacionales Russian Today, Hispan TV y ALBA TV, me toc\u00f3 cubrir period\u00edsticamente las alternativas del acto y adem\u00e1s fui invitado a expresar mi opini\u00f3n sobre lo que ven\u00eda ocurriendo en Gaza.<\/div>\n<div style=\"text-align: justify\"><\/div>\n<div style=\"text-align: justify\">S\u00f3lo el hecho de estar all\u00ed presente junto a otros argentinos y argentinas, describiendo crudamente lo que estaba ocurriendo en Gaza y en todo el territorio palestino, parece resultar un delito para mis acusadores, y por ello tratan de enjuiciarme, solicitando una pena carcelaria, para de esta manera poner en marcha una abierta pe<br \/>\nrsecuci\u00f3n al derecho de informaci\u00f3n, expresi\u00f3n y opini\u00f3n.&nbsp;<\/div>\n<div style=\"text-align: justify\"><\/div>\n<div style=\"text-align: justify\">Es por todo ello, que quiero DENUNCIAR este grave atropello contra mi persona y el medio que represento, al que indudablemente se intenta discriminar y cercenar en su funci\u00f3n informativa.<\/p>\n<\/div>\n<p><\/span><\/p>\n","protected":false},"excerpt":{"rendered":"<p>\u00a1SOLIDARIDAD! &nbsp;[FMR 28\/10\/15]En el programa Romp\u00e9 el Cerco Informativo (L a V a las 18 hs.)&nbsp;realizamos una entrevista a Carlos Aznares que pod\u00e9s escuchar a continuaci\u00f3n:&nbsp; DENUNCIA PENAL CONTRA CARLOS AZNARES Y RESUMEN LATINOAMERICANO POR EJERCER EL DERECHO A LA INFORMACI\u00d3N Fm Riachuelo se solidariza con el periodista Carlos Aznares &nbsp;y el peri\u00f3dico Resumen Latinoamericano&nbsp;amenazados [&hellip;]<\/p>\n","protected":false},"author":4,"featured_media":0,"comment_status":"open","ping_status":"open","sticky":false,"template":"","format":"standard","meta":{"_monsterinsights_skip_tracking":false,"_monsterinsights_sitenote_active":false,"_monsterinsights_sitenote_note":"","_monsterinsights_sitenote_category":0,"jnews-multi-image_gallery":[],"jnews_single_post":[],"jnews_primary_category":[],"_joinchat":[],"footnotes":""},"categories":[1],"tags":[],"class_list":["post-1641","post","type-post","status-publish","format-standard","hentry","category-habitat"],"_links":{"self":[{"href":"http:\/\/fmriachuelo.it10.com.ar\/index.php\/wp-json\/wp\/v2\/posts\/1641","targetHints":{"allow":["GET"]}}],"collection":[{"href":"http:\/\/fmriachuelo.it10.com.ar\/index.php\/wp-json\/wp\/v2\/posts"}],"about":[{"href":"http:\/\/fmriachuelo.it10.com.ar\/index.php\/wp-json\/wp\/v2\/types\/post"}],"author":[{"embeddable":true,"href":"http:\/\/fmriachuelo.it10.com.ar\/index.php\/wp-json\/wp\/v2\/users\/4"}],"replies":[{"embeddable":true,"href":"http:\/\/fmriachuelo.it10.com.ar\/index.php\/wp-json\/wp\/v2\/comments?post=1641"}],"version-history":[{"count":0,"href":"http:\/\/fmriachuelo.it10.com.ar\/index.php\/wp-json\/wp\/v2\/posts\/1641\/revisions"}],"wp:attachment":[{"href":"http:\/\/fmriachuelo.it10.com.ar\/index.php\/wp-json\/wp\/v2\/media?parent=1641"}],"wp:term":[{"taxonomy":"category","embeddable":true,"href":"http:\/\/fmriachuelo.it10.com.ar\/index.php\/wp-json\/wp\/v2\/categories?post=1641"},{"taxonomy":"post_tag","embeddable":true,"href":"http:\/\/fmriachuelo.it10.com.ar\/index.php\/wp-json\/wp\/v2\/tags?post=1641"}],"curies":[{"name":"wp","href":"https:\/\/api.w.org\/{rel}","templated":true}]}}