{"id":1640,"date":"2015-10-29T21:13:00","date_gmt":"2015-10-29T21:13:00","guid":{"rendered":"http:\/\/fmriachuelo.observatorioess.org.ar\/index.php\/2015\/10\/29\/posicionamiento-politico-de-la-organizacion-social-y-politica-los-pibes\/"},"modified":"2015-10-29T21:13:00","modified_gmt":"2015-10-29T21:13:00","slug":"posicionamiento-politico-de-la-organizacion-social-y-politica-los-pibes","status":"publish","type":"post","link":"http:\/\/fmriachuelo.it10.com.ar\/index.php\/2015\/10\/29\/posicionamiento-politico-de-la-organizacion-social-y-politica-los-pibes\/","title":{"rendered":"POSICIONAMIENTO POL\u00cdTICO DE LA ORGANIZACI\u00d3N SOCIAL Y POL\u00cdTICA LOS PIBES"},"content":{"rendered":"<p><span style=\"font-family: Verdana, sans-serif;font-size: large\"><b><span style=\"color: #073763\">MISERIA = MACRI = MUERTE<\/span><\/b><\/span><br \/><span style=\"font-family: Verdana, sans-serif;font-size: large\"><b><span style=\"color: #073763\">A LOS 90&#8242; NO VOLVEMOS <\/span><\/b><\/span><span style=\"background-color: white\"><a href=\"https:\/\/lh3.googleusercontent.com\/-h1GpoPaC1mo\/VagXtmE9jWI\/AAAAAAAAMaI\/gVkp2dwFo8g\/s712-Ic42\/encabezado-osyplp.jpg\"><\/a><\/span><a href=\"https:\/\/lh3.googleusercontent.com\/-h1GpoPaC1mo\/VagXtmE9jWI\/AAAAAAAAMaI\/gVkp2dwFo8g\/s712-Ic42\/encabezado-osyplp.jpg\" style=\"background-color: white;clear: left;margin-bottom: 1em;margin-right: 1em;text-align: justify\"><img loading=\"lazy\" decoding=\"async\" border=\"0\" height=\"65\" src=\"https:\/\/lh3.googleusercontent.com\/-h1GpoPaC1mo\/VagXtmE9jWI\/AAAAAAAAMaI\/gVkp2dwFo8g\/s712-Ic42\/encabezado-osyplp.jpg\" width=\"400\" \/><\/a><\/p>\n<div style=\"background-color: white;text-align: justify\"><span style=\"font-family: Verdana, sans-serif\">Somos de aquellos movimientos y organizaciones que nacimos en los 90\u2019 en la lucha por sobrevivir, para organizar la resistencia popular contra el neoliberalismo que atacaba nuestra regi\u00f3n y a nuestros pueblos.<\/span><\/div>\n<div style=\"background-color: white;text-align: justify\"><span style=\"font-family: Verdana, sans-serif\">Ah\u00ed aprendimos el valor de la solidaridad, de compartir lo que faltaba, de unirnos para luchar por que alcance para todos.&nbsp;<\/span><\/div>\n<div style=\"background-color: white;text-align: justify\"><span style=\"font-family: Verdana, sans-serif\">Tambi\u00e9n aprendimos que sin participaci\u00f3n, protagonismo y organizaci\u00f3n popular nada se pod\u00eda conquistar y mucho menos defender, para no volver atr\u00e1s. Nuestras organizaciones fueron escuelas de democracias de nuevo tipo.&nbsp;<\/span><\/div>\n<div style=\"background-color: white;text-align: justify\"><span style=\"font-family: Verdana, sans-serif\">As\u00ed aprendimos que hay solo 2 veredas, la del pueblo o la de la oligarqu\u00eda, la de la Patria Grande o la del Imperio. Y nunca dudamos que nuestro destino iba de la mano del proyecto emancipador de la Patria Grande.<\/span><\/div>\n<div style=\"background-color: white;text-align: justify\"><span style=\"font-family: Verdana, sans-serif\">Entonces decidimos empezar a llamarnos \u201cOrganizaci\u00f3n Social y Pol\u00edtica\u201d. Y nuestros compa\u00f1eros comenzaron a formarse para aportar a los destinos de la patria, como otros hermanos comenzaban a hacerlo con Evo en Bolivia, con Ch\u00e1vez en Venezuela, y en cada proceso anticapitalista que se fue conquistando.&nbsp;<\/span><\/div>\n<div style=\"background-color: white;text-align: justify\"><span style=\"font-family: Verdana, sans-serif\">Cuando N\u00e9stor baj\u00f3 el cuadro y reivindic\u00f3 nuestras luchas no dudamos en sumarnos, porque ese era nuestro proyecto. Y juntos fuimos a Mar del Plata a decirle a Bush NO AL ALCA, y luego fuimos a bloquear las Shell para garantizar la soberan\u00eda energ\u00e9tica. Cuando fue la 125 estuvimos en la primera l\u00ednea defendiendo la Plaza del pueblo, en las estaciones y los barrios debatimos con los nuestros, dando la batalla de ideas cara a cara&#8230;<\/span><\/div>\n<div style=\"background-color: white;text-align: justify\"><span style=\"font-family: Verdana, sans-serif\">Ha pasado tanta agua bajo el puente, mucha de esa frescura se perdi\u00f3 atr\u00e1s de escritorios, trajes, tecn\u00f3cratas y bur\u00f3cratas, pero nadie nos quitar\u00e1 ni evitar\u00e1 a nuestro Pueblo movilizado empujando las transformaciones. No tenemos ninguna duda: nuestro pueblo no permitir\u00e1 que le arrebaten ninguna conquista. Igual que hace 170 a\u00f1os cuando los patriotas enfrentaron al Imperio en la Vuelta de Obligado, comienza una nueva batalla en defensa de nuestra soberan\u00eda:&nbsp;<b>La Batalla Patri\u00f3tica del 22 de noviembre.<\/b><\/span><\/div>\n<div style=\"background-color: white;text-align: justify\"><span style=\"font-family: Verdana, sans-serif\">Macri hace a\u00f1os construye una Ciudad de Buenos Aires para la \u00e9lite. Expulsa y excluye a nuestro pueblo humilde, construye nuevamente una ciudad de minor\u00edas privilegiadas. Hoy quiere llevar este proyecto al pa\u00eds y a la regi\u00f3n. Somos de esas organizaciones que no tranzaron y resistieron cada una de sus medidas: el Distrito de las Artes, los desalojos de las viviendas, la privatizaci\u00f3n de los parques, la represi\u00f3n en el Borda.&nbsp;<\/span><\/div>\n<div style=\"background-color: white;text-align: justify\"><span style=\"font-family: Verdana, sans-serif\">Con Scioli en el gobierno tenemos mejores condiciones de hacer valer la agenda de la Naci\u00f3n, del pueblo y sus organizaciones. Macri es la vereda de la oligarqu\u00eda, de la patria financiera, del Imperio. Con Macri s\u00f3lo queda esperar una nueva d\u00e9cada de miseria y muerte de los nuestros. &nbsp;<\/span><\/div>\n<div style=\"background-color: white;text-align: justify\"><span style=\"font-family: Verdana, sans-serif\">El futuro del Proyecto Nacional y Popular hoy est\u00e1 en manos de nuestro pueblo. Quedan 25 d\u00edas para una batalla patri\u00f3tica ineludible y decimos nuevamente \u00a1Presente! Llamamos a todos a sumarse a esta lucha, m\u00e1s descamisados que nunca, m\u00e1s piqueteros que nunca, otra vez m\u00e1s desde el subsuelo de la Patria.<\/span><\/div>\n<div style=\"background-color: white;text-align: justify\"><span style=\"font-family: Verdana, sans-serif\">Nos autoconvocamos junto a nuestro pueblo a meter las patas en la fuente para hacer realidad lo que el Papa Francisco nos alerta:&nbsp;<i>\u00abEste sistema no da m\u00e1s&#8230;\u00a1Ning\u00fan campesino sin tierra, ninguna familia sin techo,ning\u00fan trabajador sin derechos!\u00bb<\/i><\/span><\/div>\n<div style=\"background-color: white;margin-bottom: 0cm;text-align: justify\"><span style=\"font-family: Verdana, sans-serif\">ARGENTINA, 29 DE OCTUBRE DE 2015<\/span><\/div>\n<div style=\"background-color: white;margin-bottom: 0cm;text-align: justify\"><b style=\"color: #073763;font-family: Verdana, sans-serif;line-height: 23px;text-align: center\"><span style=\"font-size: large\">POR TODO LO QUE FALTA&#8230;<\/span><\/b><\/div>\n<div style=\"background-color: white;margin-bottom: 0cm;text-align: justify\"><b style=\"color: #073763;font-family: Verdana, sans-serif;text-align: left\"><span style=\"font-size: large;line-height: 23px\">EL 22 VOTAMOS SCIOLI<\/span><\/b><br \/><b style=\"color: #073763;font-family: Verdana, sans-serif;text-align: left\"><span style=\"font-size: large;line-height: 23px\">\u00a1AC\u00c1 NO SE RINDE NADIE!<\/span><\/b><\/div>\n<div style=\"background-color: white;margin-bottom: 0cm;text-align: justify\"><a href=\"https:\/\/lh3.googleusercontent.com\/-grtDd0voWI0\/VagX7bQLrLI\/AAAAAAAAMaM\/PTlqzqWmh84\/s712-Ic42\/pie-osyplp.jpg\" style=\"clear: left;margin-bottom: 1em;margin-right: 1em\"><img loading=\"lazy\" decoding=\"async\" border=\"0\" height=\"125\" src=\"https:\/\/lh3.googleusercontent.com\/-grtDd0voWI0\/VagX7bQLrLI\/AAAAAAAAMaM\/PTlqzqWmh84\/s712-Ic42\/pie-osyplp.jpg\" style=\"font-family: Verdana, sans-serif;text-align: left\" width=\"400\" \/><\/a><\/div>\n","protected":false},"excerpt":{"rendered":"<p>MISERIA = MACRI = MUERTEA LOS 90&#8242; NO VOLVEMOS Somos de aquellos movimientos y organizaciones que nacimos en los 90\u2019 en la lucha por sobrevivir, para organizar la resistencia popular contra el neoliberalismo que atacaba nuestra regi\u00f3n y a nuestros pueblos. Ah\u00ed aprendimos el valor de la solidaridad, de compartir lo que faltaba, de unirnos [&hellip;]<\/p>\n","protected":false},"author":4,"featured_media":0,"comment_status":"open","ping_status":"open","sticky":false,"template":"","format":"standard","meta":{"_monsterinsights_skip_tracking":false,"_monsterinsights_sitenote_active":false,"_monsterinsights_sitenote_note":"","_monsterinsights_sitenote_category":0,"jnews-multi-image_gallery":[],"jnews_single_post":[],"jnews_primary_category":[],"_joinchat":[],"footnotes":""},"categories":[1],"tags":[],"class_list":["post-1640","post","type-post","status-publish","format-standard","hentry","category-habitat"],"_links":{"self":[{"href":"http:\/\/fmriachuelo.it10.com.ar\/index.php\/wp-json\/wp\/v2\/posts\/1640","targetHints":{"allow":["GET"]}}],"collection":[{"href":"http:\/\/fmriachuelo.it10.com.ar\/index.php\/wp-json\/wp\/v2\/posts"}],"about":[{"href":"http:\/\/fmriachuelo.it10.com.ar\/index.php\/wp-json\/wp\/v2\/types\/post"}],"author":[{"embeddable":true,"href":"http:\/\/fmriachuelo.it10.com.ar\/index.php\/wp-json\/wp\/v2\/users\/4"}],"replies":[{"embeddable":true,"href":"http:\/\/fmriachuelo.it10.com.ar\/index.php\/wp-json\/wp\/v2\/comments?post=1640"}],"version-history":[{"count":0,"href":"http:\/\/fmriachuelo.it10.com.ar\/index.php\/wp-json\/wp\/v2\/posts\/1640\/revisions"}],"wp:attachment":[{"href":"http:\/\/fmriachuelo.it10.com.ar\/index.php\/wp-json\/wp\/v2\/media?parent=1640"}],"wp:term":[{"taxonomy":"category","embeddable":true,"href":"http:\/\/fmriachuelo.it10.com.ar\/index.php\/wp-json\/wp\/v2\/categories?post=1640"},{"taxonomy":"post_tag","embeddable":true,"href":"http:\/\/fmriachuelo.it10.com.ar\/index.php\/wp-json\/wp\/v2\/tags?post=1640"}],"curies":[{"name":"wp","href":"https:\/\/api.w.org\/{rel}","templated":true}]}}